{"id":7386,"date":"2025-12-23T00:11:58","date_gmt":"2025-12-23T00:11:58","guid":{"rendered":"https:\/\/munisanjuansac.org\/msj\/?p=7386"},"modified":"2025-12-23T00:13:35","modified_gmt":"2025-12-23T00:13:35","slug":"el-alcalde-juan-carlos-pellecer-fortalece-la-capacidad-operativa-de-san-juan-sacatepequez-con-nueva-maquinaria-municipal","status":"publish","type":"post","link":"https:\/\/munisanjuansac.org\/msj\/el-alcalde-juan-carlos-pellecer-fortalece-la-capacidad-operativa-de-san-juan-sacatepequez-con-nueva-maquinaria-municipal\/","title":{"rendered":"El alcalde Juan Carlos Pellecer fortalece la capacidad operativa de San Juan Sacatep\u00e9quez con nueva maquinaria municipal"},"content":{"rendered":"<p>La Municipalidad de San Juan Sacatep\u00e9quez contin\u00faa avanzando en el fortalecimiento de los servicios municipales con la adquisici\u00f3n de nueva maquinaria pesada, la cual permitir\u00e1 atender de manera m\u00e1s eficiente los trabajos de infraestructura y desarrollo en todo el municipio.<\/p>\n<p>&nbsp;<\/p>\n<p>Entre los nuevos equipos se cuenta con nueva maquinaria pesada, lo que representa un importante logro, ya que anteriormente este servicio deb\u00eda ser rentado. A partir de ahora, la municipalidad cuenta con su propio equipo, optimizando recursos y permitiendo enfrentar de mejor manera los retos que se presentar\u00e1n en el a\u00f1o 2026, siempre con el objetivo de servir a la comunidad.<\/p>\n<p>Asimismo, se incorporan <strong>camiones de volteo con cama de 12 metros<\/strong>, los cuales fortalecer\u00e1n las labores de acarreo de materiales en proyectos municipales. Tambi\u00e9n se dispone ahora de una <strong>pipa de agua municipal<\/strong>, fundamental para la preparaci\u00f3n de bases en calles previo a los trabajos de pavimentaci\u00f3n. Antes, el abastecimiento de agua se realizaba mediante cisternas rentadas; hoy, la municipalidad cuenta con su propio equipo, el cual tambi\u00e9n estar\u00e1 disponible para atender <strong>emergencias o incidentes<\/strong> que as\u00ed lo requieran.<\/p>\n<p>La municipalidad tambi\u00e9n ha integrado <strong>autoconcreteras con capacidad de 5 metros c\u00fabicos<\/strong>, que servir\u00e1n de apoyo en los convenios comunitarios para la entrega de cemento. Con esta nueva etapa, adem\u00e1s del material, ahora se podr\u00e1 brindar <strong>servicio de maquinaria<\/strong>, logrando un mayor impacto en las obras ejecutadas.<\/p>\n<p>De igual forma, el parque de maquinaria se refuerza con un <strong>rodillo compactador<\/strong>, indispensable en la construcci\u00f3n de nuevas carreteras, as\u00ed como una <strong>retroexcavadora<\/strong>, que permitir\u00e1 atender diversos trabajos de infraestructura de manera m\u00e1s \u00e1gil y eficiente.<\/p>\n<p>Con esta inversi\u00f3n, la administraci\u00f3n municipal reafirma su compromiso de brindar una <strong>respuesta m\u00e1s directa al vecino<\/strong>, mejorar la calidad de las obras y fortalecer el desarrollo del municipio.<br \/>\nEste nuevo equipo representa un <strong>regalo para el pueblo de San Juan Sacatep\u00e9quez<\/strong>, resultado del buen uso de los impuestos de los ciudadanos, y refuerza la meta para el pr\u00f3ximo a\u00f1o de continuar impulsando el desarrollo integral del municipio.<\/p>\n<p><a href=\"https:\/\/munisanjuansac.org\/msj\/el-alcalde-juan-carlos-pellecer-fortalece-la-capacidad-operativa-de-san-juan-sacatepequez-con-nueva-maquinaria-municipal\/img_4579\/\" rel=\"attachment wp-att-7388\"><img fetchpriority=\"high\" decoding=\"async\" class=\"aligncenter size-full wp-image-7388\" src=\"https:\/\/munisanjuansac.org\/msj\/wp-content\/uploads\/2025\/12\/IMG_4579-scaled.jpg\" alt=\"\" width=\"2560\" height=\"1920\" srcset=\"https:\/\/munisanjuansac.org\/msj\/wp-content\/uploads\/2025\/12\/IMG_4579-scaled.jpg 2560w, https:\/\/munisanjuansac.org\/msj\/wp-content\/uploads\/2025\/12\/IMG_4579-300x225.jpg 300w, https:\/\/munisanjuansac.org\/msj\/wp-content\/uploads\/2025\/12\/IMG_4579-1024x768.jpg 1024w, https:\/\/munisanjuansac.org\/msj\/wp-content\/uploads\/2025\/12\/IMG_4579-768x576.jpg 768w, https:\/\/munisanjuansac.org\/msj\/wp-content\/uploads\/2025\/12\/IMG_4579-1536x1152.jpg 1536w, https:\/\/munisanjuansac.org\/msj\/wp-content\/uploads\/2025\/12\/IMG_4579-2048x1536.jpg 2048w, https:\/\/munisanjuansac.org\/msj\/wp-content\/uploads\/2025\/12\/IMG_4579-600x450.jpg 600w\" sizes=\"(max-width: 2560px) 100vw, 2560px\" \/><\/a> <a href=\"https:\/\/munisanjuansac.org\/msj\/el-alcalde-juan-carlos-pellecer-fortalece-la-capacidad-operativa-de-san-juan-sacatepequez-con-nueva-maquinaria-municipal\/img_4599\/\" rel=\"attachment wp-att-7389\"><img decoding=\"async\" class=\"aligncenter size-full wp-image-7389\" src=\"https:\/\/munisanjuansac.org\/msj\/wp-content\/uploads\/2025\/12\/IMG_4599-scaled.jpg\" alt=\"\" width=\"2560\" height=\"1920\" srcset=\"https:\/\/munisanjuansac.org\/msj\/wp-content\/uploads\/2025\/12\/IMG_4599-scaled.jpg 2560w, https:\/\/munisanjuansac.org\/msj\/wp-content\/uploads\/2025\/12\/IMG_4599-300x225.jpg 300w, https:\/\/munisanjuansac.org\/msj\/wp-content\/uploads\/2025\/12\/IMG_4599-1024x768.jpg 1024w, https:\/\/munisanjuansac.org\/msj\/wp-content\/uploads\/2025\/12\/IMG_4599-768x576.jpg 768w, https:\/\/munisanjuansac.org\/msj\/wp-content\/uploads\/2025\/12\/IMG_4599-1536x1152.jpg 1536w, https:\/\/munisanjuansac.org\/msj\/wp-content\/uploads\/2025\/12\/IMG_4599-2048x1536.jpg 2048w, https:\/\/munisanjuansac.org\/msj\/wp-content\/uploads\/2025\/12\/IMG_4599-600x450.jpg 600w\" sizes=\"(max-width: 2560px) 100vw, 2560px\" \/><\/a> <a href=\"https:\/\/munisanjuansac.org\/msj\/el-alcalde-juan-carlos-pellecer-fortalece-la-capacidad-operativa-de-san-juan-sacatepequez-con-nueva-maquinaria-municipal\/img_4600\/\" rel=\"attachment wp-att-7390\"><img decoding=\"async\" class=\"aligncenter size-full wp-image-7390\" src=\"https:\/\/munisanjuansac.org\/msj\/wp-content\/uploads\/2025\/12\/IMG_4600-scaled.jpg\" alt=\"\" width=\"2560\" height=\"1920\" srcset=\"https:\/\/munisanjuansac.org\/msj\/wp-content\/uploads\/2025\/12\/IMG_4600-scaled.jpg 2560w, https:\/\/munisanjuansac.org\/msj\/wp-content\/uploads\/2025\/12\/IMG_4600-300x225.jpg 300w, https:\/\/munisanjuansac.org\/msj\/wp-content\/uploads\/2025\/12\/IMG_4600-1024x768.jpg 1024w, https:\/\/munisanjuansac.org\/msj\/wp-content\/uploads\/2025\/12\/IMG_4600-768x576.jpg 768w, https:\/\/munisanjuansac.org\/msj\/wp-content\/uploads\/2025\/12\/IMG_4600-1536x1152.jpg 1536w, https:\/\/munisanjuansac.org\/msj\/wp-content\/uploads\/2025\/12\/IMG_4600-2048x1536.jpg 2048w, https:\/\/munisanjuansac.org\/msj\/wp-content\/uploads\/2025\/12\/IMG_4600-600x450.jpg 600w\" sizes=\"(max-width: 2560px) 100vw, 2560px\" \/><\/a> <a href=\"https:\/\/munisanjuansac.org\/msj\/el-alcalde-juan-carlos-pellecer-fortalece-la-capacidad-operativa-de-san-juan-sacatepequez-con-nueva-maquinaria-municipal\/img_4536\/\" rel=\"attachment wp-att-7391\"><img loading=\"lazy\" decoding=\"async\" class=\"aligncenter size-full wp-image-7391\" src=\"https:\/\/munisanjuansac.org\/msj\/wp-content\/uploads\/2025\/12\/IMG_4536-scaled.jpg\" alt=\"\" width=\"2560\" height=\"1920\" srcset=\"https:\/\/munisanjuansac.org\/msj\/wp-content\/uploads\/2025\/12\/IMG_4536-scaled.jpg 2560w, https:\/\/munisanjuansac.org\/msj\/wp-content\/uploads\/2025\/12\/IMG_4536-300x225.jpg 300w, https:\/\/munisanjuansac.org\/msj\/wp-content\/uploads\/2025\/12\/IMG_4536-1024x768.jpg 1024w, https:\/\/munisanjuansac.org\/msj\/wp-content\/uploads\/2025\/12\/IMG_4536-768x576.jpg 768w, https:\/\/munisanjuansac.org\/msj\/wp-content\/uploads\/2025\/12\/IMG_4536-1536x1152.jpg 1536w, https:\/\/munisanjuansac.org\/msj\/wp-content\/uploads\/2025\/12\/IMG_4536-2048x1536.jpg 2048w, https:\/\/munisanjuansac.org\/msj\/wp-content\/uploads\/2025\/12\/IMG_4536-600x450.jpg 600w\" sizes=\"(max-width: 2560px) 100vw, 2560px\" \/><\/a> <a href=\"https:\/\/munisanjuansac.org\/msj\/el-alcalde-juan-carlos-pellecer-fortalece-la-capacidad-operativa-de-san-juan-sacatepequez-con-nueva-maquinaria-municipal\/img_4551\/\" rel=\"attachment wp-att-7392\"><img loading=\"lazy\" decoding=\"async\" class=\"aligncenter size-full wp-image-7392\" src=\"https:\/\/munisanjuansac.org\/msj\/wp-content\/uploads\/2025\/12\/IMG_4551-scaled.jpg\" alt=\"\" width=\"2560\" height=\"1920\" srcset=\"https:\/\/munisanjuansac.org\/msj\/wp-content\/uploads\/2025\/12\/IMG_4551-scaled.jpg 2560w, https:\/\/munisanjuansac.org\/msj\/wp-content\/uploads\/2025\/12\/IMG_4551-300x225.jpg 300w, https:\/\/munisanjuansac.org\/msj\/wp-content\/uploads\/2025\/12\/IMG_4551-1024x768.jpg 1024w, https:\/\/munisanjuansac.org\/msj\/wp-content\/uploads\/2025\/12\/IMG_4551-768x576.jpg 768w, https:\/\/munisanjuansac.org\/msj\/wp-content\/uploads\/2025\/12\/IMG_4551-1536x1152.jpg 1536w, https:\/\/munisanjuansac.org\/msj\/wp-content\/uploads\/2025\/12\/IMG_4551-2048x1536.jpg 2048w, https:\/\/munisanjuansac.org\/msj\/wp-content\/uploads\/2025\/12\/IMG_4551-600x450.jpg 600w\" sizes=\"(max-width: 2560px) 100vw, 2560px\" \/><\/a> <a href=\"https:\/\/munisanjuansac.org\/msj\/el-alcalde-juan-carlos-pellecer-fortalece-la-capacidad-operativa-de-san-juan-sacatepequez-con-nueva-maquinaria-municipal\/img_4540\/\" rel=\"attachment wp-att-7394\"><img loading=\"lazy\" decoding=\"async\" class=\"aligncenter size-full wp-image-7394\" src=\"https:\/\/munisanjuansac.org\/msj\/wp-content\/uploads\/2025\/12\/IMG_4540-scaled.jpg\" alt=\"\" width=\"2560\" height=\"1920\" srcset=\"https:\/\/munisanjuansac.org\/msj\/wp-content\/uploads\/2025\/12\/IMG_4540-scaled.jpg 2560w, https:\/\/munisanjuansac.org\/msj\/wp-content\/uploads\/2025\/12\/IMG_4540-300x225.jpg 300w, https:\/\/munisanjuansac.org\/msj\/wp-content\/uploads\/2025\/12\/IMG_4540-1024x768.jpg 1024w, https:\/\/munisanjuansac.org\/msj\/wp-content\/uploads\/2025\/12\/IMG_4540-768x576.jpg 768w, https:\/\/munisanjuansac.org\/msj\/wp-content\/uploads\/2025\/12\/IMG_4540-1536x1152.jpg 1536w, https:\/\/munisanjuansac.org\/msj\/wp-content\/uploads\/2025\/12\/IMG_4540-2048x1536.jpg 2048w, https:\/\/munisanjuansac.org\/msj\/wp-content\/uploads\/2025\/12\/IMG_4540-600x450.jpg 600w\" sizes=\"(max-width: 2560px) 100vw, 2560px\" \/><\/a> <a href=\"https:\/\/munisanjuansac.org\/msj\/el-alcalde-juan-carlos-pellecer-fortalece-la-capacidad-operativa-de-san-juan-sacatepequez-con-nueva-maquinaria-municipal\/img_4533\/\" rel=\"attachment wp-att-7396\"><img loading=\"lazy\" decoding=\"async\" class=\"aligncenter size-full wp-image-7396\" src=\"https:\/\/munisanjuansac.org\/msj\/wp-content\/uploads\/2025\/12\/IMG_4533-scaled.jpg\" alt=\"\" width=\"2560\" height=\"1920\" srcset=\"https:\/\/munisanjuansac.org\/msj\/wp-content\/uploads\/2025\/12\/IMG_4533-scaled.jpg 2560w, https:\/\/munisanjuansac.org\/msj\/wp-content\/uploads\/2025\/12\/IMG_4533-300x225.jpg 300w, https:\/\/munisanjuansac.org\/msj\/wp-content\/uploads\/2025\/12\/IMG_4533-1024x768.jpg 1024w, https:\/\/munisanjuansac.org\/msj\/wp-content\/uploads\/2025\/12\/IMG_4533-768x576.jpg 768w, https:\/\/munisanjuansac.org\/msj\/wp-content\/uploads\/2025\/12\/IMG_4533-1536x1152.jpg 1536w, https:\/\/munisanjuansac.org\/msj\/wp-content\/uploads\/2025\/12\/IMG_4533-2048x1536.jpg 2048w, https:\/\/munisanjuansac.org\/msj\/wp-content\/uploads\/2025\/12\/IMG_4533-600x450.jpg 600w\" sizes=\"(max-width: 2560px) 100vw, 2560px\" \/><\/a> <a href=\"https:\/\/munisanjuansac.org\/msj\/el-alcalde-juan-carlos-pellecer-fortalece-la-capacidad-operativa-de-san-juan-sacatepequez-con-nueva-maquinaria-municipal\/img_4534\/\" rel=\"attachment wp-att-7397\"><img loading=\"lazy\" decoding=\"async\" class=\"aligncenter size-full wp-image-7397\" src=\"https:\/\/munisanjuansac.org\/msj\/wp-content\/uploads\/2025\/12\/IMG_4534-scaled.jpg\" alt=\"\" width=\"1920\" height=\"2560\" srcset=\"https:\/\/munisanjuansac.org\/msj\/wp-content\/uploads\/2025\/12\/IMG_4534-scaled.jpg 1920w, https:\/\/munisanjuansac.org\/msj\/wp-content\/uploads\/2025\/12\/IMG_4534-225x300.jpg 225w, https:\/\/munisanjuansac.org\/msj\/wp-content\/uploads\/2025\/12\/IMG_4534-768x1024.jpg 768w, https:\/\/munisanjuansac.org\/msj\/wp-content\/uploads\/2025\/12\/IMG_4534-1152x1536.jpg 1152w, https:\/\/munisanjuansac.org\/msj\/wp-content\/uploads\/2025\/12\/IMG_4534-1536x2048.jpg 1536w, https:\/\/munisanjuansac.org\/msj\/wp-content\/uploads\/2025\/12\/IMG_4534-600x800.jpg 600w\" sizes=\"(max-width: 1920px) 100vw, 1920px\" \/><\/a> <a href=\"https:\/\/munisanjuansac.org\/msj\/el-alcalde-juan-carlos-pellecer-fortalece-la-capacidad-operativa-de-san-juan-sacatepequez-con-nueva-maquinaria-municipal\/img_4535\/\" rel=\"attachment wp-att-7398\"><img loading=\"lazy\" decoding=\"async\" class=\"aligncenter size-full wp-image-7398\" src=\"https:\/\/munisanjuansac.org\/msj\/wp-content\/uploads\/2025\/12\/IMG_4535-scaled.jpg\" alt=\"\" width=\"2560\" height=\"1920\" srcset=\"https:\/\/munisanjuansac.org\/msj\/wp-content\/uploads\/2025\/12\/IMG_4535-scaled.jpg 2560w, https:\/\/munisanjuansac.org\/msj\/wp-content\/uploads\/2025\/12\/IMG_4535-300x225.jpg 300w, https:\/\/munisanjuansac.org\/msj\/wp-content\/uploads\/2025\/12\/IMG_4535-1024x768.jpg 1024w, https:\/\/munisanjuansac.org\/msj\/wp-content\/uploads\/2025\/12\/IMG_4535-768x576.jpg 768w, https:\/\/munisanjuansac.org\/msj\/wp-content\/uploads\/2025\/12\/IMG_4535-1536x1152.jpg 1536w, https:\/\/munisanjuansac.org\/msj\/wp-content\/uploads\/2025\/12\/IMG_4535-2048x1536.jpg 2048w, https:\/\/munisanjuansac.org\/msj\/wp-content\/uploads\/2025\/12\/IMG_4535-600x450.jpg 600w\" sizes=\"(max-width: 2560px) 100vw, 2560px\" \/><\/a> <a href=\"https:\/\/munisanjuansac.org\/msj\/el-alcalde-juan-carlos-pellecer-fortalece-la-capacidad-operativa-de-san-juan-sacatepequez-con-nueva-maquinaria-municipal\/img_4531\/\" rel=\"attachment wp-att-7399\"><img loading=\"lazy\" decoding=\"async\" class=\"aligncenter size-full wp-image-7399\" src=\"https:\/\/munisanjuansac.org\/msj\/wp-content\/uploads\/2025\/12\/IMG_4531-scaled.jpg\" alt=\"\" width=\"2560\" height=\"1920\" srcset=\"https:\/\/munisanjuansac.org\/msj\/wp-content\/uploads\/2025\/12\/IMG_4531-scaled.jpg 2560w, https:\/\/munisanjuansac.org\/msj\/wp-content\/uploads\/2025\/12\/IMG_4531-300x225.jpg 300w, https:\/\/munisanjuansac.org\/msj\/wp-content\/uploads\/2025\/12\/IMG_4531-1024x768.jpg 1024w, https:\/\/munisanjuansac.org\/msj\/wp-content\/uploads\/2025\/12\/IMG_4531-768x576.jpg 768w, https:\/\/munisanjuansac.org\/msj\/wp-content\/uploads\/2025\/12\/IMG_4531-1536x1152.jpg 1536w, https:\/\/munisanjuansac.org\/msj\/wp-content\/uploads\/2025\/12\/IMG_4531-2048x1536.jpg 2048w, https:\/\/munisanjuansac.org\/msj\/wp-content\/uploads\/2025\/12\/IMG_4531-600x450.jpg 600w\" sizes=\"(max-width: 2560px) 100vw, 2560px\" \/><\/a> <a href=\"https:\/\/munisanjuansac.org\/msj\/el-alcalde-juan-carlos-pellecer-fortalece-la-capacidad-operativa-de-san-juan-sacatepequez-con-nueva-maquinaria-municipal\/img_4532\/\" rel=\"attachment wp-att-7400\"><img loading=\"lazy\" decoding=\"async\" class=\"aligncenter size-full wp-image-7400\" src=\"https:\/\/munisanjuansac.org\/msj\/wp-content\/uploads\/2025\/12\/IMG_4532-scaled.jpg\" alt=\"\" width=\"2560\" height=\"1920\" srcset=\"https:\/\/munisanjuansac.org\/msj\/wp-content\/uploads\/2025\/12\/IMG_4532-scaled.jpg 2560w, https:\/\/munisanjuansac.org\/msj\/wp-content\/uploads\/2025\/12\/IMG_4532-300x225.jpg 300w, https:\/\/munisanjuansac.org\/msj\/wp-content\/uploads\/2025\/12\/IMG_4532-1024x768.jpg 1024w, https:\/\/munisanjuansac.org\/msj\/wp-content\/uploads\/2025\/12\/IMG_4532-768x576.jpg 768w, https:\/\/munisanjuansac.org\/msj\/wp-content\/uploads\/2025\/12\/IMG_4532-1536x1152.jpg 1536w, https:\/\/munisanjuansac.org\/msj\/wp-content\/uploads\/2025\/12\/IMG_4532-2048x1536.jpg 2048w, https:\/\/munisanjuansac.org\/msj\/wp-content\/uploads\/2025\/12\/IMG_4532-600x450.jpg 600w\" sizes=\"(max-width: 2560px) 100vw, 2560px\" \/><\/a> <a href=\"https:\/\/munisanjuansac.org\/msj\/el-alcalde-juan-carlos-pellecer-fortalece-la-capacidad-operativa-de-san-juan-sacatepequez-con-nueva-maquinaria-municipal\/img_4527\/\" rel=\"attachment wp-att-7401\"><img loading=\"lazy\" decoding=\"async\" class=\"aligncenter size-full wp-image-7401\" src=\"https:\/\/munisanjuansac.org\/msj\/wp-content\/uploads\/2025\/12\/IMG_4527-scaled.jpg\" alt=\"\" width=\"2560\" height=\"1920\" srcset=\"https:\/\/munisanjuansac.org\/msj\/wp-content\/uploads\/2025\/12\/IMG_4527-scaled.jpg 2560w, https:\/\/munisanjuansac.org\/msj\/wp-content\/uploads\/2025\/12\/IMG_4527-300x225.jpg 300w, https:\/\/munisanjuansac.org\/msj\/wp-content\/uploads\/2025\/12\/IMG_4527-1024x768.jpg 1024w, https:\/\/munisanjuansac.org\/msj\/wp-content\/uploads\/2025\/12\/IMG_4527-768x576.jpg 768w, https:\/\/munisanjuansac.org\/msj\/wp-content\/uploads\/2025\/12\/IMG_4527-1536x1152.jpg 1536w, https:\/\/munisanjuansac.org\/msj\/wp-content\/uploads\/2025\/12\/IMG_4527-2048x1536.jpg 2048w, https:\/\/munisanjuansac.org\/msj\/wp-content\/uploads\/2025\/12\/IMG_4527-600x450.jpg 600w\" sizes=\"(max-width: 2560px) 100vw, 2560px\" \/><\/a><\/p>\n","protected":false},"excerpt":{"rendered":"<p>La Municipalidad de San Juan Sacatep\u00e9quez contin\u00faa avanzando en el fortalecimiento de los servicios municipales con la adquisici\u00f3n de nueva maquinaria pesada, la cual permitir\u00e1 atender de manera m\u00e1s eficiente&hellip;<\/p>\n","protected":false},"author":5,"featured_media":7394,"comment_status":"closed","ping_status":"closed","sticky":false,"template":"","format":"standard","meta":{"footnotes":""},"categories":[9,1],"tags":[],"class_list":["post-7386","post","type-post","status-publish","format-standard","has-post-thumbnail","hentry","category-proyectos","category-salud"],"yoast_head":"<!-- This site is optimized with the Yoast SEO plugin v22.0 - https:\/\/yoast.com\/wordpress\/plugins\/seo\/ -->\n<title>El alcalde Juan Carlos Pellecer fortalece la capacidad operativa de San Juan Sacatep\u00e9quez con nueva maquinaria municipal - Municipalidad de San Juan Sacatep\u00e9quez<\/title>\n<meta name=\"robots\" content=\"index, follow, max-snippet:-1, max-image-preview:large, max-video-preview:-1\" \/>\n<link rel=\"canonical\" href=\"https:\/\/munisanjuansac.org\/msj\/el-alcalde-juan-carlos-pellecer-fortalece-la-capacidad-operativa-de-san-juan-sacatepequez-con-nueva-maquinaria-municipal\/\" \/>\n<meta property=\"og:locale\" content=\"es_ES\" \/>\n<meta property=\"og:type\" content=\"article\" \/>\n<meta property=\"og:title\" content=\"El alcalde Juan Carlos Pellecer fortalece la capacidad operativa de San Juan Sacatep\u00e9quez con nueva maquinaria municipal - Municipalidad de San Juan Sacatep\u00e9quez\" \/>\n<meta property=\"og:description\" content=\"La Municipalidad de San Juan Sacatep\u00e9quez contin\u00faa avanzando en el fortalecimiento de los servicios municipales con la adquisici\u00f3n de nueva maquinaria pesada, la cual permitir\u00e1 atender de manera m\u00e1s eficiente&hellip;\" \/>\n<meta property=\"og:url\" content=\"https:\/\/munisanjuansac.org\/msj\/el-alcalde-juan-carlos-pellecer-fortalece-la-capacidad-operativa-de-san-juan-sacatepequez-con-nueva-maquinaria-municipal\/\" \/>\n<meta property=\"og:site_name\" content=\"Municipalidad de San Juan Sacatep\u00e9quez\" \/>\n<meta property=\"article:publisher\" content=\"https:\/\/www.facebook.com\/MunicipalidadSanJuanSacatepequez\" \/>\n<meta property=\"article:published_time\" content=\"2025-12-23T00:11:58+00:00\" \/>\n<meta property=\"article:modified_time\" content=\"2025-12-23T00:13:35+00:00\" \/>\n<meta property=\"og:image\" content=\"https:\/\/munisanjuansac.org\/msj\/wp-content\/uploads\/2025\/12\/IMG_4540-scaled.jpg\" \/>\n\t<meta property=\"og:image:width\" content=\"2560\" \/>\n\t<meta property=\"og:image:height\" content=\"1920\" \/>\n\t<meta property=\"og:image:type\" content=\"image\/jpeg\" \/>\n<meta name=\"author\" content=\"Administrador\" \/>\n<meta name=\"twitter:card\" content=\"summary_large_image\" \/>\n<meta name=\"twitter:creator\" content=\"@SanJuanSacatep1\" \/>\n<meta name=\"twitter:site\" content=\"@SanJuanSacatep1\" \/>\n<meta name=\"twitter:label1\" content=\"Escrito por\" \/>\n\t<meta name=\"twitter:data1\" content=\"Administrador\" \/>\n\t<meta name=\"twitter:label2\" content=\"Tiempo de lectura\" \/>\n\t<meta name=\"twitter:data2\" content=\"5 minutos\" \/>\n<script type=\"application\/ld+json\" class=\"yoast-schema-graph\">{\"@context\":\"https:\/\/schema.org\",\"@graph\":[{\"@type\":\"Article\",\"@id\":\"https:\/\/munisanjuansac.org\/msj\/el-alcalde-juan-carlos-pellecer-fortalece-la-capacidad-operativa-de-san-juan-sacatepequez-con-nueva-maquinaria-municipal\/#article\",\"isPartOf\":{\"@id\":\"https:\/\/munisanjuansac.org\/msj\/el-alcalde-juan-carlos-pellecer-fortalece-la-capacidad-operativa-de-san-juan-sacatepequez-con-nueva-maquinaria-municipal\/\"},\"author\":{\"name\":\"Administrador\",\"@id\":\"https:\/\/munisanjuansac.org\/msj\/#\/schema\/person\/484a895a5cbc0a787bb929e3b7fad0a0\"},\"headline\":\"El alcalde Juan Carlos Pellecer fortalece la capacidad operativa de San Juan Sacatep\u00e9quez con nueva maquinaria municipal\",\"datePublished\":\"2025-12-23T00:11:58+00:00\",\"dateModified\":\"2025-12-23T00:13:35+00:00\",\"mainEntityOfPage\":{\"@id\":\"https:\/\/munisanjuansac.org\/msj\/el-alcalde-juan-carlos-pellecer-fortalece-la-capacidad-operativa-de-san-juan-sacatepequez-con-nueva-maquinaria-municipal\/\"},\"wordCount\":372,\"publisher\":{\"@id\":\"https:\/\/munisanjuansac.org\/msj\/#organization\"},\"articleSection\":[\"PROYECTOS\",\"SALUD\"],\"inLanguage\":\"es\"},{\"@type\":\"WebPage\",\"@id\":\"https:\/\/munisanjuansac.org\/msj\/el-alcalde-juan-carlos-pellecer-fortalece-la-capacidad-operativa-de-san-juan-sacatepequez-con-nueva-maquinaria-municipal\/\",\"url\":\"https:\/\/munisanjuansac.org\/msj\/el-alcalde-juan-carlos-pellecer-fortalece-la-capacidad-operativa-de-san-juan-sacatepequez-con-nueva-maquinaria-municipal\/\",\"name\":\"El alcalde Juan Carlos Pellecer fortalece la capacidad operativa de San Juan Sacatep\u00e9quez con nueva maquinaria municipal - Municipalidad de San Juan Sacatep\u00e9quez\",\"isPartOf\":{\"@id\":\"https:\/\/munisanjuansac.org\/msj\/#website\"},\"datePublished\":\"2025-12-23T00:11:58+00:00\",\"dateModified\":\"2025-12-23T00:13:35+00:00\",\"breadcrumb\":{\"@id\":\"https:\/\/munisanjuansac.org\/msj\/el-alcalde-juan-carlos-pellecer-fortalece-la-capacidad-operativa-de-san-juan-sacatepequez-con-nueva-maquinaria-municipal\/#breadcrumb\"},\"inLanguage\":\"es\",\"potentialAction\":[{\"@type\":\"ReadAction\",\"target\":[\"https:\/\/munisanjuansac.org\/msj\/el-alcalde-juan-carlos-pellecer-fortalece-la-capacidad-operativa-de-san-juan-sacatepequez-con-nueva-maquinaria-municipal\/\"]}]},{\"@type\":\"BreadcrumbList\",\"@id\":\"https:\/\/munisanjuansac.org\/msj\/el-alcalde-juan-carlos-pellecer-fortalece-la-capacidad-operativa-de-san-juan-sacatepequez-con-nueva-maquinaria-municipal\/#breadcrumb\",\"itemListElement\":[{\"@type\":\"ListItem\",\"position\":1,\"name\":\"Portada\",\"item\":\"https:\/\/munisanjuansac.org\/msj\/\"},{\"@type\":\"ListItem\",\"position\":2,\"name\":\"El alcalde Juan Carlos Pellecer fortalece la capacidad operativa de San Juan Sacatep\u00e9quez con nueva maquinaria municipal\"}]},{\"@type\":\"WebSite\",\"@id\":\"https:\/\/munisanjuansac.org\/msj\/#website\",\"url\":\"https:\/\/munisanjuansac.org\/msj\/\",\"name\":\"Municipalidad de San Juan Sacatep\u00e9quez\",\"description\":\"\",\"publisher\":{\"@id\":\"https:\/\/munisanjuansac.org\/msj\/#organization\"},\"potentialAction\":[{\"@type\":\"SearchAction\",\"target\":{\"@type\":\"EntryPoint\",\"urlTemplate\":\"https:\/\/munisanjuansac.org\/msj\/?s={search_term_string}\"},\"query-input\":\"required name=search_term_string\"}],\"inLanguage\":\"es\"},{\"@type\":\"Organization\",\"@id\":\"https:\/\/munisanjuansac.org\/msj\/#organization\",\"name\":\"Municipalidad de San Juan Sacatep\u00e9quez\",\"url\":\"https:\/\/munisanjuansac.org\/msj\/\",\"logo\":{\"@type\":\"ImageObject\",\"inLanguage\":\"es\",\"@id\":\"https:\/\/munisanjuansac.org\/msj\/#\/schema\/logo\/image\/\",\"url\":\"https:\/\/munisanjuansac.org\/msj\/wp-content\/uploads\/2023\/11\/LOGO-45-DE-ANCHO-POR-50-DE-ALTO-DERECHO-E-IZQUIERDO-921x1024.png\",\"contentUrl\":\"https:\/\/munisanjuansac.org\/msj\/wp-content\/uploads\/2023\/11\/LOGO-45-DE-ANCHO-POR-50-DE-ALTO-DERECHO-E-IZQUIERDO-921x1024.png\",\"width\":921,\"height\":1024,\"caption\":\"Municipalidad de San Juan Sacatep\u00e9quez\"},\"image\":{\"@id\":\"https:\/\/munisanjuansac.org\/msj\/#\/schema\/logo\/image\/\"},\"sameAs\":[\"https:\/\/www.facebook.com\/MunicipalidadSanJuanSacatepequez\",\"https:\/\/twitter.com\/SanJuanSacatep1\",\"https:\/\/www.youtube.com\/@municipalidadsanjuansacate2849\/videos\",\"https:\/\/www.tiktok.com\/@munisanjuansac?lang=es\",\"https:\/\/www.tiktok.com\/@jc_pellecer?lang=es\"]},{\"@type\":\"Person\",\"@id\":\"https:\/\/munisanjuansac.org\/msj\/#\/schema\/person\/484a895a5cbc0a787bb929e3b7fad0a0\",\"name\":\"Administrador\",\"image\":{\"@type\":\"ImageObject\",\"inLanguage\":\"es\",\"@id\":\"https:\/\/munisanjuansac.org\/msj\/#\/schema\/person\/image\/\",\"url\":\"https:\/\/munisanjuansac.org\/msj\/wp-content\/uploads\/2025\/08\/escudo-96x96.png\",\"contentUrl\":\"https:\/\/munisanjuansac.org\/msj\/wp-content\/uploads\/2025\/08\/escudo-96x96.png\",\"caption\":\"Administrador\"},\"description\":\"Municipalidad de San Juan Sacatepequez, Guatemala - 2025\",\"url\":\"https:\/\/munisanjuansac.org\/msj\/author\/soporte\/\"}]}<\/script>\n<!-- \/ Yoast SEO plugin. -->","yoast_head_json":{"title":"El alcalde Juan Carlos Pellecer fortalece la capacidad operativa de San Juan Sacatep\u00e9quez con nueva maquinaria municipal - Municipalidad de San Juan Sacatep\u00e9quez","robots":{"index":"index","follow":"follow","max-snippet":"max-snippet:-1","max-image-preview":"max-image-preview:large","max-video-preview":"max-video-preview:-1"},"canonical":"https:\/\/munisanjuansac.org\/msj\/el-alcalde-juan-carlos-pellecer-fortalece-la-capacidad-operativa-de-san-juan-sacatepequez-con-nueva-maquinaria-municipal\/","og_locale":"es_ES","og_type":"article","og_title":"El alcalde Juan Carlos Pellecer fortalece la capacidad operativa de San Juan Sacatep\u00e9quez con nueva maquinaria municipal - Municipalidad de San Juan Sacatep\u00e9quez","og_description":"La Municipalidad de San Juan Sacatep\u00e9quez contin\u00faa avanzando en el fortalecimiento de los servicios municipales con la adquisici\u00f3n de nueva maquinaria pesada, la cual permitir\u00e1 atender de manera m\u00e1s eficiente&hellip;","og_url":"https:\/\/munisanjuansac.org\/msj\/el-alcalde-juan-carlos-pellecer-fortalece-la-capacidad-operativa-de-san-juan-sacatepequez-con-nueva-maquinaria-municipal\/","og_site_name":"Municipalidad de San Juan Sacatep\u00e9quez","article_publisher":"https:\/\/www.facebook.com\/MunicipalidadSanJuanSacatepequez","article_published_time":"2025-12-23T00:11:58+00:00","article_modified_time":"2025-12-23T00:13:35+00:00","og_image":[{"width":2560,"height":1920,"url":"https:\/\/munisanjuansac.org\/msj\/wp-content\/uploads\/2025\/12\/IMG_4540-scaled.jpg","type":"image\/jpeg"}],"author":"Administrador","twitter_card":"summary_large_image","twitter_creator":"@SanJuanSacatep1","twitter_site":"@SanJuanSacatep1","twitter_misc":{"Escrito por":"Administrador","Tiempo de lectura":"5 minutos"},"schema":{"@context":"https:\/\/schema.org","@graph":[{"@type":"Article","@id":"https:\/\/munisanjuansac.org\/msj\/el-alcalde-juan-carlos-pellecer-fortalece-la-capacidad-operativa-de-san-juan-sacatepequez-con-nueva-maquinaria-municipal\/#article","isPartOf":{"@id":"https:\/\/munisanjuansac.org\/msj\/el-alcalde-juan-carlos-pellecer-fortalece-la-capacidad-operativa-de-san-juan-sacatepequez-con-nueva-maquinaria-municipal\/"},"author":{"name":"Administrador","@id":"https:\/\/munisanjuansac.org\/msj\/#\/schema\/person\/484a895a5cbc0a787bb929e3b7fad0a0"},"headline":"El alcalde Juan Carlos Pellecer fortalece la capacidad operativa de San Juan Sacatep\u00e9quez con nueva maquinaria municipal","datePublished":"2025-12-23T00:11:58+00:00","dateModified":"2025-12-23T00:13:35+00:00","mainEntityOfPage":{"@id":"https:\/\/munisanjuansac.org\/msj\/el-alcalde-juan-carlos-pellecer-fortalece-la-capacidad-operativa-de-san-juan-sacatepequez-con-nueva-maquinaria-municipal\/"},"wordCount":372,"publisher":{"@id":"https:\/\/munisanjuansac.org\/msj\/#organization"},"articleSection":["PROYECTOS","SALUD"],"inLanguage":"es"},{"@type":"WebPage","@id":"https:\/\/munisanjuansac.org\/msj\/el-alcalde-juan-carlos-pellecer-fortalece-la-capacidad-operativa-de-san-juan-sacatepequez-con-nueva-maquinaria-municipal\/","url":"https:\/\/munisanjuansac.org\/msj\/el-alcalde-juan-carlos-pellecer-fortalece-la-capacidad-operativa-de-san-juan-sacatepequez-con-nueva-maquinaria-municipal\/","name":"El alcalde Juan Carlos Pellecer fortalece la capacidad operativa de San Juan Sacatep\u00e9quez con nueva maquinaria municipal - Municipalidad de San Juan Sacatep\u00e9quez","isPartOf":{"@id":"https:\/\/munisanjuansac.org\/msj\/#website"},"datePublished":"2025-12-23T00:11:58+00:00","dateModified":"2025-12-23T00:13:35+00:00","breadcrumb":{"@id":"https:\/\/munisanjuansac.org\/msj\/el-alcalde-juan-carlos-pellecer-fortalece-la-capacidad-operativa-de-san-juan-sacatepequez-con-nueva-maquinaria-municipal\/#breadcrumb"},"inLanguage":"es","potentialAction":[{"@type":"ReadAction","target":["https:\/\/munisanjuansac.org\/msj\/el-alcalde-juan-carlos-pellecer-fortalece-la-capacidad-operativa-de-san-juan-sacatepequez-con-nueva-maquinaria-municipal\/"]}]},{"@type":"BreadcrumbList","@id":"https:\/\/munisanjuansac.org\/msj\/el-alcalde-juan-carlos-pellecer-fortalece-la-capacidad-operativa-de-san-juan-sacatepequez-con-nueva-maquinaria-municipal\/#breadcrumb","itemListElement":[{"@type":"ListItem","position":1,"name":"Portada","item":"https:\/\/munisanjuansac.org\/msj\/"},{"@type":"ListItem","position":2,"name":"El alcalde Juan Carlos Pellecer fortalece la capacidad operativa de San Juan Sacatep\u00e9quez con nueva maquinaria municipal"}]},{"@type":"WebSite","@id":"https:\/\/munisanjuansac.org\/msj\/#website","url":"https:\/\/munisanjuansac.org\/msj\/","name":"Municipalidad de San Juan Sacatep\u00e9quez","description":"","publisher":{"@id":"https:\/\/munisanjuansac.org\/msj\/#organization"},"potentialAction":[{"@type":"SearchAction","target":{"@type":"EntryPoint","urlTemplate":"https:\/\/munisanjuansac.org\/msj\/?s={search_term_string}"},"query-input":"required name=search_term_string"}],"inLanguage":"es"},{"@type":"Organization","@id":"https:\/\/munisanjuansac.org\/msj\/#organization","name":"Municipalidad de San Juan Sacatep\u00e9quez","url":"https:\/\/munisanjuansac.org\/msj\/","logo":{"@type":"ImageObject","inLanguage":"es","@id":"https:\/\/munisanjuansac.org\/msj\/#\/schema\/logo\/image\/","url":"https:\/\/munisanjuansac.org\/msj\/wp-content\/uploads\/2023\/11\/LOGO-45-DE-ANCHO-POR-50-DE-ALTO-DERECHO-E-IZQUIERDO-921x1024.png","contentUrl":"https:\/\/munisanjuansac.org\/msj\/wp-content\/uploads\/2023\/11\/LOGO-45-DE-ANCHO-POR-50-DE-ALTO-DERECHO-E-IZQUIERDO-921x1024.png","width":921,"height":1024,"caption":"Municipalidad de San Juan Sacatep\u00e9quez"},"image":{"@id":"https:\/\/munisanjuansac.org\/msj\/#\/schema\/logo\/image\/"},"sameAs":["https:\/\/www.facebook.com\/MunicipalidadSanJuanSacatepequez","https:\/\/twitter.com\/SanJuanSacatep1","https:\/\/www.youtube.com\/@municipalidadsanjuansacate2849\/videos","https:\/\/www.tiktok.com\/@munisanjuansac?lang=es","https:\/\/www.tiktok.com\/@jc_pellecer?lang=es"]},{"@type":"Person","@id":"https:\/\/munisanjuansac.org\/msj\/#\/schema\/person\/484a895a5cbc0a787bb929e3b7fad0a0","name":"Administrador","image":{"@type":"ImageObject","inLanguage":"es","@id":"https:\/\/munisanjuansac.org\/msj\/#\/schema\/person\/image\/","url":"https:\/\/munisanjuansac.org\/msj\/wp-content\/uploads\/2025\/08\/escudo-96x96.png","contentUrl":"https:\/\/munisanjuansac.org\/msj\/wp-content\/uploads\/2025\/08\/escudo-96x96.png","caption":"Administrador"},"description":"Municipalidad de San Juan Sacatepequez, Guatemala - 2025","url":"https:\/\/munisanjuansac.org\/msj\/author\/soporte\/"}]}},"_links":{"self":[{"href":"https:\/\/munisanjuansac.org\/msj\/wp-json\/wp\/v2\/posts\/7386","targetHints":{"allow":["GET"]}}],"collection":[{"href":"https:\/\/munisanjuansac.org\/msj\/wp-json\/wp\/v2\/posts"}],"about":[{"href":"https:\/\/munisanjuansac.org\/msj\/wp-json\/wp\/v2\/types\/post"}],"author":[{"embeddable":true,"href":"https:\/\/munisanjuansac.org\/msj\/wp-json\/wp\/v2\/users\/5"}],"replies":[{"embeddable":true,"href":"https:\/\/munisanjuansac.org\/msj\/wp-json\/wp\/v2\/comments?post=7386"}],"version-history":[{"count":3,"href":"https:\/\/munisanjuansac.org\/msj\/wp-json\/wp\/v2\/posts\/7386\/revisions"}],"predecessor-version":[{"id":7404,"href":"https:\/\/munisanjuansac.org\/msj\/wp-json\/wp\/v2\/posts\/7386\/revisions\/7404"}],"wp:featuredmedia":[{"embeddable":true,"href":"https:\/\/munisanjuansac.org\/msj\/wp-json\/wp\/v2\/media\/7394"}],"wp:attachment":[{"href":"https:\/\/munisanjuansac.org\/msj\/wp-json\/wp\/v2\/media?parent=7386"}],"wp:term":[{"taxonomy":"category","embeddable":true,"href":"https:\/\/munisanjuansac.org\/msj\/wp-json\/wp\/v2\/categories?post=7386"},{"taxonomy":"post_tag","embeddable":true,"href":"https:\/\/munisanjuansac.org\/msj\/wp-json\/wp\/v2\/tags?post=7386"}],"curies":[{"name":"wp","href":"https:\/\/api.w.org\/{rel}","templated":true}]}}