{"id":7369,"date":"2025-10-16T01:23:30","date_gmt":"2025-10-16T01:23:30","guid":{"rendered":"https:\/\/munisanjuansac.org\/msj\/?p=7369"},"modified":"2025-10-16T01:23:31","modified_gmt":"2025-10-16T01:23:31","slug":"san-juan-sacatepequez-conforma-su-comred-para-fortalecer-la-prevencion-y-respuesta-ante-desastre","status":"publish","type":"post","link":"https:\/\/munisanjuansac.org\/msj\/san-juan-sacatepequez-conforma-su-comred-para-fortalecer-la-prevencion-y-respuesta-ante-desastre\/","title":{"rendered":"San Juan Sacatep\u00e9quez conforma su COMRED para fortalecer la prevenci\u00f3n y respuesta ante desastre"},"content":{"rendered":"<p>La Municipalidad de San Juan Sacatep\u00e9quez, bajo el liderazgo del alcalde <strong>Juan Carlos Pellecer<\/strong>, llev\u00f3 a cabo este d\u00eda la <strong>firma de conformaci\u00f3n del Comit\u00e9 Municipal para la Reducci\u00f3n de Desastres (COMRED)<\/strong>, reafirmando su compromiso con la <strong>prevenci\u00f3n, mitigaci\u00f3n y respuesta efectiva ante situaciones de emergencia<\/strong> en el municipio.<\/p>\n<p>El <strong>COMRED<\/strong> es el \u00f3rgano municipal encargado de coordinar acciones de <strong>gesti\u00f3n integral del riesgo<\/strong>, y forma parte del <strong>Sistema Nacional para la Reducci\u00f3n de Desastres (SINRED)<\/strong>, establecido por el <strong>Decreto 109-96, Ley de la CONRED<\/strong>, y su reglamento, <strong>Acuerdo Gubernativo 49-2012<\/strong>.<br \/>\nEste comit\u00e9 est\u00e1 integrado por representantes de instituciones p\u00fablicas, cuerpos de socorro, l\u00edderes comunitarios y organizaciones locales, y es presidido por el alcalde municipal.<\/p>\n<p>Durante el acto, el jefe edil destac\u00f3 la importancia de trabajar de forma organizada y preventiva:<\/p>\n<blockquote><p>&nbsp;<\/p><\/blockquote>\n<p>Cabe resaltar que se han llevado acciones en <strong>trabajos de prevenci\u00f3n en v\u00edas principales<\/strong> del municipio, con el objetivo de <strong>reducir riesgos ocasionados por lluvias y deslaves<\/strong>, garantizando la movilidad y la seguridad de los vecinos.<br \/>\nEstas acciones reflejan la visi\u00f3n de una <strong>municipalidad comprometida con el bienestar priorizando la familia.<\/strong><\/p>\n<p><a href=\"https:\/\/munisanjuansac.org\/msj\/san-juan-sacatepequez-conforma-su-comred-para-fortalecer-la-prevencion-y-respuesta-ante-desastre\/dsc08634\/\" rel=\"attachment wp-att-7374\"><img fetchpriority=\"high\" decoding=\"async\" class=\"aligncenter size-full wp-image-7374\" src=\"https:\/\/munisanjuansac.org\/msj\/wp-content\/uploads\/2025\/10\/DSC08634.jpg\" alt=\"\" width=\"1512\" height=\"1080\" srcset=\"https:\/\/munisanjuansac.org\/msj\/wp-content\/uploads\/2025\/10\/DSC08634.jpg 1512w, https:\/\/munisanjuansac.org\/msj\/wp-content\/uploads\/2025\/10\/DSC08634-300x214.jpg 300w, https:\/\/munisanjuansac.org\/msj\/wp-content\/uploads\/2025\/10\/DSC08634-1024x731.jpg 1024w, https:\/\/munisanjuansac.org\/msj\/wp-content\/uploads\/2025\/10\/DSC08634-768x549.jpg 768w, https:\/\/munisanjuansac.org\/msj\/wp-content\/uploads\/2025\/10\/DSC08634-600x429.jpg 600w\" sizes=\"(max-width: 1512px) 100vw, 1512px\" \/><\/a> <a href=\"https:\/\/munisanjuansac.org\/msj\/san-juan-sacatepequez-conforma-su-comred-para-fortalecer-la-prevencion-y-respuesta-ante-desastre\/dsc08632\/\" rel=\"attachment wp-att-7375\"><img decoding=\"async\" class=\"aligncenter size-full wp-image-7375\" src=\"https:\/\/munisanjuansac.org\/msj\/wp-content\/uploads\/2025\/10\/DSC08632.jpg\" alt=\"\" width=\"1080\" height=\"1512\" srcset=\"https:\/\/munisanjuansac.org\/msj\/wp-content\/uploads\/2025\/10\/DSC08632.jpg 1080w, https:\/\/munisanjuansac.org\/msj\/wp-content\/uploads\/2025\/10\/DSC08632-214x300.jpg 214w, https:\/\/munisanjuansac.org\/msj\/wp-content\/uploads\/2025\/10\/DSC08632-731x1024.jpg 731w, https:\/\/munisanjuansac.org\/msj\/wp-content\/uploads\/2025\/10\/DSC08632-768x1075.jpg 768w, https:\/\/munisanjuansac.org\/msj\/wp-content\/uploads\/2025\/10\/DSC08632-600x840.jpg 600w\" sizes=\"(max-width: 1080px) 100vw, 1080px\" \/><\/a> <a href=\"https:\/\/munisanjuansac.org\/msj\/san-juan-sacatepequez-conforma-su-comred-para-fortalecer-la-prevencion-y-respuesta-ante-desastre\/dsc08630\/\" rel=\"attachment wp-att-7376\"><img decoding=\"async\" class=\"aligncenter size-full wp-image-7376\" src=\"https:\/\/munisanjuansac.org\/msj\/wp-content\/uploads\/2025\/10\/DSC08630.jpg\" alt=\"\" width=\"1512\" height=\"1080\" \/><\/a> <a href=\"https:\/\/munisanjuansac.org\/msj\/san-juan-sacatepequez-conforma-su-comred-para-fortalecer-la-prevencion-y-respuesta-ante-desastre\/dsc08771\/\" rel=\"attachment wp-att-7377\"><img loading=\"lazy\" decoding=\"async\" class=\"aligncenter size-full wp-image-7377\" src=\"https:\/\/munisanjuansac.org\/msj\/wp-content\/uploads\/2025\/10\/DSC08771.jpg\" alt=\"\" width=\"1080\" height=\"1512\" srcset=\"https:\/\/munisanjuansac.org\/msj\/wp-content\/uploads\/2025\/10\/DSC08771.jpg 1080w, https:\/\/munisanjuansac.org\/msj\/wp-content\/uploads\/2025\/10\/DSC08771-214x300.jpg 214w, https:\/\/munisanjuansac.org\/msj\/wp-content\/uploads\/2025\/10\/DSC08771-731x1024.jpg 731w, https:\/\/munisanjuansac.org\/msj\/wp-content\/uploads\/2025\/10\/DSC08771-768x1075.jpg 768w, https:\/\/munisanjuansac.org\/msj\/wp-content\/uploads\/2025\/10\/DSC08771-600x840.jpg 600w\" sizes=\"(max-width: 1080px) 100vw, 1080px\" \/><\/a><\/p>\n<p>&nbsp;<\/p>\n","protected":false},"excerpt":{"rendered":"<p>La Municipalidad de San Juan Sacatep\u00e9quez, bajo el liderazgo del alcalde Juan Carlos Pellecer, llev\u00f3 a cabo este d\u00eda la firma de conformaci\u00f3n del Comit\u00e9 Municipal para la Reducci\u00f3n de&hellip;<\/p>\n","protected":false},"author":5,"featured_media":7376,"comment_status":"closed","ping_status":"closed","sticky":false,"template":"","format":"standard","meta":{"footnotes":""},"categories":[45],"tags":[],"class_list":["post-7369","post","type-post","status-publish","format-standard","has-post-thumbnail","hentry","category-mi-municipio"],"yoast_head":"<!-- This site is optimized with the Yoast SEO plugin v22.0 - https:\/\/yoast.com\/wordpress\/plugins\/seo\/ -->\n<title>San Juan Sacatep\u00e9quez conforma su COMRED para fortalecer la prevenci\u00f3n y respuesta ante desastre - Municipalidad de San Juan Sacatep\u00e9quez<\/title>\n<meta name=\"description\" content=\"La Municipalidad de San Juan Sacatep\u00e9quez, liderada por el alcalde Juan Carlos Pellecer, conform\u00f3 el Comit\u00e9 Municipal para la Reducci\u00f3n de Desastres (COMRED), fortaleciendo la prevenci\u00f3n y respuesta ante emergencias con acciones de mitigaci\u00f3n en v\u00edas principales del municipio.\" \/>\n<meta name=\"robots\" content=\"index, follow, max-snippet:-1, max-image-preview:large, max-video-preview:-1\" \/>\n<link rel=\"canonical\" href=\"https:\/\/munisanjuansac.org\/msj\/san-juan-sacatepequez-conforma-su-comred-para-fortalecer-la-prevencion-y-respuesta-ante-desastre\/\" \/>\n<meta property=\"og:locale\" content=\"es_ES\" \/>\n<meta property=\"og:type\" content=\"article\" \/>\n<meta property=\"og:title\" content=\"San Juan Sacatep\u00e9quez conforma su COMRED para fortalecer la prevenci\u00f3n y respuesta ante desastre - Municipalidad de San Juan Sacatep\u00e9quez\" \/>\n<meta property=\"og:description\" content=\"La Municipalidad de San Juan Sacatep\u00e9quez, liderada por el alcalde Juan Carlos Pellecer, conform\u00f3 el Comit\u00e9 Municipal para la Reducci\u00f3n de Desastres (COMRED), fortaleciendo la prevenci\u00f3n y respuesta ante emergencias con acciones de mitigaci\u00f3n en v\u00edas principales del municipio.\" \/>\n<meta property=\"og:url\" content=\"https:\/\/munisanjuansac.org\/msj\/san-juan-sacatepequez-conforma-su-comred-para-fortalecer-la-prevencion-y-respuesta-ante-desastre\/\" \/>\n<meta property=\"og:site_name\" content=\"Municipalidad de San Juan Sacatep\u00e9quez\" \/>\n<meta property=\"article:publisher\" content=\"https:\/\/www.facebook.com\/MunicipalidadSanJuanSacatepequez\" \/>\n<meta property=\"article:published_time\" content=\"2025-10-16T01:23:30+00:00\" \/>\n<meta property=\"article:modified_time\" content=\"2025-10-16T01:23:31+00:00\" \/>\n<meta property=\"og:image\" content=\"https:\/\/munisanjuansac.org\/msj\/wp-content\/uploads\/2025\/10\/DSC08630-e1760577791987.jpg\" \/>\n\t<meta property=\"og:image:width\" content=\"1504\" \/>\n\t<meta property=\"og:image:height\" content=\"877\" \/>\n\t<meta property=\"og:image:type\" content=\"image\/jpeg\" \/>\n<meta name=\"author\" content=\"Administrador\" \/>\n<meta name=\"twitter:card\" content=\"summary_large_image\" \/>\n<meta name=\"twitter:creator\" content=\"@SanJuanSacatep1\" \/>\n<meta name=\"twitter:site\" content=\"@SanJuanSacatep1\" \/>\n<meta name=\"twitter:label1\" content=\"Escrito por\" \/>\n\t<meta name=\"twitter:data1\" content=\"Administrador\" \/>\n\t<meta name=\"twitter:label2\" content=\"Tiempo de lectura\" \/>\n\t<meta name=\"twitter:data2\" content=\"2 minutos\" \/>\n<script type=\"application\/ld+json\" class=\"yoast-schema-graph\">{\"@context\":\"https:\/\/schema.org\",\"@graph\":[{\"@type\":\"Article\",\"@id\":\"https:\/\/munisanjuansac.org\/msj\/san-juan-sacatepequez-conforma-su-comred-para-fortalecer-la-prevencion-y-respuesta-ante-desastre\/#article\",\"isPartOf\":{\"@id\":\"https:\/\/munisanjuansac.org\/msj\/san-juan-sacatepequez-conforma-su-comred-para-fortalecer-la-prevencion-y-respuesta-ante-desastre\/\"},\"author\":{\"name\":\"Administrador\",\"@id\":\"https:\/\/munisanjuansac.org\/msj\/#\/schema\/person\/484a895a5cbc0a787bb929e3b7fad0a0\"},\"headline\":\"San Juan Sacatep\u00e9quez conforma su COMRED para fortalecer la prevenci\u00f3n y respuesta ante desastre\",\"datePublished\":\"2025-10-16T01:23:30+00:00\",\"dateModified\":\"2025-10-16T01:23:31+00:00\",\"mainEntityOfPage\":{\"@id\":\"https:\/\/munisanjuansac.org\/msj\/san-juan-sacatepequez-conforma-su-comred-para-fortalecer-la-prevencion-y-respuesta-ante-desastre\/\"},\"wordCount\":213,\"publisher\":{\"@id\":\"https:\/\/munisanjuansac.org\/msj\/#organization\"},\"articleSection\":[\"Mi Municipio\"],\"inLanguage\":\"es\"},{\"@type\":\"WebPage\",\"@id\":\"https:\/\/munisanjuansac.org\/msj\/san-juan-sacatepequez-conforma-su-comred-para-fortalecer-la-prevencion-y-respuesta-ante-desastre\/\",\"url\":\"https:\/\/munisanjuansac.org\/msj\/san-juan-sacatepequez-conforma-su-comred-para-fortalecer-la-prevencion-y-respuesta-ante-desastre\/\",\"name\":\"San Juan Sacatep\u00e9quez conforma su COMRED para fortalecer la prevenci\u00f3n y respuesta ante desastre - Municipalidad de San Juan Sacatep\u00e9quez\",\"isPartOf\":{\"@id\":\"https:\/\/munisanjuansac.org\/msj\/#website\"},\"datePublished\":\"2025-10-16T01:23:30+00:00\",\"dateModified\":\"2025-10-16T01:23:31+00:00\",\"description\":\"La Municipalidad de San Juan Sacatep\u00e9quez, liderada por el alcalde Juan Carlos Pellecer, conform\u00f3 el Comit\u00e9 Municipal para la Reducci\u00f3n de Desastres (COMRED), fortaleciendo la prevenci\u00f3n y respuesta ante emergencias con acciones de mitigaci\u00f3n en v\u00edas principales del municipio.\",\"breadcrumb\":{\"@id\":\"https:\/\/munisanjuansac.org\/msj\/san-juan-sacatepequez-conforma-su-comred-para-fortalecer-la-prevencion-y-respuesta-ante-desastre\/#breadcrumb\"},\"inLanguage\":\"es\",\"potentialAction\":[{\"@type\":\"ReadAction\",\"target\":[\"https:\/\/munisanjuansac.org\/msj\/san-juan-sacatepequez-conforma-su-comred-para-fortalecer-la-prevencion-y-respuesta-ante-desastre\/\"]}]},{\"@type\":\"BreadcrumbList\",\"@id\":\"https:\/\/munisanjuansac.org\/msj\/san-juan-sacatepequez-conforma-su-comred-para-fortalecer-la-prevencion-y-respuesta-ante-desastre\/#breadcrumb\",\"itemListElement\":[{\"@type\":\"ListItem\",\"position\":1,\"name\":\"Portada\",\"item\":\"https:\/\/munisanjuansac.org\/msj\/\"},{\"@type\":\"ListItem\",\"position\":2,\"name\":\"San Juan Sacatep\u00e9quez conforma su COMRED para fortalecer la prevenci\u00f3n y respuesta ante desastre\"}]},{\"@type\":\"WebSite\",\"@id\":\"https:\/\/munisanjuansac.org\/msj\/#website\",\"url\":\"https:\/\/munisanjuansac.org\/msj\/\",\"name\":\"Municipalidad de San Juan Sacatep\u00e9quez\",\"description\":\"\",\"publisher\":{\"@id\":\"https:\/\/munisanjuansac.org\/msj\/#organization\"},\"potentialAction\":[{\"@type\":\"SearchAction\",\"target\":{\"@type\":\"EntryPoint\",\"urlTemplate\":\"https:\/\/munisanjuansac.org\/msj\/?s={search_term_string}\"},\"query-input\":\"required name=search_term_string\"}],\"inLanguage\":\"es\"},{\"@type\":\"Organization\",\"@id\":\"https:\/\/munisanjuansac.org\/msj\/#organization\",\"name\":\"Municipalidad de San Juan Sacatep\u00e9quez\",\"url\":\"https:\/\/munisanjuansac.org\/msj\/\",\"logo\":{\"@type\":\"ImageObject\",\"inLanguage\":\"es\",\"@id\":\"https:\/\/munisanjuansac.org\/msj\/#\/schema\/logo\/image\/\",\"url\":\"https:\/\/munisanjuansac.org\/msj\/wp-content\/uploads\/2023\/11\/LOGO-45-DE-ANCHO-POR-50-DE-ALTO-DERECHO-E-IZQUIERDO-921x1024.png\",\"contentUrl\":\"https:\/\/munisanjuansac.org\/msj\/wp-content\/uploads\/2023\/11\/LOGO-45-DE-ANCHO-POR-50-DE-ALTO-DERECHO-E-IZQUIERDO-921x1024.png\",\"width\":921,\"height\":1024,\"caption\":\"Municipalidad de San Juan Sacatep\u00e9quez\"},\"image\":{\"@id\":\"https:\/\/munisanjuansac.org\/msj\/#\/schema\/logo\/image\/\"},\"sameAs\":[\"https:\/\/www.facebook.com\/MunicipalidadSanJuanSacatepequez\",\"https:\/\/twitter.com\/SanJuanSacatep1\",\"https:\/\/www.youtube.com\/@municipalidadsanjuansacate2849\/videos\",\"https:\/\/www.tiktok.com\/@munisanjuansac?lang=es\",\"https:\/\/www.tiktok.com\/@jc_pellecer?lang=es\"]},{\"@type\":\"Person\",\"@id\":\"https:\/\/munisanjuansac.org\/msj\/#\/schema\/person\/484a895a5cbc0a787bb929e3b7fad0a0\",\"name\":\"Administrador\",\"image\":{\"@type\":\"ImageObject\",\"inLanguage\":\"es\",\"@id\":\"https:\/\/munisanjuansac.org\/msj\/#\/schema\/person\/image\/\",\"url\":\"https:\/\/munisanjuansac.org\/msj\/wp-content\/uploads\/2025\/08\/escudo-96x96.png\",\"contentUrl\":\"https:\/\/munisanjuansac.org\/msj\/wp-content\/uploads\/2025\/08\/escudo-96x96.png\",\"caption\":\"Administrador\"},\"description\":\"Municipalidad de San Juan Sacatepequez, Guatemala - 2025\",\"url\":\"https:\/\/munisanjuansac.org\/msj\/author\/soporte\/\"}]}<\/script>\n<!-- \/ Yoast SEO plugin. -->","yoast_head_json":{"title":"San Juan Sacatep\u00e9quez conforma su COMRED para fortalecer la prevenci\u00f3n y respuesta ante desastre - Municipalidad de San Juan Sacatep\u00e9quez","description":"La Municipalidad de San Juan Sacatep\u00e9quez, liderada por el alcalde Juan Carlos Pellecer, conform\u00f3 el Comit\u00e9 Municipal para la Reducci\u00f3n de Desastres (COMRED), fortaleciendo la prevenci\u00f3n y respuesta ante emergencias con acciones de mitigaci\u00f3n en v\u00edas principales del municipio.","robots":{"index":"index","follow":"follow","max-snippet":"max-snippet:-1","max-image-preview":"max-image-preview:large","max-video-preview":"max-video-preview:-1"},"canonical":"https:\/\/munisanjuansac.org\/msj\/san-juan-sacatepequez-conforma-su-comred-para-fortalecer-la-prevencion-y-respuesta-ante-desastre\/","og_locale":"es_ES","og_type":"article","og_title":"San Juan Sacatep\u00e9quez conforma su COMRED para fortalecer la prevenci\u00f3n y respuesta ante desastre - Municipalidad de San Juan Sacatep\u00e9quez","og_description":"La Municipalidad de San Juan Sacatep\u00e9quez, liderada por el alcalde Juan Carlos Pellecer, conform\u00f3 el Comit\u00e9 Municipal para la Reducci\u00f3n de Desastres (COMRED), fortaleciendo la prevenci\u00f3n y respuesta ante emergencias con acciones de mitigaci\u00f3n en v\u00edas principales del municipio.","og_url":"https:\/\/munisanjuansac.org\/msj\/san-juan-sacatepequez-conforma-su-comred-para-fortalecer-la-prevencion-y-respuesta-ante-desastre\/","og_site_name":"Municipalidad de San Juan Sacatep\u00e9quez","article_publisher":"https:\/\/www.facebook.com\/MunicipalidadSanJuanSacatepequez","article_published_time":"2025-10-16T01:23:30+00:00","article_modified_time":"2025-10-16T01:23:31+00:00","og_image":[{"width":1504,"height":877,"url":"https:\/\/munisanjuansac.org\/msj\/wp-content\/uploads\/2025\/10\/DSC08630-e1760577791987.jpg","type":"image\/jpeg"}],"author":"Administrador","twitter_card":"summary_large_image","twitter_creator":"@SanJuanSacatep1","twitter_site":"@SanJuanSacatep1","twitter_misc":{"Escrito por":"Administrador","Tiempo de lectura":"2 minutos"},"schema":{"@context":"https:\/\/schema.org","@graph":[{"@type":"Article","@id":"https:\/\/munisanjuansac.org\/msj\/san-juan-sacatepequez-conforma-su-comred-para-fortalecer-la-prevencion-y-respuesta-ante-desastre\/#article","isPartOf":{"@id":"https:\/\/munisanjuansac.org\/msj\/san-juan-sacatepequez-conforma-su-comred-para-fortalecer-la-prevencion-y-respuesta-ante-desastre\/"},"author":{"name":"Administrador","@id":"https:\/\/munisanjuansac.org\/msj\/#\/schema\/person\/484a895a5cbc0a787bb929e3b7fad0a0"},"headline":"San Juan Sacatep\u00e9quez conforma su COMRED para fortalecer la prevenci\u00f3n y respuesta ante desastre","datePublished":"2025-10-16T01:23:30+00:00","dateModified":"2025-10-16T01:23:31+00:00","mainEntityOfPage":{"@id":"https:\/\/munisanjuansac.org\/msj\/san-juan-sacatepequez-conforma-su-comred-para-fortalecer-la-prevencion-y-respuesta-ante-desastre\/"},"wordCount":213,"publisher":{"@id":"https:\/\/munisanjuansac.org\/msj\/#organization"},"articleSection":["Mi Municipio"],"inLanguage":"es"},{"@type":"WebPage","@id":"https:\/\/munisanjuansac.org\/msj\/san-juan-sacatepequez-conforma-su-comred-para-fortalecer-la-prevencion-y-respuesta-ante-desastre\/","url":"https:\/\/munisanjuansac.org\/msj\/san-juan-sacatepequez-conforma-su-comred-para-fortalecer-la-prevencion-y-respuesta-ante-desastre\/","name":"San Juan Sacatep\u00e9quez conforma su COMRED para fortalecer la prevenci\u00f3n y respuesta ante desastre - Municipalidad de San Juan Sacatep\u00e9quez","isPartOf":{"@id":"https:\/\/munisanjuansac.org\/msj\/#website"},"datePublished":"2025-10-16T01:23:30+00:00","dateModified":"2025-10-16T01:23:31+00:00","description":"La Municipalidad de San Juan Sacatep\u00e9quez, liderada por el alcalde Juan Carlos Pellecer, conform\u00f3 el Comit\u00e9 Municipal para la Reducci\u00f3n de Desastres (COMRED), fortaleciendo la prevenci\u00f3n y respuesta ante emergencias con acciones de mitigaci\u00f3n en v\u00edas principales del municipio.","breadcrumb":{"@id":"https:\/\/munisanjuansac.org\/msj\/san-juan-sacatepequez-conforma-su-comred-para-fortalecer-la-prevencion-y-respuesta-ante-desastre\/#breadcrumb"},"inLanguage":"es","potentialAction":[{"@type":"ReadAction","target":["https:\/\/munisanjuansac.org\/msj\/san-juan-sacatepequez-conforma-su-comred-para-fortalecer-la-prevencion-y-respuesta-ante-desastre\/"]}]},{"@type":"BreadcrumbList","@id":"https:\/\/munisanjuansac.org\/msj\/san-juan-sacatepequez-conforma-su-comred-para-fortalecer-la-prevencion-y-respuesta-ante-desastre\/#breadcrumb","itemListElement":[{"@type":"ListItem","position":1,"name":"Portada","item":"https:\/\/munisanjuansac.org\/msj\/"},{"@type":"ListItem","position":2,"name":"San Juan Sacatep\u00e9quez conforma su COMRED para fortalecer la prevenci\u00f3n y respuesta ante desastre"}]},{"@type":"WebSite","@id":"https:\/\/munisanjuansac.org\/msj\/#website","url":"https:\/\/munisanjuansac.org\/msj\/","name":"Municipalidad de San Juan Sacatep\u00e9quez","description":"","publisher":{"@id":"https:\/\/munisanjuansac.org\/msj\/#organization"},"potentialAction":[{"@type":"SearchAction","target":{"@type":"EntryPoint","urlTemplate":"https:\/\/munisanjuansac.org\/msj\/?s={search_term_string}"},"query-input":"required name=search_term_string"}],"inLanguage":"es"},{"@type":"Organization","@id":"https:\/\/munisanjuansac.org\/msj\/#organization","name":"Municipalidad de San Juan Sacatep\u00e9quez","url":"https:\/\/munisanjuansac.org\/msj\/","logo":{"@type":"ImageObject","inLanguage":"es","@id":"https:\/\/munisanjuansac.org\/msj\/#\/schema\/logo\/image\/","url":"https:\/\/munisanjuansac.org\/msj\/wp-content\/uploads\/2023\/11\/LOGO-45-DE-ANCHO-POR-50-DE-ALTO-DERECHO-E-IZQUIERDO-921x1024.png","contentUrl":"https:\/\/munisanjuansac.org\/msj\/wp-content\/uploads\/2023\/11\/LOGO-45-DE-ANCHO-POR-50-DE-ALTO-DERECHO-E-IZQUIERDO-921x1024.png","width":921,"height":1024,"caption":"Municipalidad de San Juan Sacatep\u00e9quez"},"image":{"@id":"https:\/\/munisanjuansac.org\/msj\/#\/schema\/logo\/image\/"},"sameAs":["https:\/\/www.facebook.com\/MunicipalidadSanJuanSacatepequez","https:\/\/twitter.com\/SanJuanSacatep1","https:\/\/www.youtube.com\/@municipalidadsanjuansacate2849\/videos","https:\/\/www.tiktok.com\/@munisanjuansac?lang=es","https:\/\/www.tiktok.com\/@jc_pellecer?lang=es"]},{"@type":"Person","@id":"https:\/\/munisanjuansac.org\/msj\/#\/schema\/person\/484a895a5cbc0a787bb929e3b7fad0a0","name":"Administrador","image":{"@type":"ImageObject","inLanguage":"es","@id":"https:\/\/munisanjuansac.org\/msj\/#\/schema\/person\/image\/","url":"https:\/\/munisanjuansac.org\/msj\/wp-content\/uploads\/2025\/08\/escudo-96x96.png","contentUrl":"https:\/\/munisanjuansac.org\/msj\/wp-content\/uploads\/2025\/08\/escudo-96x96.png","caption":"Administrador"},"description":"Municipalidad de San Juan Sacatepequez, Guatemala - 2025","url":"https:\/\/munisanjuansac.org\/msj\/author\/soporte\/"}]}},"_links":{"self":[{"href":"https:\/\/munisanjuansac.org\/msj\/wp-json\/wp\/v2\/posts\/7369","targetHints":{"allow":["GET"]}}],"collection":[{"href":"https:\/\/munisanjuansac.org\/msj\/wp-json\/wp\/v2\/posts"}],"about":[{"href":"https:\/\/munisanjuansac.org\/msj\/wp-json\/wp\/v2\/types\/post"}],"author":[{"embeddable":true,"href":"https:\/\/munisanjuansac.org\/msj\/wp-json\/wp\/v2\/users\/5"}],"replies":[{"embeddable":true,"href":"https:\/\/munisanjuansac.org\/msj\/wp-json\/wp\/v2\/comments?post=7369"}],"version-history":[{"count":2,"href":"https:\/\/munisanjuansac.org\/msj\/wp-json\/wp\/v2\/posts\/7369\/revisions"}],"predecessor-version":[{"id":7379,"href":"https:\/\/munisanjuansac.org\/msj\/wp-json\/wp\/v2\/posts\/7369\/revisions\/7379"}],"wp:featuredmedia":[{"embeddable":true,"href":"https:\/\/munisanjuansac.org\/msj\/wp-json\/wp\/v2\/media\/7376"}],"wp:attachment":[{"href":"https:\/\/munisanjuansac.org\/msj\/wp-json\/wp\/v2\/media?parent=7369"}],"wp:term":[{"taxonomy":"category","embeddable":true,"href":"https:\/\/munisanjuansac.org\/msj\/wp-json\/wp\/v2\/categories?post=7369"},{"taxonomy":"post_tag","embeddable":true,"href":"https:\/\/munisanjuansac.org\/msj\/wp-json\/wp\/v2\/tags?post=7369"}],"curies":[{"name":"wp","href":"https:\/\/api.w.org\/{rel}","templated":true}]}}