{"id":7344,"date":"2025-10-02T23:41:28","date_gmt":"2025-10-02T23:41:28","guid":{"rendered":"https:\/\/munisanjuansac.org\/msj\/?p=7344"},"modified":"2025-10-02T23:41:29","modified_gmt":"2025-10-02T23:41:29","slug":"alcalde-juan-carlos-pellecer-participa-en-reunion-estrategica-con-fundesa-para-impulsar-desarrollo-regional","status":"publish","type":"post","link":"https:\/\/munisanjuansac.org\/msj\/alcalde-juan-carlos-pellecer-participa-en-reunion-estrategica-con-fundesa-para-impulsar-desarrollo-regional\/","title":{"rendered":"Alcalde Juan Carlos Pellecer participa en reuni\u00f3n estrat\u00e9gica con FUNDESA para impulsar desarrollo regional"},"content":{"rendered":"<p>El alcalde de San Juan Sacatep\u00e9quez, <strong data-start=\"236\" data-end=\"260\">Juan Carlos Pellecer<\/strong>, sostuvo una reuni\u00f3n con el Director Ejecutivo de FUNDESA, <strong data-start=\"320\" data-end=\"342\">Juan Carlos Zapata<\/strong>, en el marco de las acciones orientadas a fortalecer el municipalismo y promover el desarrollo sostenible en la regi\u00f3n NorOccidente del departamento de Guatemala.<\/p>\n<p data-start=\"509\" data-end=\"747\">Durante el encuentro se abordaron temas clave como <strong data-start=\"560\" data-end=\"640\">inversi\u00f3n en infraestructura, movilidad, conectividad y planes de desarrollo<\/strong> que buscan generar m\u00e1s oportunidades de crecimiento econ\u00f3mico y social para los municipios de la regi\u00f3n.<\/p>\n<p data-start=\"749\" data-end=\"1052\">El alcalde Pellecer reafirm\u00f3 su compromiso de trabajar en alianza con instituciones que promuevan proyectos de impacto, destacando que la cooperaci\u00f3n interinstitucional es fundamental para mejorar la calidad de vida de los vecinos y abrir caminos hacia un futuro con mayor desarrollo y competitividad.<\/p>\n<p data-start=\"749\" data-end=\"1052\"><a href=\"https:\/\/munisanjuansac.org\/msj\/alcalde-juan-carlos-pellecer-participa-en-reunion-estrategica-con-fundesa-para-impulsar-desarrollo-regional\/img_7845\/\" rel=\"attachment wp-att-7347\"><img fetchpriority=\"high\" decoding=\"async\" class=\"aligncenter size-full wp-image-7347\" src=\"https:\/\/munisanjuansac.org\/msj\/wp-content\/uploads\/2025\/10\/IMG_7845-scaled.jpg\" alt=\"\" width=\"2560\" height=\"1707\" \/><\/a><a href=\"https:\/\/munisanjuansac.org\/msj\/alcalde-juan-carlos-pellecer-participa-en-reunion-estrategica-con-fundesa-para-impulsar-desarrollo-regional\/img_7835\/\" rel=\"attachment wp-att-7345\"><img decoding=\"async\" class=\"aligncenter size-full wp-image-7345\" src=\"https:\/\/munisanjuansac.org\/msj\/wp-content\/uploads\/2025\/10\/IMG_7835-scaled.jpg\" alt=\"\" width=\"2560\" height=\"1707\" srcset=\"https:\/\/munisanjuansac.org\/msj\/wp-content\/uploads\/2025\/10\/IMG_7835-scaled.jpg 2560w, https:\/\/munisanjuansac.org\/msj\/wp-content\/uploads\/2025\/10\/IMG_7835-300x200.jpg 300w, https:\/\/munisanjuansac.org\/msj\/wp-content\/uploads\/2025\/10\/IMG_7835-1024x683.jpg 1024w, https:\/\/munisanjuansac.org\/msj\/wp-content\/uploads\/2025\/10\/IMG_7835-768x512.jpg 768w, https:\/\/munisanjuansac.org\/msj\/wp-content\/uploads\/2025\/10\/IMG_7835-1536x1024.jpg 1536w, https:\/\/munisanjuansac.org\/msj\/wp-content\/uploads\/2025\/10\/IMG_7835-2048x1365.jpg 2048w, https:\/\/munisanjuansac.org\/msj\/wp-content\/uploads\/2025\/10\/IMG_7835-600x400.jpg 600w, https:\/\/munisanjuansac.org\/msj\/wp-content\/uploads\/2025\/10\/IMG_7835-272x182.jpg 272w\" sizes=\"(max-width: 2560px) 100vw, 2560px\" \/><\/a><a href=\"https:\/\/munisanjuansac.org\/msj\/alcalde-juan-carlos-pellecer-participa-en-reunion-estrategica-con-fundesa-para-impulsar-desarrollo-regional\/img_7840\/\" rel=\"attachment wp-att-7350\"><img decoding=\"async\" class=\"aligncenter size-full wp-image-7350\" src=\"https:\/\/munisanjuansac.org\/msj\/wp-content\/uploads\/2025\/10\/IMG_7840-scaled.jpg\" alt=\"\" width=\"2560\" height=\"1707\" srcset=\"https:\/\/munisanjuansac.org\/msj\/wp-content\/uploads\/2025\/10\/IMG_7840-scaled.jpg 2560w, https:\/\/munisanjuansac.org\/msj\/wp-content\/uploads\/2025\/10\/IMG_7840-300x200.jpg 300w, https:\/\/munisanjuansac.org\/msj\/wp-content\/uploads\/2025\/10\/IMG_7840-1024x683.jpg 1024w, https:\/\/munisanjuansac.org\/msj\/wp-content\/uploads\/2025\/10\/IMG_7840-768x512.jpg 768w, https:\/\/munisanjuansac.org\/msj\/wp-content\/uploads\/2025\/10\/IMG_7840-1536x1024.jpg 1536w, https:\/\/munisanjuansac.org\/msj\/wp-content\/uploads\/2025\/10\/IMG_7840-2048x1365.jpg 2048w, https:\/\/munisanjuansac.org\/msj\/wp-content\/uploads\/2025\/10\/IMG_7840-600x400.jpg 600w, https:\/\/munisanjuansac.org\/msj\/wp-content\/uploads\/2025\/10\/IMG_7840-272x182.jpg 272w\" sizes=\"(max-width: 2560px) 100vw, 2560px\" \/><\/a><\/p>\n","protected":false},"excerpt":{"rendered":"<p>El alcalde de San Juan Sacatep\u00e9quez, Juan Carlos Pellecer, sostuvo una reuni\u00f3n con el Director Ejecutivo de FUNDESA, Juan Carlos Zapata, en el marco de las acciones orientadas a fortalecer&hellip;<\/p>\n","protected":false},"author":5,"featured_media":7347,"comment_status":"closed","ping_status":"closed","sticky":false,"template":"","format":"standard","meta":{"footnotes":""},"categories":[45],"tags":[],"class_list":["post-7344","post","type-post","status-publish","format-standard","has-post-thumbnail","hentry","category-mi-municipio"],"yoast_head":"<!-- This site is optimized with the Yoast SEO plugin v22.0 - https:\/\/yoast.com\/wordpress\/plugins\/seo\/ -->\n<title>Alcalde Juan Carlos Pellecer participa en reuni\u00f3n estrat\u00e9gica con FUNDESA para impulsar desarrollo regional - Municipalidad de San Juan Sacatep\u00e9quez<\/title>\n<meta name=\"description\" content=\"El alcalde Juan Carlos Pellecer se reuni\u00f3 con FUNDESA para impulsar infraestructura, movilidad y desarrollo.lo en la regi\u00f3n Noroccidente.\" \/>\n<meta name=\"robots\" content=\"index, follow, max-snippet:-1, max-image-preview:large, max-video-preview:-1\" \/>\n<link rel=\"canonical\" href=\"https:\/\/munisanjuansac.org\/msj\/alcalde-juan-carlos-pellecer-participa-en-reunion-estrategica-con-fundesa-para-impulsar-desarrollo-regional\/\" \/>\n<meta property=\"og:locale\" content=\"es_ES\" \/>\n<meta property=\"og:type\" content=\"article\" \/>\n<meta property=\"og:title\" content=\"Alcalde Juan Carlos Pellecer participa en reuni\u00f3n estrat\u00e9gica con FUNDESA para impulsar desarrollo regional - Municipalidad de San Juan Sacatep\u00e9quez\" \/>\n<meta property=\"og:description\" content=\"El alcalde Juan Carlos Pellecer se reuni\u00f3 con FUNDESA para impulsar infraestructura, movilidad y desarrollo.lo en la regi\u00f3n Noroccidente.\" \/>\n<meta property=\"og:url\" content=\"https:\/\/munisanjuansac.org\/msj\/alcalde-juan-carlos-pellecer-participa-en-reunion-estrategica-con-fundesa-para-impulsar-desarrollo-regional\/\" \/>\n<meta property=\"og:site_name\" content=\"Municipalidad de San Juan Sacatep\u00e9quez\" \/>\n<meta property=\"article:publisher\" content=\"https:\/\/www.facebook.com\/MunicipalidadSanJuanSacatepequez\" \/>\n<meta property=\"article:published_time\" content=\"2025-10-02T23:41:28+00:00\" \/>\n<meta property=\"article:modified_time\" content=\"2025-10-02T23:41:29+00:00\" \/>\n<meta property=\"og:image\" content=\"https:\/\/munisanjuansac.org\/msj\/wp-content\/uploads\/2025\/10\/IMG_7845-scaled-e1759448111720.jpg\" \/>\n\t<meta property=\"og:image:width\" content=\"2230\" \/>\n\t<meta property=\"og:image:height\" content=\"1707\" \/>\n\t<meta property=\"og:image:type\" content=\"image\/jpeg\" \/>\n<meta name=\"author\" content=\"Administrador\" \/>\n<meta name=\"twitter:card\" content=\"summary_large_image\" \/>\n<meta name=\"twitter:creator\" content=\"@SanJuanSacatep1\" \/>\n<meta name=\"twitter:site\" content=\"@SanJuanSacatep1\" \/>\n<meta name=\"twitter:label1\" content=\"Escrito por\" \/>\n\t<meta name=\"twitter:data1\" content=\"Administrador\" \/>\n\t<meta name=\"twitter:label2\" content=\"Tiempo de lectura\" \/>\n\t<meta name=\"twitter:data2\" content=\"2 minutos\" \/>\n<script type=\"application\/ld+json\" class=\"yoast-schema-graph\">{\"@context\":\"https:\/\/schema.org\",\"@graph\":[{\"@type\":\"Article\",\"@id\":\"https:\/\/munisanjuansac.org\/msj\/alcalde-juan-carlos-pellecer-participa-en-reunion-estrategica-con-fundesa-para-impulsar-desarrollo-regional\/#article\",\"isPartOf\":{\"@id\":\"https:\/\/munisanjuansac.org\/msj\/alcalde-juan-carlos-pellecer-participa-en-reunion-estrategica-con-fundesa-para-impulsar-desarrollo-regional\/\"},\"author\":{\"name\":\"Administrador\",\"@id\":\"https:\/\/munisanjuansac.org\/msj\/#\/schema\/person\/484a895a5cbc0a787bb929e3b7fad0a0\"},\"headline\":\"Alcalde Juan Carlos Pellecer participa en reuni\u00f3n estrat\u00e9gica con FUNDESA para impulsar desarrollo regional\",\"datePublished\":\"2025-10-02T23:41:28+00:00\",\"dateModified\":\"2025-10-02T23:41:29+00:00\",\"mainEntityOfPage\":{\"@id\":\"https:\/\/munisanjuansac.org\/msj\/alcalde-juan-carlos-pellecer-participa-en-reunion-estrategica-con-fundesa-para-impulsar-desarrollo-regional\/\"},\"wordCount\":146,\"publisher\":{\"@id\":\"https:\/\/munisanjuansac.org\/msj\/#organization\"},\"articleSection\":[\"Mi Municipio\"],\"inLanguage\":\"es\"},{\"@type\":\"WebPage\",\"@id\":\"https:\/\/munisanjuansac.org\/msj\/alcalde-juan-carlos-pellecer-participa-en-reunion-estrategica-con-fundesa-para-impulsar-desarrollo-regional\/\",\"url\":\"https:\/\/munisanjuansac.org\/msj\/alcalde-juan-carlos-pellecer-participa-en-reunion-estrategica-con-fundesa-para-impulsar-desarrollo-regional\/\",\"name\":\"Alcalde Juan Carlos Pellecer participa en reuni\u00f3n estrat\u00e9gica con FUNDESA para impulsar desarrollo regional - Municipalidad de San Juan Sacatep\u00e9quez\",\"isPartOf\":{\"@id\":\"https:\/\/munisanjuansac.org\/msj\/#website\"},\"datePublished\":\"2025-10-02T23:41:28+00:00\",\"dateModified\":\"2025-10-02T23:41:29+00:00\",\"description\":\"El alcalde Juan Carlos Pellecer se reuni\u00f3 con FUNDESA para impulsar infraestructura, movilidad y desarrollo.lo en la regi\u00f3n Noroccidente.\",\"breadcrumb\":{\"@id\":\"https:\/\/munisanjuansac.org\/msj\/alcalde-juan-carlos-pellecer-participa-en-reunion-estrategica-con-fundesa-para-impulsar-desarrollo-regional\/#breadcrumb\"},\"inLanguage\":\"es\",\"potentialAction\":[{\"@type\":\"ReadAction\",\"target\":[\"https:\/\/munisanjuansac.org\/msj\/alcalde-juan-carlos-pellecer-participa-en-reunion-estrategica-con-fundesa-para-impulsar-desarrollo-regional\/\"]}]},{\"@type\":\"BreadcrumbList\",\"@id\":\"https:\/\/munisanjuansac.org\/msj\/alcalde-juan-carlos-pellecer-participa-en-reunion-estrategica-con-fundesa-para-impulsar-desarrollo-regional\/#breadcrumb\",\"itemListElement\":[{\"@type\":\"ListItem\",\"position\":1,\"name\":\"Portada\",\"item\":\"https:\/\/munisanjuansac.org\/msj\/\"},{\"@type\":\"ListItem\",\"position\":2,\"name\":\"Alcalde Juan Carlos Pellecer participa en reuni\u00f3n estrat\u00e9gica con FUNDESA para impulsar desarrollo regional\"}]},{\"@type\":\"WebSite\",\"@id\":\"https:\/\/munisanjuansac.org\/msj\/#website\",\"url\":\"https:\/\/munisanjuansac.org\/msj\/\",\"name\":\"Municipalidad de San Juan Sacatep\u00e9quez\",\"description\":\"\",\"publisher\":{\"@id\":\"https:\/\/munisanjuansac.org\/msj\/#organization\"},\"potentialAction\":[{\"@type\":\"SearchAction\",\"target\":{\"@type\":\"EntryPoint\",\"urlTemplate\":\"https:\/\/munisanjuansac.org\/msj\/?s={search_term_string}\"},\"query-input\":\"required name=search_term_string\"}],\"inLanguage\":\"es\"},{\"@type\":\"Organization\",\"@id\":\"https:\/\/munisanjuansac.org\/msj\/#organization\",\"name\":\"Municipalidad de San Juan Sacatep\u00e9quez\",\"url\":\"https:\/\/munisanjuansac.org\/msj\/\",\"logo\":{\"@type\":\"ImageObject\",\"inLanguage\":\"es\",\"@id\":\"https:\/\/munisanjuansac.org\/msj\/#\/schema\/logo\/image\/\",\"url\":\"https:\/\/munisanjuansac.org\/msj\/wp-content\/uploads\/2023\/11\/LOGO-45-DE-ANCHO-POR-50-DE-ALTO-DERECHO-E-IZQUIERDO-921x1024.png\",\"contentUrl\":\"https:\/\/munisanjuansac.org\/msj\/wp-content\/uploads\/2023\/11\/LOGO-45-DE-ANCHO-POR-50-DE-ALTO-DERECHO-E-IZQUIERDO-921x1024.png\",\"width\":921,\"height\":1024,\"caption\":\"Municipalidad de San Juan Sacatep\u00e9quez\"},\"image\":{\"@id\":\"https:\/\/munisanjuansac.org\/msj\/#\/schema\/logo\/image\/\"},\"sameAs\":[\"https:\/\/www.facebook.com\/MunicipalidadSanJuanSacatepequez\",\"https:\/\/twitter.com\/SanJuanSacatep1\",\"https:\/\/www.youtube.com\/@municipalidadsanjuansacate2849\/videos\",\"https:\/\/www.tiktok.com\/@munisanjuansac?lang=es\",\"https:\/\/www.tiktok.com\/@jc_pellecer?lang=es\"]},{\"@type\":\"Person\",\"@id\":\"https:\/\/munisanjuansac.org\/msj\/#\/schema\/person\/484a895a5cbc0a787bb929e3b7fad0a0\",\"name\":\"Administrador\",\"image\":{\"@type\":\"ImageObject\",\"inLanguage\":\"es\",\"@id\":\"https:\/\/munisanjuansac.org\/msj\/#\/schema\/person\/image\/\",\"url\":\"https:\/\/munisanjuansac.org\/msj\/wp-content\/uploads\/2025\/08\/escudo-96x96.png\",\"contentUrl\":\"https:\/\/munisanjuansac.org\/msj\/wp-content\/uploads\/2025\/08\/escudo-96x96.png\",\"caption\":\"Administrador\"},\"description\":\"Municipalidad de San Juan Sacatepequez, Guatemala - 2025\",\"url\":\"https:\/\/munisanjuansac.org\/msj\/author\/soporte\/\"}]}<\/script>\n<!-- \/ Yoast SEO plugin. -->","yoast_head_json":{"title":"Alcalde Juan Carlos Pellecer participa en reuni\u00f3n estrat\u00e9gica con FUNDESA para impulsar desarrollo regional - Municipalidad de San Juan Sacatep\u00e9quez","description":"El alcalde Juan Carlos Pellecer se reuni\u00f3 con FUNDESA para impulsar infraestructura, movilidad y desarrollo.lo en la regi\u00f3n Noroccidente.","robots":{"index":"index","follow":"follow","max-snippet":"max-snippet:-1","max-image-preview":"max-image-preview:large","max-video-preview":"max-video-preview:-1"},"canonical":"https:\/\/munisanjuansac.org\/msj\/alcalde-juan-carlos-pellecer-participa-en-reunion-estrategica-con-fundesa-para-impulsar-desarrollo-regional\/","og_locale":"es_ES","og_type":"article","og_title":"Alcalde Juan Carlos Pellecer participa en reuni\u00f3n estrat\u00e9gica con FUNDESA para impulsar desarrollo regional - Municipalidad de San Juan Sacatep\u00e9quez","og_description":"El alcalde Juan Carlos Pellecer se reuni\u00f3 con FUNDESA para impulsar infraestructura, movilidad y desarrollo.lo en la regi\u00f3n Noroccidente.","og_url":"https:\/\/munisanjuansac.org\/msj\/alcalde-juan-carlos-pellecer-participa-en-reunion-estrategica-con-fundesa-para-impulsar-desarrollo-regional\/","og_site_name":"Municipalidad de San Juan Sacatep\u00e9quez","article_publisher":"https:\/\/www.facebook.com\/MunicipalidadSanJuanSacatepequez","article_published_time":"2025-10-02T23:41:28+00:00","article_modified_time":"2025-10-02T23:41:29+00:00","og_image":[{"width":2230,"height":1707,"url":"https:\/\/munisanjuansac.org\/msj\/wp-content\/uploads\/2025\/10\/IMG_7845-scaled-e1759448111720.jpg","type":"image\/jpeg"}],"author":"Administrador","twitter_card":"summary_large_image","twitter_creator":"@SanJuanSacatep1","twitter_site":"@SanJuanSacatep1","twitter_misc":{"Escrito por":"Administrador","Tiempo de lectura":"2 minutos"},"schema":{"@context":"https:\/\/schema.org","@graph":[{"@type":"Article","@id":"https:\/\/munisanjuansac.org\/msj\/alcalde-juan-carlos-pellecer-participa-en-reunion-estrategica-con-fundesa-para-impulsar-desarrollo-regional\/#article","isPartOf":{"@id":"https:\/\/munisanjuansac.org\/msj\/alcalde-juan-carlos-pellecer-participa-en-reunion-estrategica-con-fundesa-para-impulsar-desarrollo-regional\/"},"author":{"name":"Administrador","@id":"https:\/\/munisanjuansac.org\/msj\/#\/schema\/person\/484a895a5cbc0a787bb929e3b7fad0a0"},"headline":"Alcalde Juan Carlos Pellecer participa en reuni\u00f3n estrat\u00e9gica con FUNDESA para impulsar desarrollo regional","datePublished":"2025-10-02T23:41:28+00:00","dateModified":"2025-10-02T23:41:29+00:00","mainEntityOfPage":{"@id":"https:\/\/munisanjuansac.org\/msj\/alcalde-juan-carlos-pellecer-participa-en-reunion-estrategica-con-fundesa-para-impulsar-desarrollo-regional\/"},"wordCount":146,"publisher":{"@id":"https:\/\/munisanjuansac.org\/msj\/#organization"},"articleSection":["Mi Municipio"],"inLanguage":"es"},{"@type":"WebPage","@id":"https:\/\/munisanjuansac.org\/msj\/alcalde-juan-carlos-pellecer-participa-en-reunion-estrategica-con-fundesa-para-impulsar-desarrollo-regional\/","url":"https:\/\/munisanjuansac.org\/msj\/alcalde-juan-carlos-pellecer-participa-en-reunion-estrategica-con-fundesa-para-impulsar-desarrollo-regional\/","name":"Alcalde Juan Carlos Pellecer participa en reuni\u00f3n estrat\u00e9gica con FUNDESA para impulsar desarrollo regional - Municipalidad de San Juan Sacatep\u00e9quez","isPartOf":{"@id":"https:\/\/munisanjuansac.org\/msj\/#website"},"datePublished":"2025-10-02T23:41:28+00:00","dateModified":"2025-10-02T23:41:29+00:00","description":"El alcalde Juan Carlos Pellecer se reuni\u00f3 con FUNDESA para impulsar infraestructura, movilidad y desarrollo.lo en la regi\u00f3n Noroccidente.","breadcrumb":{"@id":"https:\/\/munisanjuansac.org\/msj\/alcalde-juan-carlos-pellecer-participa-en-reunion-estrategica-con-fundesa-para-impulsar-desarrollo-regional\/#breadcrumb"},"inLanguage":"es","potentialAction":[{"@type":"ReadAction","target":["https:\/\/munisanjuansac.org\/msj\/alcalde-juan-carlos-pellecer-participa-en-reunion-estrategica-con-fundesa-para-impulsar-desarrollo-regional\/"]}]},{"@type":"BreadcrumbList","@id":"https:\/\/munisanjuansac.org\/msj\/alcalde-juan-carlos-pellecer-participa-en-reunion-estrategica-con-fundesa-para-impulsar-desarrollo-regional\/#breadcrumb","itemListElement":[{"@type":"ListItem","position":1,"name":"Portada","item":"https:\/\/munisanjuansac.org\/msj\/"},{"@type":"ListItem","position":2,"name":"Alcalde Juan Carlos Pellecer participa en reuni\u00f3n estrat\u00e9gica con FUNDESA para impulsar desarrollo regional"}]},{"@type":"WebSite","@id":"https:\/\/munisanjuansac.org\/msj\/#website","url":"https:\/\/munisanjuansac.org\/msj\/","name":"Municipalidad de San Juan Sacatep\u00e9quez","description":"","publisher":{"@id":"https:\/\/munisanjuansac.org\/msj\/#organization"},"potentialAction":[{"@type":"SearchAction","target":{"@type":"EntryPoint","urlTemplate":"https:\/\/munisanjuansac.org\/msj\/?s={search_term_string}"},"query-input":"required name=search_term_string"}],"inLanguage":"es"},{"@type":"Organization","@id":"https:\/\/munisanjuansac.org\/msj\/#organization","name":"Municipalidad de San Juan Sacatep\u00e9quez","url":"https:\/\/munisanjuansac.org\/msj\/","logo":{"@type":"ImageObject","inLanguage":"es","@id":"https:\/\/munisanjuansac.org\/msj\/#\/schema\/logo\/image\/","url":"https:\/\/munisanjuansac.org\/msj\/wp-content\/uploads\/2023\/11\/LOGO-45-DE-ANCHO-POR-50-DE-ALTO-DERECHO-E-IZQUIERDO-921x1024.png","contentUrl":"https:\/\/munisanjuansac.org\/msj\/wp-content\/uploads\/2023\/11\/LOGO-45-DE-ANCHO-POR-50-DE-ALTO-DERECHO-E-IZQUIERDO-921x1024.png","width":921,"height":1024,"caption":"Municipalidad de San Juan Sacatep\u00e9quez"},"image":{"@id":"https:\/\/munisanjuansac.org\/msj\/#\/schema\/logo\/image\/"},"sameAs":["https:\/\/www.facebook.com\/MunicipalidadSanJuanSacatepequez","https:\/\/twitter.com\/SanJuanSacatep1","https:\/\/www.youtube.com\/@municipalidadsanjuansacate2849\/videos","https:\/\/www.tiktok.com\/@munisanjuansac?lang=es","https:\/\/www.tiktok.com\/@jc_pellecer?lang=es"]},{"@type":"Person","@id":"https:\/\/munisanjuansac.org\/msj\/#\/schema\/person\/484a895a5cbc0a787bb929e3b7fad0a0","name":"Administrador","image":{"@type":"ImageObject","inLanguage":"es","@id":"https:\/\/munisanjuansac.org\/msj\/#\/schema\/person\/image\/","url":"https:\/\/munisanjuansac.org\/msj\/wp-content\/uploads\/2025\/08\/escudo-96x96.png","contentUrl":"https:\/\/munisanjuansac.org\/msj\/wp-content\/uploads\/2025\/08\/escudo-96x96.png","caption":"Administrador"},"description":"Municipalidad de San Juan Sacatepequez, Guatemala - 2025","url":"https:\/\/munisanjuansac.org\/msj\/author\/soporte\/"}]}},"_links":{"self":[{"href":"https:\/\/munisanjuansac.org\/msj\/wp-json\/wp\/v2\/posts\/7344","targetHints":{"allow":["GET"]}}],"collection":[{"href":"https:\/\/munisanjuansac.org\/msj\/wp-json\/wp\/v2\/posts"}],"about":[{"href":"https:\/\/munisanjuansac.org\/msj\/wp-json\/wp\/v2\/types\/post"}],"author":[{"embeddable":true,"href":"https:\/\/munisanjuansac.org\/msj\/wp-json\/wp\/v2\/users\/5"}],"replies":[{"embeddable":true,"href":"https:\/\/munisanjuansac.org\/msj\/wp-json\/wp\/v2\/comments?post=7344"}],"version-history":[{"count":2,"href":"https:\/\/munisanjuansac.org\/msj\/wp-json\/wp\/v2\/posts\/7344\/revisions"}],"predecessor-version":[{"id":7352,"href":"https:\/\/munisanjuansac.org\/msj\/wp-json\/wp\/v2\/posts\/7344\/revisions\/7352"}],"wp:featuredmedia":[{"embeddable":true,"href":"https:\/\/munisanjuansac.org\/msj\/wp-json\/wp\/v2\/media\/7347"}],"wp:attachment":[{"href":"https:\/\/munisanjuansac.org\/msj\/wp-json\/wp\/v2\/media?parent=7344"}],"wp:term":[{"taxonomy":"category","embeddable":true,"href":"https:\/\/munisanjuansac.org\/msj\/wp-json\/wp\/v2\/categories?post=7344"},{"taxonomy":"post_tag","embeddable":true,"href":"https:\/\/munisanjuansac.org\/msj\/wp-json\/wp\/v2\/tags?post=7344"}],"curies":[{"name":"wp","href":"https:\/\/api.w.org\/{rel}","templated":true}]}}