{"id":7332,"date":"2025-10-01T02:49:30","date_gmt":"2025-10-01T02:49:30","guid":{"rendered":"https:\/\/munisanjuansac.org\/msj\/?p=7332"},"modified":"2025-10-01T02:49:31","modified_gmt":"2025-10-01T02:49:31","slug":"alcalde-juan-carlos-pellecer-recibe-al-embajador-de-la-india-en-un-encuentro-cultural","status":"publish","type":"post","link":"https:\/\/munisanjuansac.org\/msj\/alcalde-juan-carlos-pellecer-recibe-al-embajador-de-la-india-en-un-encuentro-cultural\/","title":{"rendered":"Alcalde Juan Carlos Pellecer, Recibe al Embajador de la India en un Encuentro Cultural"},"content":{"rendered":"<p>El alcalde Juan Carlos Pellecer, recibi\u00f3 la distinguida visita del <strong data-entity-type=\"MessageEntityBold\">Embajador designado de la India en Guatemala, H.E. Raj Kumar Singh<\/strong>, en un encuentro que dej\u00f3 huella en San Juan Sacatep\u00e9quez.<\/p>\n<p>Durante la jornada, el Embajador y autoridades locales participaron en un <strong data-entity-type=\"MessageEntityBold\">Taller de Yoga<\/strong>, desarrollado en el <strong data-entity-type=\"MessageEntityBold\">Sal\u00f3n El Jocoteco<\/strong>, donde estudiantes del <strong data-entity-type=\"MessageEntityBold\">NED ULEW KOTZ&#8217;I&#8217;J (Tierra de las Flores)<\/strong>\u00a0compartieron sus aprendizajes y vivencias en torno a esta disciplina milenaria que une cuerpo, mente y esp\u00edritu.<\/p>\n<p>Posteriormente, la comitiva realiz\u00f3 un recorrido por la <strong data-entity-type=\"MessageEntityBold\">Escuela Elemental de M\u00fasica \u201cEl\u00edas Garc\u00eda\u201d<\/strong>, espacio formativo que impulsa el talento art\u00edstico de la ni\u00f1ez y juventud sanjuanera. En esta visita, los alumnos demostraron con orgullo sus habilidades musicales, ofreciendo una presentaci\u00f3n que emocion\u00f3 a todos los presentes.<\/p>\n<p>Este intercambio cultural resalta los lazos de amistad y cooperaci\u00f3n entre <strong data-entity-type=\"MessageEntityBold\">Guatemala e India<\/strong>, fortaleciendo el acercamiento a trav\u00e9s de la <strong data-entity-type=\"MessageEntityBold\">educaci\u00f3n, el arte y la salud integral<\/strong>.<\/p>\n<p><a href=\"https:\/\/munisanjuansac.org\/msj\/alcalde-juan-carlos-pellecer-recibe-al-embajador-de-la-india-en-un-encuentro-cultural\/attachment\/5109597570308180791\/\" rel=\"attachment wp-att-7333\"><img fetchpriority=\"high\" decoding=\"async\" class=\"aligncenter size-full wp-image-7333\" src=\"https:\/\/munisanjuansac.org\/msj\/wp-content\/uploads\/2025\/10\/5109597570308180791.jpg\" alt=\"\" width=\"1280\" height=\"853\" srcset=\"https:\/\/munisanjuansac.org\/msj\/wp-content\/uploads\/2025\/10\/5109597570308180791.jpg 1280w, https:\/\/munisanjuansac.org\/msj\/wp-content\/uploads\/2025\/10\/5109597570308180791-300x200.jpg 300w, https:\/\/munisanjuansac.org\/msj\/wp-content\/uploads\/2025\/10\/5109597570308180791-1024x682.jpg 1024w, https:\/\/munisanjuansac.org\/msj\/wp-content\/uploads\/2025\/10\/5109597570308180791-768x512.jpg 768w, https:\/\/munisanjuansac.org\/msj\/wp-content\/uploads\/2025\/10\/5109597570308180791-600x400.jpg 600w, https:\/\/munisanjuansac.org\/msj\/wp-content\/uploads\/2025\/10\/5109597570308180791-272x182.jpg 272w\" sizes=\"(max-width: 1280px) 100vw, 1280px\" \/><\/a> <a href=\"https:\/\/munisanjuansac.org\/msj\/alcalde-juan-carlos-pellecer-recibe-al-embajador-de-la-india-en-un-encuentro-cultural\/attachment\/5109597570308180792\/\" rel=\"attachment wp-att-7334\"><img decoding=\"async\" class=\"aligncenter size-full wp-image-7334\" src=\"https:\/\/munisanjuansac.org\/msj\/wp-content\/uploads\/2025\/10\/5109597570308180792.jpg\" alt=\"\" width=\"1280\" height=\"853\" srcset=\"https:\/\/munisanjuansac.org\/msj\/wp-content\/uploads\/2025\/10\/5109597570308180792.jpg 1280w, https:\/\/munisanjuansac.org\/msj\/wp-content\/uploads\/2025\/10\/5109597570308180792-300x200.jpg 300w, https:\/\/munisanjuansac.org\/msj\/wp-content\/uploads\/2025\/10\/5109597570308180792-1024x682.jpg 1024w, https:\/\/munisanjuansac.org\/msj\/wp-content\/uploads\/2025\/10\/5109597570308180792-768x512.jpg 768w, https:\/\/munisanjuansac.org\/msj\/wp-content\/uploads\/2025\/10\/5109597570308180792-600x400.jpg 600w, https:\/\/munisanjuansac.org\/msj\/wp-content\/uploads\/2025\/10\/5109597570308180792-272x182.jpg 272w\" sizes=\"(max-width: 1280px) 100vw, 1280px\" \/><\/a> <a href=\"https:\/\/munisanjuansac.org\/msj\/alcalde-juan-carlos-pellecer-recibe-al-embajador-de-la-india-en-un-encuentro-cultural\/attachment\/5109597570308180793\/\" rel=\"attachment wp-att-7335\"><img decoding=\"async\" class=\"aligncenter size-full wp-image-7335\" src=\"https:\/\/munisanjuansac.org\/msj\/wp-content\/uploads\/2025\/10\/5109597570308180793.jpg\" alt=\"\" width=\"1280\" height=\"853\" srcset=\"https:\/\/munisanjuansac.org\/msj\/wp-content\/uploads\/2025\/10\/5109597570308180793.jpg 1280w, https:\/\/munisanjuansac.org\/msj\/wp-content\/uploads\/2025\/10\/5109597570308180793-300x200.jpg 300w, https:\/\/munisanjuansac.org\/msj\/wp-content\/uploads\/2025\/10\/5109597570308180793-1024x682.jpg 1024w, https:\/\/munisanjuansac.org\/msj\/wp-content\/uploads\/2025\/10\/5109597570308180793-768x512.jpg 768w, https:\/\/munisanjuansac.org\/msj\/wp-content\/uploads\/2025\/10\/5109597570308180793-600x400.jpg 600w, https:\/\/munisanjuansac.org\/msj\/wp-content\/uploads\/2025\/10\/5109597570308180793-272x182.jpg 272w\" sizes=\"(max-width: 1280px) 100vw, 1280px\" \/><\/a> <a href=\"https:\/\/munisanjuansac.org\/msj\/alcalde-juan-carlos-pellecer-recibe-al-embajador-de-la-india-en-un-encuentro-cultural\/attachment\/5109597570308180794\/\" rel=\"attachment wp-att-7336\"><img loading=\"lazy\" decoding=\"async\" class=\"aligncenter size-full wp-image-7336\" src=\"https:\/\/munisanjuansac.org\/msj\/wp-content\/uploads\/2025\/10\/5109597570308180794.jpg\" alt=\"\" width=\"1280\" height=\"853\" srcset=\"https:\/\/munisanjuansac.org\/msj\/wp-content\/uploads\/2025\/10\/5109597570308180794.jpg 1280w, https:\/\/munisanjuansac.org\/msj\/wp-content\/uploads\/2025\/10\/5109597570308180794-300x200.jpg 300w, https:\/\/munisanjuansac.org\/msj\/wp-content\/uploads\/2025\/10\/5109597570308180794-1024x682.jpg 1024w, https:\/\/munisanjuansac.org\/msj\/wp-content\/uploads\/2025\/10\/5109597570308180794-768x512.jpg 768w, https:\/\/munisanjuansac.org\/msj\/wp-content\/uploads\/2025\/10\/5109597570308180794-600x400.jpg 600w, https:\/\/munisanjuansac.org\/msj\/wp-content\/uploads\/2025\/10\/5109597570308180794-272x182.jpg 272w\" sizes=\"(max-width: 1280px) 100vw, 1280px\" \/><\/a> <a href=\"https:\/\/munisanjuansac.org\/msj\/alcalde-juan-carlos-pellecer-recibe-al-embajador-de-la-india-en-un-encuentro-cultural\/attachment\/5109597570308180795\/\" rel=\"attachment wp-att-7337\"><img loading=\"lazy\" decoding=\"async\" class=\"aligncenter size-full wp-image-7337\" src=\"https:\/\/munisanjuansac.org\/msj\/wp-content\/uploads\/2025\/10\/5109597570308180795.jpg\" alt=\"\" width=\"1280\" height=\"853\" srcset=\"https:\/\/munisanjuansac.org\/msj\/wp-content\/uploads\/2025\/10\/5109597570308180795.jpg 1280w, https:\/\/munisanjuansac.org\/msj\/wp-content\/uploads\/2025\/10\/5109597570308180795-300x200.jpg 300w, https:\/\/munisanjuansac.org\/msj\/wp-content\/uploads\/2025\/10\/5109597570308180795-1024x682.jpg 1024w, https:\/\/munisanjuansac.org\/msj\/wp-content\/uploads\/2025\/10\/5109597570308180795-768x512.jpg 768w, https:\/\/munisanjuansac.org\/msj\/wp-content\/uploads\/2025\/10\/5109597570308180795-600x400.jpg 600w, https:\/\/munisanjuansac.org\/msj\/wp-content\/uploads\/2025\/10\/5109597570308180795-272x182.jpg 272w\" sizes=\"(max-width: 1280px) 100vw, 1280px\" \/><\/a> <a href=\"https:\/\/munisanjuansac.org\/msj\/alcalde-juan-carlos-pellecer-recibe-al-embajador-de-la-india-en-un-encuentro-cultural\/attachment\/5109597570308180796\/\" rel=\"attachment wp-att-7338\"><img loading=\"lazy\" decoding=\"async\" class=\"aligncenter size-full wp-image-7338\" src=\"https:\/\/munisanjuansac.org\/msj\/wp-content\/uploads\/2025\/10\/5109597570308180796.jpg\" alt=\"\" width=\"1280\" height=\"853\" srcset=\"https:\/\/munisanjuansac.org\/msj\/wp-content\/uploads\/2025\/10\/5109597570308180796.jpg 1280w, https:\/\/munisanjuansac.org\/msj\/wp-content\/uploads\/2025\/10\/5109597570308180796-300x200.jpg 300w, https:\/\/munisanjuansac.org\/msj\/wp-content\/uploads\/2025\/10\/5109597570308180796-1024x682.jpg 1024w, https:\/\/munisanjuansac.org\/msj\/wp-content\/uploads\/2025\/10\/5109597570308180796-768x512.jpg 768w, https:\/\/munisanjuansac.org\/msj\/wp-content\/uploads\/2025\/10\/5109597570308180796-600x400.jpg 600w, https:\/\/munisanjuansac.org\/msj\/wp-content\/uploads\/2025\/10\/5109597570308180796-272x182.jpg 272w\" sizes=\"(max-width: 1280px) 100vw, 1280px\" \/><\/a> <a href=\"https:\/\/munisanjuansac.org\/msj\/alcalde-juan-carlos-pellecer-recibe-al-embajador-de-la-india-en-un-encuentro-cultural\/attachment\/5109597570308180797\/\" rel=\"attachment wp-att-7339\"><img loading=\"lazy\" decoding=\"async\" class=\"aligncenter size-full wp-image-7339\" src=\"https:\/\/munisanjuansac.org\/msj\/wp-content\/uploads\/2025\/10\/5109597570308180797.jpg\" alt=\"\" width=\"853\" height=\"1280\" srcset=\"https:\/\/munisanjuansac.org\/msj\/wp-content\/uploads\/2025\/10\/5109597570308180797.jpg 853w, https:\/\/munisanjuansac.org\/msj\/wp-content\/uploads\/2025\/10\/5109597570308180797-200x300.jpg 200w, https:\/\/munisanjuansac.org\/msj\/wp-content\/uploads\/2025\/10\/5109597570308180797-682x1024.jpg 682w, https:\/\/munisanjuansac.org\/msj\/wp-content\/uploads\/2025\/10\/5109597570308180797-768x1152.jpg 768w, https:\/\/munisanjuansac.org\/msj\/wp-content\/uploads\/2025\/10\/5109597570308180797-600x900.jpg 600w\" sizes=\"(max-width: 853px) 100vw, 853px\" \/><\/a> <a href=\"https:\/\/munisanjuansac.org\/msj\/alcalde-juan-carlos-pellecer-recibe-al-embajador-de-la-india-en-un-encuentro-cultural\/attachment\/5109597570308180798\/\" rel=\"attachment wp-att-7340\"><img loading=\"lazy\" decoding=\"async\" class=\"aligncenter size-full wp-image-7340\" src=\"https:\/\/munisanjuansac.org\/msj\/wp-content\/uploads\/2025\/10\/5109597570308180798.jpg\" alt=\"\" width=\"853\" height=\"1280\" srcset=\"https:\/\/munisanjuansac.org\/msj\/wp-content\/uploads\/2025\/10\/5109597570308180798.jpg 853w, https:\/\/munisanjuansac.org\/msj\/wp-content\/uploads\/2025\/10\/5109597570308180798-200x300.jpg 200w, https:\/\/munisanjuansac.org\/msj\/wp-content\/uploads\/2025\/10\/5109597570308180798-682x1024.jpg 682w, https:\/\/munisanjuansac.org\/msj\/wp-content\/uploads\/2025\/10\/5109597570308180798-768x1152.jpg 768w, https:\/\/munisanjuansac.org\/msj\/wp-content\/uploads\/2025\/10\/5109597570308180798-600x900.jpg 600w\" sizes=\"(max-width: 853px) 100vw, 853px\" \/><\/a> <a href=\"https:\/\/munisanjuansac.org\/msj\/alcalde-juan-carlos-pellecer-recibe-al-embajador-de-la-india-en-un-encuentro-cultural\/attachment\/5107100403307842401\/\" rel=\"attachment wp-att-7341\"><img loading=\"lazy\" decoding=\"async\" class=\"aligncenter size-full wp-image-7341\" src=\"https:\/\/munisanjuansac.org\/msj\/wp-content\/uploads\/2025\/10\/5107100403307842401.jpg\" alt=\"\" width=\"1280\" height=\"853\" srcset=\"https:\/\/munisanjuansac.org\/msj\/wp-content\/uploads\/2025\/10\/5107100403307842401.jpg 1280w, https:\/\/munisanjuansac.org\/msj\/wp-content\/uploads\/2025\/10\/5107100403307842401-300x200.jpg 300w, https:\/\/munisanjuansac.org\/msj\/wp-content\/uploads\/2025\/10\/5107100403307842401-1024x682.jpg 1024w, https:\/\/munisanjuansac.org\/msj\/wp-content\/uploads\/2025\/10\/5107100403307842401-768x512.jpg 768w, https:\/\/munisanjuansac.org\/msj\/wp-content\/uploads\/2025\/10\/5107100403307842401-600x400.jpg 600w, https:\/\/munisanjuansac.org\/msj\/wp-content\/uploads\/2025\/10\/5107100403307842401-272x182.jpg 272w\" sizes=\"(max-width: 1280px) 100vw, 1280px\" \/><\/a><\/p>\n<p>&nbsp;<\/p>\n","protected":false},"excerpt":{"rendered":"<p>El alcalde Juan Carlos Pellecer, recibi\u00f3 la distinguida visita del Embajador designado de la India en Guatemala, H.E. Raj Kumar Singh, en un encuentro que dej\u00f3 huella en San Juan&hellip;<\/p>\n","protected":false},"author":5,"featured_media":7339,"comment_status":"closed","ping_status":"closed","sticky":false,"template":"","format":"standard","meta":{"footnotes":""},"categories":[9],"tags":[],"class_list":["post-7332","post","type-post","status-publish","format-standard","has-post-thumbnail","hentry","category-proyectos"],"yoast_head":"<!-- This site is optimized with the Yoast SEO plugin v22.0 - https:\/\/yoast.com\/wordpress\/plugins\/seo\/ -->\n<title>Alcalde Juan Carlos Pellecer, Recibe al Embajador de la India en un Encuentro Cultural - Municipalidad de San Juan Sacatep\u00e9quez<\/title>\n<meta name=\"description\" content=\"El alcalde Juan Carlos Pellecer, recibi\u00f3 la distinguida visita del Embajador designado de la India en Guatemala, H.E. Raj Kumar Singh, en un encuentro que dej\u00f3 huella en San Juan Sacatep\u00e9quez.\" \/>\n<meta name=\"robots\" content=\"index, follow, max-snippet:-1, max-image-preview:large, max-video-preview:-1\" \/>\n<link rel=\"canonical\" href=\"https:\/\/munisanjuansac.org\/msj\/alcalde-juan-carlos-pellecer-recibe-al-embajador-de-la-india-en-un-encuentro-cultural\/\" \/>\n<meta property=\"og:locale\" content=\"es_ES\" \/>\n<meta property=\"og:type\" content=\"article\" \/>\n<meta property=\"og:title\" content=\"Alcalde Juan Carlos Pellecer, Recibe al Embajador de la India en un Encuentro Cultural - Municipalidad de San Juan Sacatep\u00e9quez\" \/>\n<meta property=\"og:description\" content=\"El alcalde Juan Carlos Pellecer, recibi\u00f3 la distinguida visita del Embajador designado de la India en Guatemala, H.E. Raj Kumar Singh, en un encuentro que dej\u00f3 huella en San Juan Sacatep\u00e9quez.\" \/>\n<meta property=\"og:url\" content=\"https:\/\/munisanjuansac.org\/msj\/alcalde-juan-carlos-pellecer-recibe-al-embajador-de-la-india-en-un-encuentro-cultural\/\" \/>\n<meta property=\"og:site_name\" content=\"Municipalidad de San Juan Sacatep\u00e9quez\" \/>\n<meta property=\"article:publisher\" content=\"https:\/\/www.facebook.com\/MunicipalidadSanJuanSacatepequez\" \/>\n<meta property=\"article:published_time\" content=\"2025-10-01T02:49:30+00:00\" \/>\n<meta property=\"article:modified_time\" content=\"2025-10-01T02:49:31+00:00\" \/>\n<meta property=\"og:image\" content=\"https:\/\/munisanjuansac.org\/msj\/wp-content\/uploads\/2025\/10\/5109597570308180797.jpg\" \/>\n\t<meta property=\"og:image:width\" content=\"853\" \/>\n\t<meta property=\"og:image:height\" content=\"1280\" \/>\n\t<meta property=\"og:image:type\" content=\"image\/jpeg\" \/>\n<meta name=\"author\" content=\"Administrador\" \/>\n<meta name=\"twitter:card\" content=\"summary_large_image\" \/>\n<meta name=\"twitter:creator\" content=\"@SanJuanSacatep1\" \/>\n<meta name=\"twitter:site\" content=\"@SanJuanSacatep1\" \/>\n<meta name=\"twitter:label1\" content=\"Escrito por\" \/>\n\t<meta name=\"twitter:data1\" content=\"Administrador\" \/>\n\t<meta name=\"twitter:label2\" content=\"Tiempo de lectura\" \/>\n\t<meta name=\"twitter:data2\" content=\"3 minutos\" \/>\n<script type=\"application\/ld+json\" class=\"yoast-schema-graph\">{\"@context\":\"https:\/\/schema.org\",\"@graph\":[{\"@type\":\"Article\",\"@id\":\"https:\/\/munisanjuansac.org\/msj\/alcalde-juan-carlos-pellecer-recibe-al-embajador-de-la-india-en-un-encuentro-cultural\/#article\",\"isPartOf\":{\"@id\":\"https:\/\/munisanjuansac.org\/msj\/alcalde-juan-carlos-pellecer-recibe-al-embajador-de-la-india-en-un-encuentro-cultural\/\"},\"author\":{\"name\":\"Administrador\",\"@id\":\"https:\/\/munisanjuansac.org\/msj\/#\/schema\/person\/484a895a5cbc0a787bb929e3b7fad0a0\"},\"headline\":\"Alcalde Juan Carlos Pellecer, Recibe al Embajador de la India en un Encuentro Cultural\",\"datePublished\":\"2025-10-01T02:49:30+00:00\",\"dateModified\":\"2025-10-01T02:49:31+00:00\",\"mainEntityOfPage\":{\"@id\":\"https:\/\/munisanjuansac.org\/msj\/alcalde-juan-carlos-pellecer-recibe-al-embajador-de-la-india-en-un-encuentro-cultural\/\"},\"wordCount\":181,\"publisher\":{\"@id\":\"https:\/\/munisanjuansac.org\/msj\/#organization\"},\"articleSection\":[\"PROYECTOS\"],\"inLanguage\":\"es\"},{\"@type\":\"WebPage\",\"@id\":\"https:\/\/munisanjuansac.org\/msj\/alcalde-juan-carlos-pellecer-recibe-al-embajador-de-la-india-en-un-encuentro-cultural\/\",\"url\":\"https:\/\/munisanjuansac.org\/msj\/alcalde-juan-carlos-pellecer-recibe-al-embajador-de-la-india-en-un-encuentro-cultural\/\",\"name\":\"Alcalde Juan Carlos Pellecer, Recibe al Embajador de la India en un Encuentro Cultural - Municipalidad de San Juan Sacatep\u00e9quez\",\"isPartOf\":{\"@id\":\"https:\/\/munisanjuansac.org\/msj\/#website\"},\"datePublished\":\"2025-10-01T02:49:30+00:00\",\"dateModified\":\"2025-10-01T02:49:31+00:00\",\"description\":\"El alcalde Juan Carlos Pellecer, recibi\u00f3 la distinguida visita del Embajador designado de la India en Guatemala, H.E. Raj Kumar Singh, en un encuentro que dej\u00f3 huella en San Juan Sacatep\u00e9quez.\",\"breadcrumb\":{\"@id\":\"https:\/\/munisanjuansac.org\/msj\/alcalde-juan-carlos-pellecer-recibe-al-embajador-de-la-india-en-un-encuentro-cultural\/#breadcrumb\"},\"inLanguage\":\"es\",\"potentialAction\":[{\"@type\":\"ReadAction\",\"target\":[\"https:\/\/munisanjuansac.org\/msj\/alcalde-juan-carlos-pellecer-recibe-al-embajador-de-la-india-en-un-encuentro-cultural\/\"]}]},{\"@type\":\"BreadcrumbList\",\"@id\":\"https:\/\/munisanjuansac.org\/msj\/alcalde-juan-carlos-pellecer-recibe-al-embajador-de-la-india-en-un-encuentro-cultural\/#breadcrumb\",\"itemListElement\":[{\"@type\":\"ListItem\",\"position\":1,\"name\":\"Portada\",\"item\":\"https:\/\/munisanjuansac.org\/msj\/\"},{\"@type\":\"ListItem\",\"position\":2,\"name\":\"Alcalde Juan Carlos Pellecer, Recibe al Embajador de la India en un Encuentro Cultural\"}]},{\"@type\":\"WebSite\",\"@id\":\"https:\/\/munisanjuansac.org\/msj\/#website\",\"url\":\"https:\/\/munisanjuansac.org\/msj\/\",\"name\":\"Municipalidad de San Juan Sacatep\u00e9quez\",\"description\":\"\",\"publisher\":{\"@id\":\"https:\/\/munisanjuansac.org\/msj\/#organization\"},\"potentialAction\":[{\"@type\":\"SearchAction\",\"target\":{\"@type\":\"EntryPoint\",\"urlTemplate\":\"https:\/\/munisanjuansac.org\/msj\/?s={search_term_string}\"},\"query-input\":\"required name=search_term_string\"}],\"inLanguage\":\"es\"},{\"@type\":\"Organization\",\"@id\":\"https:\/\/munisanjuansac.org\/msj\/#organization\",\"name\":\"Municipalidad de San Juan Sacatep\u00e9quez\",\"url\":\"https:\/\/munisanjuansac.org\/msj\/\",\"logo\":{\"@type\":\"ImageObject\",\"inLanguage\":\"es\",\"@id\":\"https:\/\/munisanjuansac.org\/msj\/#\/schema\/logo\/image\/\",\"url\":\"https:\/\/munisanjuansac.org\/msj\/wp-content\/uploads\/2023\/11\/LOGO-45-DE-ANCHO-POR-50-DE-ALTO-DERECHO-E-IZQUIERDO-921x1024.png\",\"contentUrl\":\"https:\/\/munisanjuansac.org\/msj\/wp-content\/uploads\/2023\/11\/LOGO-45-DE-ANCHO-POR-50-DE-ALTO-DERECHO-E-IZQUIERDO-921x1024.png\",\"width\":921,\"height\":1024,\"caption\":\"Municipalidad de San Juan Sacatep\u00e9quez\"},\"image\":{\"@id\":\"https:\/\/munisanjuansac.org\/msj\/#\/schema\/logo\/image\/\"},\"sameAs\":[\"https:\/\/www.facebook.com\/MunicipalidadSanJuanSacatepequez\",\"https:\/\/twitter.com\/SanJuanSacatep1\",\"https:\/\/www.youtube.com\/@municipalidadsanjuansacate2849\/videos\",\"https:\/\/www.tiktok.com\/@munisanjuansac?lang=es\",\"https:\/\/www.tiktok.com\/@jc_pellecer?lang=es\"]},{\"@type\":\"Person\",\"@id\":\"https:\/\/munisanjuansac.org\/msj\/#\/schema\/person\/484a895a5cbc0a787bb929e3b7fad0a0\",\"name\":\"Administrador\",\"image\":{\"@type\":\"ImageObject\",\"inLanguage\":\"es\",\"@id\":\"https:\/\/munisanjuansac.org\/msj\/#\/schema\/person\/image\/\",\"url\":\"https:\/\/munisanjuansac.org\/msj\/wp-content\/uploads\/2025\/08\/escudo-96x96.png\",\"contentUrl\":\"https:\/\/munisanjuansac.org\/msj\/wp-content\/uploads\/2025\/08\/escudo-96x96.png\",\"caption\":\"Administrador\"},\"description\":\"Municipalidad de San Juan Sacatepequez, Guatemala - 2025\",\"url\":\"https:\/\/munisanjuansac.org\/msj\/author\/soporte\/\"}]}<\/script>\n<!-- \/ Yoast SEO plugin. -->","yoast_head_json":{"title":"Alcalde Juan Carlos Pellecer, Recibe al Embajador de la India en un Encuentro Cultural - Municipalidad de San Juan Sacatep\u00e9quez","description":"El alcalde Juan Carlos Pellecer, recibi\u00f3 la distinguida visita del Embajador designado de la India en Guatemala, H.E. Raj Kumar Singh, en un encuentro que dej\u00f3 huella en San Juan Sacatep\u00e9quez.","robots":{"index":"index","follow":"follow","max-snippet":"max-snippet:-1","max-image-preview":"max-image-preview:large","max-video-preview":"max-video-preview:-1"},"canonical":"https:\/\/munisanjuansac.org\/msj\/alcalde-juan-carlos-pellecer-recibe-al-embajador-de-la-india-en-un-encuentro-cultural\/","og_locale":"es_ES","og_type":"article","og_title":"Alcalde Juan Carlos Pellecer, Recibe al Embajador de la India en un Encuentro Cultural - Municipalidad de San Juan Sacatep\u00e9quez","og_description":"El alcalde Juan Carlos Pellecer, recibi\u00f3 la distinguida visita del Embajador designado de la India en Guatemala, H.E. Raj Kumar Singh, en un encuentro que dej\u00f3 huella en San Juan Sacatep\u00e9quez.","og_url":"https:\/\/munisanjuansac.org\/msj\/alcalde-juan-carlos-pellecer-recibe-al-embajador-de-la-india-en-un-encuentro-cultural\/","og_site_name":"Municipalidad de San Juan Sacatep\u00e9quez","article_publisher":"https:\/\/www.facebook.com\/MunicipalidadSanJuanSacatepequez","article_published_time":"2025-10-01T02:49:30+00:00","article_modified_time":"2025-10-01T02:49:31+00:00","og_image":[{"width":853,"height":1280,"url":"https:\/\/munisanjuansac.org\/msj\/wp-content\/uploads\/2025\/10\/5109597570308180797.jpg","type":"image\/jpeg"}],"author":"Administrador","twitter_card":"summary_large_image","twitter_creator":"@SanJuanSacatep1","twitter_site":"@SanJuanSacatep1","twitter_misc":{"Escrito por":"Administrador","Tiempo de lectura":"3 minutos"},"schema":{"@context":"https:\/\/schema.org","@graph":[{"@type":"Article","@id":"https:\/\/munisanjuansac.org\/msj\/alcalde-juan-carlos-pellecer-recibe-al-embajador-de-la-india-en-un-encuentro-cultural\/#article","isPartOf":{"@id":"https:\/\/munisanjuansac.org\/msj\/alcalde-juan-carlos-pellecer-recibe-al-embajador-de-la-india-en-un-encuentro-cultural\/"},"author":{"name":"Administrador","@id":"https:\/\/munisanjuansac.org\/msj\/#\/schema\/person\/484a895a5cbc0a787bb929e3b7fad0a0"},"headline":"Alcalde Juan Carlos Pellecer, Recibe al Embajador de la India en un Encuentro Cultural","datePublished":"2025-10-01T02:49:30+00:00","dateModified":"2025-10-01T02:49:31+00:00","mainEntityOfPage":{"@id":"https:\/\/munisanjuansac.org\/msj\/alcalde-juan-carlos-pellecer-recibe-al-embajador-de-la-india-en-un-encuentro-cultural\/"},"wordCount":181,"publisher":{"@id":"https:\/\/munisanjuansac.org\/msj\/#organization"},"articleSection":["PROYECTOS"],"inLanguage":"es"},{"@type":"WebPage","@id":"https:\/\/munisanjuansac.org\/msj\/alcalde-juan-carlos-pellecer-recibe-al-embajador-de-la-india-en-un-encuentro-cultural\/","url":"https:\/\/munisanjuansac.org\/msj\/alcalde-juan-carlos-pellecer-recibe-al-embajador-de-la-india-en-un-encuentro-cultural\/","name":"Alcalde Juan Carlos Pellecer, Recibe al Embajador de la India en un Encuentro Cultural - Municipalidad de San Juan Sacatep\u00e9quez","isPartOf":{"@id":"https:\/\/munisanjuansac.org\/msj\/#website"},"datePublished":"2025-10-01T02:49:30+00:00","dateModified":"2025-10-01T02:49:31+00:00","description":"El alcalde Juan Carlos Pellecer, recibi\u00f3 la distinguida visita del Embajador designado de la India en Guatemala, H.E. Raj Kumar Singh, en un encuentro que dej\u00f3 huella en San Juan Sacatep\u00e9quez.","breadcrumb":{"@id":"https:\/\/munisanjuansac.org\/msj\/alcalde-juan-carlos-pellecer-recibe-al-embajador-de-la-india-en-un-encuentro-cultural\/#breadcrumb"},"inLanguage":"es","potentialAction":[{"@type":"ReadAction","target":["https:\/\/munisanjuansac.org\/msj\/alcalde-juan-carlos-pellecer-recibe-al-embajador-de-la-india-en-un-encuentro-cultural\/"]}]},{"@type":"BreadcrumbList","@id":"https:\/\/munisanjuansac.org\/msj\/alcalde-juan-carlos-pellecer-recibe-al-embajador-de-la-india-en-un-encuentro-cultural\/#breadcrumb","itemListElement":[{"@type":"ListItem","position":1,"name":"Portada","item":"https:\/\/munisanjuansac.org\/msj\/"},{"@type":"ListItem","position":2,"name":"Alcalde Juan Carlos Pellecer, Recibe al Embajador de la India en un Encuentro Cultural"}]},{"@type":"WebSite","@id":"https:\/\/munisanjuansac.org\/msj\/#website","url":"https:\/\/munisanjuansac.org\/msj\/","name":"Municipalidad de San Juan Sacatep\u00e9quez","description":"","publisher":{"@id":"https:\/\/munisanjuansac.org\/msj\/#organization"},"potentialAction":[{"@type":"SearchAction","target":{"@type":"EntryPoint","urlTemplate":"https:\/\/munisanjuansac.org\/msj\/?s={search_term_string}"},"query-input":"required name=search_term_string"}],"inLanguage":"es"},{"@type":"Organization","@id":"https:\/\/munisanjuansac.org\/msj\/#organization","name":"Municipalidad de San Juan Sacatep\u00e9quez","url":"https:\/\/munisanjuansac.org\/msj\/","logo":{"@type":"ImageObject","inLanguage":"es","@id":"https:\/\/munisanjuansac.org\/msj\/#\/schema\/logo\/image\/","url":"https:\/\/munisanjuansac.org\/msj\/wp-content\/uploads\/2023\/11\/LOGO-45-DE-ANCHO-POR-50-DE-ALTO-DERECHO-E-IZQUIERDO-921x1024.png","contentUrl":"https:\/\/munisanjuansac.org\/msj\/wp-content\/uploads\/2023\/11\/LOGO-45-DE-ANCHO-POR-50-DE-ALTO-DERECHO-E-IZQUIERDO-921x1024.png","width":921,"height":1024,"caption":"Municipalidad de San Juan Sacatep\u00e9quez"},"image":{"@id":"https:\/\/munisanjuansac.org\/msj\/#\/schema\/logo\/image\/"},"sameAs":["https:\/\/www.facebook.com\/MunicipalidadSanJuanSacatepequez","https:\/\/twitter.com\/SanJuanSacatep1","https:\/\/www.youtube.com\/@municipalidadsanjuansacate2849\/videos","https:\/\/www.tiktok.com\/@munisanjuansac?lang=es","https:\/\/www.tiktok.com\/@jc_pellecer?lang=es"]},{"@type":"Person","@id":"https:\/\/munisanjuansac.org\/msj\/#\/schema\/person\/484a895a5cbc0a787bb929e3b7fad0a0","name":"Administrador","image":{"@type":"ImageObject","inLanguage":"es","@id":"https:\/\/munisanjuansac.org\/msj\/#\/schema\/person\/image\/","url":"https:\/\/munisanjuansac.org\/msj\/wp-content\/uploads\/2025\/08\/escudo-96x96.png","contentUrl":"https:\/\/munisanjuansac.org\/msj\/wp-content\/uploads\/2025\/08\/escudo-96x96.png","caption":"Administrador"},"description":"Municipalidad de San Juan Sacatepequez, Guatemala - 2025","url":"https:\/\/munisanjuansac.org\/msj\/author\/soporte\/"}]}},"_links":{"self":[{"href":"https:\/\/munisanjuansac.org\/msj\/wp-json\/wp\/v2\/posts\/7332","targetHints":{"allow":["GET"]}}],"collection":[{"href":"https:\/\/munisanjuansac.org\/msj\/wp-json\/wp\/v2\/posts"}],"about":[{"href":"https:\/\/munisanjuansac.org\/msj\/wp-json\/wp\/v2\/types\/post"}],"author":[{"embeddable":true,"href":"https:\/\/munisanjuansac.org\/msj\/wp-json\/wp\/v2\/users\/5"}],"replies":[{"embeddable":true,"href":"https:\/\/munisanjuansac.org\/msj\/wp-json\/wp\/v2\/comments?post=7332"}],"version-history":[{"count":2,"href":"https:\/\/munisanjuansac.org\/msj\/wp-json\/wp\/v2\/posts\/7332\/revisions"}],"predecessor-version":[{"id":7343,"href":"https:\/\/munisanjuansac.org\/msj\/wp-json\/wp\/v2\/posts\/7332\/revisions\/7343"}],"wp:featuredmedia":[{"embeddable":true,"href":"https:\/\/munisanjuansac.org\/msj\/wp-json\/wp\/v2\/media\/7339"}],"wp:attachment":[{"href":"https:\/\/munisanjuansac.org\/msj\/wp-json\/wp\/v2\/media?parent=7332"}],"wp:term":[{"taxonomy":"category","embeddable":true,"href":"https:\/\/munisanjuansac.org\/msj\/wp-json\/wp\/v2\/categories?post=7332"},{"taxonomy":"post_tag","embeddable":true,"href":"https:\/\/munisanjuansac.org\/msj\/wp-json\/wp\/v2\/tags?post=7332"}],"curies":[{"name":"wp","href":"https:\/\/api.w.org\/{rel}","templated":true}]}}