{"id":7005,"date":"2025-04-03T20:46:27","date_gmt":"2025-04-03T20:46:27","guid":{"rendered":"https:\/\/munisanjuansac.org\/msj\/?p=7005"},"modified":"2025-04-03T20:47:42","modified_gmt":"2025-04-03T20:47:42","slug":"alcalde-pellecer-aclara-sobre-el-impuesto-del-iusi","status":"publish","type":"post","link":"https:\/\/munisanjuansac.org\/msj\/alcalde-pellecer-aclara-sobre-el-impuesto-del-iusi\/","title":{"rendered":"Alcalde Juan Carlos Pellecer aclara sobre el impuesto del IUSI y su impacto en el desarrollo del Municipio"},"content":{"rendered":"<p>En una reciente entrevista, el alcalde de San Juan Sacatep\u00e9quez Juan Carlos Pellecer aclar\u00f3 que <strong>el Impuesto \u00danico sobre Inmuebles (IUSI) no fue implementado por la municipalidad ni por su administraci\u00f3n, sino que es una disposici\u00f3n establecida por el Congreso de la Rep\u00fablica.<\/strong> Enfatiz\u00f3 que dicho tributo es una fuente de ingresos fundamental para el desarrollo del municipio y que su correcta recaudaci\u00f3n permite financiar obras esenciales como el mantenimiento de calles, drenajes y alumbrado p\u00fablico.<\/p>\n<p><a href=\"https:\/\/munisanjuansac.org\/msj\/alcalde-pellecer-aclara-sobre-el-impuesto-del-iusi\/5143512225506504220-2\/\" rel=\"attachment wp-att-7012\"><img fetchpriority=\"high\" decoding=\"async\" class=\"aligncenter size-full wp-image-7012\" src=\"https:\/\/munisanjuansac.org\/msj\/wp-content\/uploads\/2025\/04\/5143512225506504220-1.jpg\" alt=\"\" width=\"800\" height=\"571\" srcset=\"https:\/\/munisanjuansac.org\/msj\/wp-content\/uploads\/2025\/04\/5143512225506504220-1.jpg 800w, https:\/\/munisanjuansac.org\/msj\/wp-content\/uploads\/2025\/04\/5143512225506504220-1-600x428.jpg 600w, https:\/\/munisanjuansac.org\/msj\/wp-content\/uploads\/2025\/04\/5143512225506504220-1-300x214.jpg 300w, https:\/\/munisanjuansac.org\/msj\/wp-content\/uploads\/2025\/04\/5143512225506504220-1-768x548.jpg 768w\" sizes=\"(max-width: 800px) 100vw, 800px\" \/><\/a><\/p>\n<p>El alcalde tambi\u00e9n destac\u00f3 que, seg\u00fan las estad\u00edsticas,<strong> el desarrollo en el municipio ha mostrado una mejora desde 2019 hasta la fecha,<\/strong> reflejando un crecimiento en las \u00e1reas que miden el desarrollo integral. En este sentido, recalc\u00f3 la importancia de la correcta valorizaci\u00f3n de los inmuebles y de cumplir con las obligaciones fiscales para garantizar una inversi\u00f3n adecuada en infraestructura y servicios p\u00fablicos.<\/p>\n<p>Asimismo, denunci\u00f3 que existen malas pr\u00e1cticas en la declaraci\u00f3n de bienes inmuebles, donde algunos propietarios registran precios inferiores al valor real para pagar menos impuestos. Explic\u00f3 que esto impacta negativamente en los ingresos municipales y, por ende, en la capacidad de la municipalidad para mejorar las condiciones de la localidad.<\/p>\n<p>Finalmente, <strong>el alcalde reafirm\u00f3 su compromiso con la administraci\u00f3n transparente de los fondos p\u00fablicos y pidi\u00f3 a la poblaci\u00f3n comprender la relevancia del pago del IUSI<\/strong>, ya que es un recurso que se traduce en mejoras directas para el municipio. Tambi\u00e9n hizo un llamado a no dejarse llevar por informaciones err\u00f3neas difundidas con fines pol\u00edticos y asegur\u00f3 que \u00e9l seguir\u00e1 trabajando en beneficio de todos los vecinos.<\/p>\n<p>Los invitamos a ver el siguiente video, donde el alcalde explica en detalle el tema IUSI y su impacto en el desarrollo del municipio. \ud83c\udfa5\ud83d\udc47<\/p>\n<div class=\"kad-youtube-shortcode videofit\"  ><iframe width=\"600\" height=\"400\" src=\"\/\/www.youtube.com\/embed\/E6E1sIiFHm0?autoplay=0&amp;controls=1&amp;fs=1&amp;modestbranding=0&amp;theme=dark&amp;rel=0&amp;loop=0\" frameborder=\"0\" allowfullscreen=\"true\"><\/iframe><\/div>\n<p>&nbsp;<\/p>\n","protected":false},"excerpt":{"rendered":"<p>En una reciente entrevista, el alcalde de San Juan Sacatep\u00e9quez Juan Carlos Pellecer aclar\u00f3 que el Impuesto \u00danico sobre Inmuebles (IUSI) no fue implementado por la municipalidad ni por su&hellip;<\/p>\n","protected":false},"author":5,"featured_media":7015,"comment_status":"closed","ping_status":"closed","sticky":false,"template":"","format":"standard","meta":{"footnotes":""},"categories":[17],"tags":[],"class_list":["post-7005","post","type-post","status-publish","format-standard","has-post-thumbnail","hentry","category-noticias"],"yoast_head":"<!-- This site is optimized with the Yoast SEO plugin v22.0 - https:\/\/yoast.com\/wordpress\/plugins\/seo\/ -->\n<title>Alcalde Juan Carlos Pellecer aclara sobre el impuesto del IUSI y su impacto en el desarrollo del Municipio - Municipalidad de San Juan Sacatep\u00e9quez<\/title>\n<meta name=\"robots\" content=\"index, follow, max-snippet:-1, max-image-preview:large, max-video-preview:-1\" \/>\n<link rel=\"canonical\" href=\"https:\/\/munisanjuansac.org\/msj\/alcalde-pellecer-aclara-sobre-el-impuesto-del-iusi\/\" \/>\n<meta property=\"og:locale\" content=\"es_ES\" \/>\n<meta property=\"og:type\" content=\"article\" \/>\n<meta property=\"og:title\" content=\"Alcalde Juan Carlos Pellecer aclara sobre el impuesto del IUSI y su impacto en el desarrollo del Municipio - Municipalidad de San Juan Sacatep\u00e9quez\" \/>\n<meta property=\"og:description\" content=\"En una reciente entrevista, el alcalde de San Juan Sacatep\u00e9quez Juan Carlos Pellecer aclar\u00f3 que el Impuesto \u00danico sobre Inmuebles (IUSI) no fue implementado por la municipalidad ni por su&hellip;\" \/>\n<meta property=\"og:url\" content=\"https:\/\/munisanjuansac.org\/msj\/alcalde-pellecer-aclara-sobre-el-impuesto-del-iusi\/\" \/>\n<meta property=\"og:site_name\" content=\"Municipalidad de San Juan Sacatep\u00e9quez\" \/>\n<meta property=\"article:publisher\" content=\"https:\/\/www.facebook.com\/MunicipalidadSanJuanSacatepequez\" \/>\n<meta property=\"article:published_time\" content=\"2025-04-03T20:46:27+00:00\" \/>\n<meta property=\"article:modified_time\" content=\"2025-04-03T20:47:42+00:00\" \/>\n<meta property=\"og:image\" content=\"https:\/\/munisanjuansac.org\/msj\/wp-content\/uploads\/2025\/04\/Miniatura-YT-JC.jpg\" \/>\n\t<meta property=\"og:image:width\" content=\"1280\" \/>\n\t<meta property=\"og:image:height\" content=\"720\" \/>\n\t<meta property=\"og:image:type\" content=\"image\/jpeg\" \/>\n<meta name=\"author\" content=\"Administrador\" \/>\n<meta name=\"twitter:card\" content=\"summary_large_image\" \/>\n<meta name=\"twitter:creator\" content=\"@SanJuanSacatep1\" \/>\n<meta name=\"twitter:site\" content=\"@SanJuanSacatep1\" \/>\n<meta name=\"twitter:label1\" content=\"Escrito por\" \/>\n\t<meta name=\"twitter:data1\" content=\"Administrador\" \/>\n\t<meta name=\"twitter:label2\" content=\"Tiempo de lectura\" \/>\n\t<meta name=\"twitter:data2\" content=\"2 minutos\" \/>\n<script type=\"application\/ld+json\" class=\"yoast-schema-graph\">{\"@context\":\"https:\/\/schema.org\",\"@graph\":[{\"@type\":\"Article\",\"@id\":\"https:\/\/munisanjuansac.org\/msj\/alcalde-pellecer-aclara-sobre-el-impuesto-del-iusi\/#article\",\"isPartOf\":{\"@id\":\"https:\/\/munisanjuansac.org\/msj\/alcalde-pellecer-aclara-sobre-el-impuesto-del-iusi\/\"},\"author\":{\"name\":\"Administrador\",\"@id\":\"https:\/\/munisanjuansac.org\/msj\/#\/schema\/person\/484a895a5cbc0a787bb929e3b7fad0a0\"},\"headline\":\"Alcalde Juan Carlos Pellecer aclara sobre el impuesto del IUSI y su impacto en el desarrollo del Municipio\",\"datePublished\":\"2025-04-03T20:46:27+00:00\",\"dateModified\":\"2025-04-03T20:47:42+00:00\",\"mainEntityOfPage\":{\"@id\":\"https:\/\/munisanjuansac.org\/msj\/alcalde-pellecer-aclara-sobre-el-impuesto-del-iusi\/\"},\"wordCount\":327,\"publisher\":{\"@id\":\"https:\/\/munisanjuansac.org\/msj\/#organization\"},\"articleSection\":[\"CURSOS Y TALLERES\"],\"inLanguage\":\"es\"},{\"@type\":\"WebPage\",\"@id\":\"https:\/\/munisanjuansac.org\/msj\/alcalde-pellecer-aclara-sobre-el-impuesto-del-iusi\/\",\"url\":\"https:\/\/munisanjuansac.org\/msj\/alcalde-pellecer-aclara-sobre-el-impuesto-del-iusi\/\",\"name\":\"Alcalde Juan Carlos Pellecer aclara sobre el impuesto del IUSI y su impacto en el desarrollo del Municipio - Municipalidad de San Juan Sacatep\u00e9quez\",\"isPartOf\":{\"@id\":\"https:\/\/munisanjuansac.org\/msj\/#website\"},\"datePublished\":\"2025-04-03T20:46:27+00:00\",\"dateModified\":\"2025-04-03T20:47:42+00:00\",\"breadcrumb\":{\"@id\":\"https:\/\/munisanjuansac.org\/msj\/alcalde-pellecer-aclara-sobre-el-impuesto-del-iusi\/#breadcrumb\"},\"inLanguage\":\"es\",\"potentialAction\":[{\"@type\":\"ReadAction\",\"target\":[\"https:\/\/munisanjuansac.org\/msj\/alcalde-pellecer-aclara-sobre-el-impuesto-del-iusi\/\"]}]},{\"@type\":\"BreadcrumbList\",\"@id\":\"https:\/\/munisanjuansac.org\/msj\/alcalde-pellecer-aclara-sobre-el-impuesto-del-iusi\/#breadcrumb\",\"itemListElement\":[{\"@type\":\"ListItem\",\"position\":1,\"name\":\"Portada\",\"item\":\"https:\/\/munisanjuansac.org\/msj\/\"},{\"@type\":\"ListItem\",\"position\":2,\"name\":\"Alcalde Juan Carlos Pellecer aclara sobre el impuesto del IUSI y su impacto en el desarrollo del Municipio\"}]},{\"@type\":\"WebSite\",\"@id\":\"https:\/\/munisanjuansac.org\/msj\/#website\",\"url\":\"https:\/\/munisanjuansac.org\/msj\/\",\"name\":\"Municipalidad de San Juan Sacatep\u00e9quez\",\"description\":\"\",\"publisher\":{\"@id\":\"https:\/\/munisanjuansac.org\/msj\/#organization\"},\"potentialAction\":[{\"@type\":\"SearchAction\",\"target\":{\"@type\":\"EntryPoint\",\"urlTemplate\":\"https:\/\/munisanjuansac.org\/msj\/?s={search_term_string}\"},\"query-input\":\"required name=search_term_string\"}],\"inLanguage\":\"es\"},{\"@type\":\"Organization\",\"@id\":\"https:\/\/munisanjuansac.org\/msj\/#organization\",\"name\":\"Municipalidad de San Juan Sacatep\u00e9quez\",\"url\":\"https:\/\/munisanjuansac.org\/msj\/\",\"logo\":{\"@type\":\"ImageObject\",\"inLanguage\":\"es\",\"@id\":\"https:\/\/munisanjuansac.org\/msj\/#\/schema\/logo\/image\/\",\"url\":\"https:\/\/munisanjuansac.org\/msj\/wp-content\/uploads\/2023\/11\/LOGO-45-DE-ANCHO-POR-50-DE-ALTO-DERECHO-E-IZQUIERDO-921x1024.png\",\"contentUrl\":\"https:\/\/munisanjuansac.org\/msj\/wp-content\/uploads\/2023\/11\/LOGO-45-DE-ANCHO-POR-50-DE-ALTO-DERECHO-E-IZQUIERDO-921x1024.png\",\"width\":921,\"height\":1024,\"caption\":\"Municipalidad de San Juan Sacatep\u00e9quez\"},\"image\":{\"@id\":\"https:\/\/munisanjuansac.org\/msj\/#\/schema\/logo\/image\/\"},\"sameAs\":[\"https:\/\/www.facebook.com\/MunicipalidadSanJuanSacatepequez\",\"https:\/\/twitter.com\/SanJuanSacatep1\",\"https:\/\/www.youtube.com\/@municipalidadsanjuansacate2849\/videos\",\"https:\/\/www.tiktok.com\/@munisanjuansac?lang=es\",\"https:\/\/www.tiktok.com\/@jc_pellecer?lang=es\"]},{\"@type\":\"Person\",\"@id\":\"https:\/\/munisanjuansac.org\/msj\/#\/schema\/person\/484a895a5cbc0a787bb929e3b7fad0a0\",\"name\":\"Administrador\",\"image\":{\"@type\":\"ImageObject\",\"inLanguage\":\"es\",\"@id\":\"https:\/\/munisanjuansac.org\/msj\/#\/schema\/person\/image\/\",\"url\":\"https:\/\/munisanjuansac.org\/msj\/wp-content\/uploads\/2025\/08\/escudo-96x96.png\",\"contentUrl\":\"https:\/\/munisanjuansac.org\/msj\/wp-content\/uploads\/2025\/08\/escudo-96x96.png\",\"caption\":\"Administrador\"},\"description\":\"Municipalidad de San Juan Sacatepequez, Guatemala - 2025\",\"url\":\"https:\/\/munisanjuansac.org\/msj\/author\/soporte\/\"}]}<\/script>\n<!-- \/ Yoast SEO plugin. -->","yoast_head_json":{"title":"Alcalde Juan Carlos Pellecer aclara sobre el impuesto del IUSI y su impacto en el desarrollo del Municipio - Municipalidad de San Juan Sacatep\u00e9quez","robots":{"index":"index","follow":"follow","max-snippet":"max-snippet:-1","max-image-preview":"max-image-preview:large","max-video-preview":"max-video-preview:-1"},"canonical":"https:\/\/munisanjuansac.org\/msj\/alcalde-pellecer-aclara-sobre-el-impuesto-del-iusi\/","og_locale":"es_ES","og_type":"article","og_title":"Alcalde Juan Carlos Pellecer aclara sobre el impuesto del IUSI y su impacto en el desarrollo del Municipio - Municipalidad de San Juan Sacatep\u00e9quez","og_description":"En una reciente entrevista, el alcalde de San Juan Sacatep\u00e9quez Juan Carlos Pellecer aclar\u00f3 que el Impuesto \u00danico sobre Inmuebles (IUSI) no fue implementado por la municipalidad ni por su&hellip;","og_url":"https:\/\/munisanjuansac.org\/msj\/alcalde-pellecer-aclara-sobre-el-impuesto-del-iusi\/","og_site_name":"Municipalidad de San Juan Sacatep\u00e9quez","article_publisher":"https:\/\/www.facebook.com\/MunicipalidadSanJuanSacatepequez","article_published_time":"2025-04-03T20:46:27+00:00","article_modified_time":"2025-04-03T20:47:42+00:00","og_image":[{"width":1280,"height":720,"url":"https:\/\/munisanjuansac.org\/msj\/wp-content\/uploads\/2025\/04\/Miniatura-YT-JC.jpg","type":"image\/jpeg"}],"author":"Administrador","twitter_card":"summary_large_image","twitter_creator":"@SanJuanSacatep1","twitter_site":"@SanJuanSacatep1","twitter_misc":{"Escrito por":"Administrador","Tiempo de lectura":"2 minutos"},"schema":{"@context":"https:\/\/schema.org","@graph":[{"@type":"Article","@id":"https:\/\/munisanjuansac.org\/msj\/alcalde-pellecer-aclara-sobre-el-impuesto-del-iusi\/#article","isPartOf":{"@id":"https:\/\/munisanjuansac.org\/msj\/alcalde-pellecer-aclara-sobre-el-impuesto-del-iusi\/"},"author":{"name":"Administrador","@id":"https:\/\/munisanjuansac.org\/msj\/#\/schema\/person\/484a895a5cbc0a787bb929e3b7fad0a0"},"headline":"Alcalde Juan Carlos Pellecer aclara sobre el impuesto del IUSI y su impacto en el desarrollo del Municipio","datePublished":"2025-04-03T20:46:27+00:00","dateModified":"2025-04-03T20:47:42+00:00","mainEntityOfPage":{"@id":"https:\/\/munisanjuansac.org\/msj\/alcalde-pellecer-aclara-sobre-el-impuesto-del-iusi\/"},"wordCount":327,"publisher":{"@id":"https:\/\/munisanjuansac.org\/msj\/#organization"},"articleSection":["CURSOS Y TALLERES"],"inLanguage":"es"},{"@type":"WebPage","@id":"https:\/\/munisanjuansac.org\/msj\/alcalde-pellecer-aclara-sobre-el-impuesto-del-iusi\/","url":"https:\/\/munisanjuansac.org\/msj\/alcalde-pellecer-aclara-sobre-el-impuesto-del-iusi\/","name":"Alcalde Juan Carlos Pellecer aclara sobre el impuesto del IUSI y su impacto en el desarrollo del Municipio - Municipalidad de San Juan Sacatep\u00e9quez","isPartOf":{"@id":"https:\/\/munisanjuansac.org\/msj\/#website"},"datePublished":"2025-04-03T20:46:27+00:00","dateModified":"2025-04-03T20:47:42+00:00","breadcrumb":{"@id":"https:\/\/munisanjuansac.org\/msj\/alcalde-pellecer-aclara-sobre-el-impuesto-del-iusi\/#breadcrumb"},"inLanguage":"es","potentialAction":[{"@type":"ReadAction","target":["https:\/\/munisanjuansac.org\/msj\/alcalde-pellecer-aclara-sobre-el-impuesto-del-iusi\/"]}]},{"@type":"BreadcrumbList","@id":"https:\/\/munisanjuansac.org\/msj\/alcalde-pellecer-aclara-sobre-el-impuesto-del-iusi\/#breadcrumb","itemListElement":[{"@type":"ListItem","position":1,"name":"Portada","item":"https:\/\/munisanjuansac.org\/msj\/"},{"@type":"ListItem","position":2,"name":"Alcalde Juan Carlos Pellecer aclara sobre el impuesto del IUSI y su impacto en el desarrollo del Municipio"}]},{"@type":"WebSite","@id":"https:\/\/munisanjuansac.org\/msj\/#website","url":"https:\/\/munisanjuansac.org\/msj\/","name":"Municipalidad de San Juan Sacatep\u00e9quez","description":"","publisher":{"@id":"https:\/\/munisanjuansac.org\/msj\/#organization"},"potentialAction":[{"@type":"SearchAction","target":{"@type":"EntryPoint","urlTemplate":"https:\/\/munisanjuansac.org\/msj\/?s={search_term_string}"},"query-input":"required name=search_term_string"}],"inLanguage":"es"},{"@type":"Organization","@id":"https:\/\/munisanjuansac.org\/msj\/#organization","name":"Municipalidad de San Juan Sacatep\u00e9quez","url":"https:\/\/munisanjuansac.org\/msj\/","logo":{"@type":"ImageObject","inLanguage":"es","@id":"https:\/\/munisanjuansac.org\/msj\/#\/schema\/logo\/image\/","url":"https:\/\/munisanjuansac.org\/msj\/wp-content\/uploads\/2023\/11\/LOGO-45-DE-ANCHO-POR-50-DE-ALTO-DERECHO-E-IZQUIERDO-921x1024.png","contentUrl":"https:\/\/munisanjuansac.org\/msj\/wp-content\/uploads\/2023\/11\/LOGO-45-DE-ANCHO-POR-50-DE-ALTO-DERECHO-E-IZQUIERDO-921x1024.png","width":921,"height":1024,"caption":"Municipalidad de San Juan Sacatep\u00e9quez"},"image":{"@id":"https:\/\/munisanjuansac.org\/msj\/#\/schema\/logo\/image\/"},"sameAs":["https:\/\/www.facebook.com\/MunicipalidadSanJuanSacatepequez","https:\/\/twitter.com\/SanJuanSacatep1","https:\/\/www.youtube.com\/@municipalidadsanjuansacate2849\/videos","https:\/\/www.tiktok.com\/@munisanjuansac?lang=es","https:\/\/www.tiktok.com\/@jc_pellecer?lang=es"]},{"@type":"Person","@id":"https:\/\/munisanjuansac.org\/msj\/#\/schema\/person\/484a895a5cbc0a787bb929e3b7fad0a0","name":"Administrador","image":{"@type":"ImageObject","inLanguage":"es","@id":"https:\/\/munisanjuansac.org\/msj\/#\/schema\/person\/image\/","url":"https:\/\/munisanjuansac.org\/msj\/wp-content\/uploads\/2025\/08\/escudo-96x96.png","contentUrl":"https:\/\/munisanjuansac.org\/msj\/wp-content\/uploads\/2025\/08\/escudo-96x96.png","caption":"Administrador"},"description":"Municipalidad de San Juan Sacatepequez, Guatemala - 2025","url":"https:\/\/munisanjuansac.org\/msj\/author\/soporte\/"}]}},"_links":{"self":[{"href":"https:\/\/munisanjuansac.org\/msj\/wp-json\/wp\/v2\/posts\/7005","targetHints":{"allow":["GET"]}}],"collection":[{"href":"https:\/\/munisanjuansac.org\/msj\/wp-json\/wp\/v2\/posts"}],"about":[{"href":"https:\/\/munisanjuansac.org\/msj\/wp-json\/wp\/v2\/types\/post"}],"author":[{"embeddable":true,"href":"https:\/\/munisanjuansac.org\/msj\/wp-json\/wp\/v2\/users\/5"}],"replies":[{"embeddable":true,"href":"https:\/\/munisanjuansac.org\/msj\/wp-json\/wp\/v2\/comments?post=7005"}],"version-history":[{"count":8,"href":"https:\/\/munisanjuansac.org\/msj\/wp-json\/wp\/v2\/posts\/7005\/revisions"}],"predecessor-version":[{"id":7018,"href":"https:\/\/munisanjuansac.org\/msj\/wp-json\/wp\/v2\/posts\/7005\/revisions\/7018"}],"wp:featuredmedia":[{"embeddable":true,"href":"https:\/\/munisanjuansac.org\/msj\/wp-json\/wp\/v2\/media\/7015"}],"wp:attachment":[{"href":"https:\/\/munisanjuansac.org\/msj\/wp-json\/wp\/v2\/media?parent=7005"}],"wp:term":[{"taxonomy":"category","embeddable":true,"href":"https:\/\/munisanjuansac.org\/msj\/wp-json\/wp\/v2\/categories?post=7005"},{"taxonomy":"post_tag","embeddable":true,"href":"https:\/\/munisanjuansac.org\/msj\/wp-json\/wp\/v2\/tags?post=7005"}],"curies":[{"name":"wp","href":"https:\/\/api.w.org\/{rel}","templated":true}]}}