{"id":6947,"date":"2024-12-05T22:25:46","date_gmt":"2024-12-05T22:25:46","guid":{"rendered":"https:\/\/munisanjuansac.org\/msj\/?p=6947"},"modified":"2024-12-05T22:25:46","modified_gmt":"2024-12-05T22:25:46","slug":"farmacia-municipal","status":"publish","type":"post","link":"https:\/\/munisanjuansac.org\/msj\/farmacia-municipal\/","title":{"rendered":"Farmacia Municipal"},"content":{"rendered":"<p>El Jefe Edil Juan Carlos Pellecer, inaugur\u00f3 la Primera Farmacia Municipal en el Portal del Edificio Municipal, as\u00ed como la reapertura de la Cl\u00ednica Municipal de Medicina General, en el Portal del Edificio Municipal, servicios que estar\u00e1n disponibles para todo el pueblo sanjuaneros a bajo costo.<\/p>\n<div class=\"x11i5rnm xat24cr x1mh8g0r x1vvkbs xtlvy1s x126k92a\">\n<div dir=\"auto\">En dicha ceremonia asistieron el Director Departamental de Redes Integradas de Servicios de Salud, Guatemala \u00c1rea Nor-Occidente Dr. Adri\u00e1n Ch\u00e1vez; Coordinadora del Distrito de Salud Municipal, Centro de Salud de San Juan Sacatep\u00e9quez, Dra. Juana de La Cruz Gallina del <span class=\"html-span xdj266r x11i5rnm xat24cr x1mh8g0r xexx8yu x4uap5 x18d9i69 xkhd6sd x1hl2dhg x16tdsg8 x1vvkbs\"><a class=\"x1i10hfl xjbqb8w x1ejq31n xd10rxx x1sy0etr x17r0tee x972fbf xcfux6l x1qhh985 xm0m39n x9f619 x1ypdohk xt0psk2 xe8uvvx xdj266r x11i5rnm xat24cr x1mh8g0r xexx8yu x4uap5 x18d9i69 xkhd6sd x16tdsg8 x1hl2dhg xggy1nq x1a2a7pz x1sur9pj xkrqix3 x1fey0fg x1s688f\" tabindex=\"0\" role=\"link\" href=\"https:\/\/www.facebook.com\/MinisteriodeSaludPublicayAsistenciaSocial?__cft__[0]=AZU_CSQEU4qk4CHOfHsnRY5Nt_nntlrb9KplreGEQT6ioAWj9JjEVL6d_GfzLAoY0chdS-pCDeRfQWsIMEJlgj5eoHfnEFgjBpk5Nvd5v5SYe-1iw3G6Sauazmn0Kd0CFf1ueINGtCUv0gB8PNSSE0UBEa8x_Cz5CphQxDpvqxiHJ_0QCn42SBp82JKd0j5UgG4&amp;__tn__=-]K-R\"><span class=\"xt0psk2\">Ministerio de Salud P\u00fablica y Asistencia Social<\/span><\/a><\/span>; representante de <span class=\"html-span xdj266r x11i5rnm xat24cr x1mh8g0r xexx8yu x4uap5 x18d9i69 xkhd6sd x1hl2dhg x16tdsg8 x1vvkbs\"><a class=\"x1i10hfl xjbqb8w x1ejq31n xd10rxx x1sy0etr x17r0tee x972fbf xcfux6l x1qhh985 xm0m39n x9f619 x1ypdohk xt0psk2 xe8uvvx xdj266r x11i5rnm xat24cr x1mh8g0r xexx8yu x4uap5 x18d9i69 xkhd6sd x16tdsg8 x1hl2dhg xggy1nq x1a2a7pz x1sur9pj xkrqix3 x1fey0fg x1s688f\" tabindex=\"0\" role=\"link\" href=\"https:\/\/www.facebook.com\/proam.gt?__cft__[0]=AZU_CSQEU4qk4CHOfHsnRY5Nt_nntlrb9KplreGEQT6ioAWj9JjEVL6d_GfzLAoY0chdS-pCDeRfQWsIMEJlgj5eoHfnEFgjBpk5Nvd5v5SYe-1iw3G6Sauazmn0Kd0CFf1ueINGtCUv0gB8PNSSE0UBEa8x_Cz5CphQxDpvqxiHJ_0QCn42SBp82JKd0j5UgG4&amp;__tn__=-]K-R\"><span class=\"xt0psk2\">PROAM<\/span><\/a><\/span>, Licda. Lucrecia Torcelly; Jefa de Operaci\u00f3n Milagro de la Brigada M\u00e9dica Cubana de San Juan Sacatep\u00e9quez, Dra. Mar\u00eda Elena Barrero Aguilar, Directores Municipales y vecinos.<\/div>\n<\/div>\n<div dir=\"auto\"><\/div>\n<div dir=\"auto\">La poblaci\u00f3n podr\u00e1 adquirir medicamentos a bajo costo en horario de atenci\u00f3n de lunes a viernes de 8 am a 5 pm.<\/div>\n","protected":false},"excerpt":{"rendered":"<p>El Jefe Edil Juan Carlos Pellecer, inaugur\u00f3 la Primera Farmacia Municipal en el Portal del Edificio Municipal, as\u00ed como la reapertura de la Cl\u00ednica Municipal de Medicina General, en el&hellip;<\/p>\n","protected":false},"author":5,"featured_media":6948,"comment_status":"closed","ping_status":"closed","sticky":false,"template":"","format":"standard","meta":{"footnotes":""},"categories":[1],"tags":[],"class_list":["post-6947","post","type-post","status-publish","format-standard","has-post-thumbnail","hentry","category-salud"],"yoast_head":"<!-- This site is optimized with the Yoast SEO plugin v22.0 - https:\/\/yoast.com\/wordpress\/plugins\/seo\/ -->\n<title>Farmacia Municipal - Municipalidad de San Juan Sacatep\u00e9quez<\/title>\n<meta name=\"robots\" content=\"index, follow, max-snippet:-1, max-image-preview:large, max-video-preview:-1\" \/>\n<link rel=\"canonical\" href=\"https:\/\/munisanjuansac.org\/msj\/farmacia-municipal\/\" \/>\n<meta property=\"og:locale\" content=\"es_ES\" \/>\n<meta property=\"og:type\" content=\"article\" \/>\n<meta property=\"og:title\" content=\"Farmacia Municipal - Municipalidad de San Juan Sacatep\u00e9quez\" \/>\n<meta property=\"og:description\" content=\"El Jefe Edil Juan Carlos Pellecer, inaugur\u00f3 la Primera Farmacia Municipal en el Portal del Edificio Municipal, as\u00ed como la reapertura de la Cl\u00ednica Municipal de Medicina General, en el&hellip;\" \/>\n<meta property=\"og:url\" content=\"https:\/\/munisanjuansac.org\/msj\/farmacia-municipal\/\" \/>\n<meta property=\"og:site_name\" content=\"Municipalidad de San Juan Sacatep\u00e9quez\" \/>\n<meta property=\"article:publisher\" content=\"https:\/\/www.facebook.com\/MunicipalidadSanJuanSacatepequez\" \/>\n<meta property=\"article:published_time\" content=\"2024-12-05T22:25:46+00:00\" \/>\n<meta property=\"og:image\" content=\"https:\/\/munisanjuansac.org\/msj\/wp-content\/uploads\/2024\/12\/469288638_1122149466176073_8110498333615627713_n.jpg\" \/>\n\t<meta property=\"og:image:width\" content=\"1187\" \/>\n\t<meta property=\"og:image:height\" content=\"960\" \/>\n\t<meta property=\"og:image:type\" content=\"image\/jpeg\" \/>\n<meta name=\"author\" content=\"Administrador\" \/>\n<meta name=\"twitter:card\" content=\"summary_large_image\" \/>\n<meta name=\"twitter:creator\" content=\"@SanJuanSacatep1\" \/>\n<meta name=\"twitter:site\" content=\"@SanJuanSacatep1\" \/>\n<meta name=\"twitter:label1\" content=\"Escrito por\" \/>\n\t<meta name=\"twitter:data1\" content=\"Administrador\" \/>\n\t<meta name=\"twitter:label2\" content=\"Tiempo de lectura\" \/>\n\t<meta name=\"twitter:data2\" content=\"1 minuto\" \/>\n<script type=\"application\/ld+json\" class=\"yoast-schema-graph\">{\"@context\":\"https:\/\/schema.org\",\"@graph\":[{\"@type\":\"Article\",\"@id\":\"https:\/\/munisanjuansac.org\/msj\/farmacia-municipal\/#article\",\"isPartOf\":{\"@id\":\"https:\/\/munisanjuansac.org\/msj\/farmacia-municipal\/\"},\"author\":{\"name\":\"Administrador\",\"@id\":\"https:\/\/munisanjuansac.org\/msj\/#\/schema\/person\/484a895a5cbc0a787bb929e3b7fad0a0\"},\"headline\":\"Farmacia Municipal\",\"datePublished\":\"2024-12-05T22:25:46+00:00\",\"dateModified\":\"2024-12-05T22:25:46+00:00\",\"mainEntityOfPage\":{\"@id\":\"https:\/\/munisanjuansac.org\/msj\/farmacia-municipal\/\"},\"wordCount\":155,\"publisher\":{\"@id\":\"https:\/\/munisanjuansac.org\/msj\/#organization\"},\"articleSection\":[\"SALUD\"],\"inLanguage\":\"es\"},{\"@type\":\"WebPage\",\"@id\":\"https:\/\/munisanjuansac.org\/msj\/farmacia-municipal\/\",\"url\":\"https:\/\/munisanjuansac.org\/msj\/farmacia-municipal\/\",\"name\":\"Farmacia Municipal - Municipalidad de San Juan Sacatep\u00e9quez\",\"isPartOf\":{\"@id\":\"https:\/\/munisanjuansac.org\/msj\/#website\"},\"datePublished\":\"2024-12-05T22:25:46+00:00\",\"dateModified\":\"2024-12-05T22:25:46+00:00\",\"breadcrumb\":{\"@id\":\"https:\/\/munisanjuansac.org\/msj\/farmacia-municipal\/#breadcrumb\"},\"inLanguage\":\"es\",\"potentialAction\":[{\"@type\":\"ReadAction\",\"target\":[\"https:\/\/munisanjuansac.org\/msj\/farmacia-municipal\/\"]}]},{\"@type\":\"BreadcrumbList\",\"@id\":\"https:\/\/munisanjuansac.org\/msj\/farmacia-municipal\/#breadcrumb\",\"itemListElement\":[{\"@type\":\"ListItem\",\"position\":1,\"name\":\"Portada\",\"item\":\"https:\/\/munisanjuansac.org\/msj\/\"},{\"@type\":\"ListItem\",\"position\":2,\"name\":\"Farmacia Municipal\"}]},{\"@type\":\"WebSite\",\"@id\":\"https:\/\/munisanjuansac.org\/msj\/#website\",\"url\":\"https:\/\/munisanjuansac.org\/msj\/\",\"name\":\"Municipalidad de San Juan Sacatep\u00e9quez\",\"description\":\"\",\"publisher\":{\"@id\":\"https:\/\/munisanjuansac.org\/msj\/#organization\"},\"potentialAction\":[{\"@type\":\"SearchAction\",\"target\":{\"@type\":\"EntryPoint\",\"urlTemplate\":\"https:\/\/munisanjuansac.org\/msj\/?s={search_term_string}\"},\"query-input\":\"required name=search_term_string\"}],\"inLanguage\":\"es\"},{\"@type\":\"Organization\",\"@id\":\"https:\/\/munisanjuansac.org\/msj\/#organization\",\"name\":\"Municipalidad de San Juan Sacatep\u00e9quez\",\"url\":\"https:\/\/munisanjuansac.org\/msj\/\",\"logo\":{\"@type\":\"ImageObject\",\"inLanguage\":\"es\",\"@id\":\"https:\/\/munisanjuansac.org\/msj\/#\/schema\/logo\/image\/\",\"url\":\"https:\/\/munisanjuansac.org\/msj\/wp-content\/uploads\/2023\/11\/LOGO-45-DE-ANCHO-POR-50-DE-ALTO-DERECHO-E-IZQUIERDO-921x1024.png\",\"contentUrl\":\"https:\/\/munisanjuansac.org\/msj\/wp-content\/uploads\/2023\/11\/LOGO-45-DE-ANCHO-POR-50-DE-ALTO-DERECHO-E-IZQUIERDO-921x1024.png\",\"width\":921,\"height\":1024,\"caption\":\"Municipalidad de San Juan Sacatep\u00e9quez\"},\"image\":{\"@id\":\"https:\/\/munisanjuansac.org\/msj\/#\/schema\/logo\/image\/\"},\"sameAs\":[\"https:\/\/www.facebook.com\/MunicipalidadSanJuanSacatepequez\",\"https:\/\/twitter.com\/SanJuanSacatep1\",\"https:\/\/www.youtube.com\/@municipalidadsanjuansacate2849\/videos\",\"https:\/\/www.tiktok.com\/@munisanjuansac?lang=es\",\"https:\/\/www.tiktok.com\/@jc_pellecer?lang=es\"]},{\"@type\":\"Person\",\"@id\":\"https:\/\/munisanjuansac.org\/msj\/#\/schema\/person\/484a895a5cbc0a787bb929e3b7fad0a0\",\"name\":\"Administrador\",\"image\":{\"@type\":\"ImageObject\",\"inLanguage\":\"es\",\"@id\":\"https:\/\/munisanjuansac.org\/msj\/#\/schema\/person\/image\/\",\"url\":\"https:\/\/munisanjuansac.org\/msj\/wp-content\/uploads\/2025\/08\/escudo-96x96.png\",\"contentUrl\":\"https:\/\/munisanjuansac.org\/msj\/wp-content\/uploads\/2025\/08\/escudo-96x96.png\",\"caption\":\"Administrador\"},\"description\":\"Municipalidad de San Juan Sacatepequez, Guatemala - 2025\",\"url\":\"https:\/\/munisanjuansac.org\/msj\/author\/soporte\/\"}]}<\/script>\n<!-- \/ Yoast SEO plugin. -->","yoast_head_json":{"title":"Farmacia Municipal - Municipalidad de San Juan Sacatep\u00e9quez","robots":{"index":"index","follow":"follow","max-snippet":"max-snippet:-1","max-image-preview":"max-image-preview:large","max-video-preview":"max-video-preview:-1"},"canonical":"https:\/\/munisanjuansac.org\/msj\/farmacia-municipal\/","og_locale":"es_ES","og_type":"article","og_title":"Farmacia Municipal - Municipalidad de San Juan Sacatep\u00e9quez","og_description":"El Jefe Edil Juan Carlos Pellecer, inaugur\u00f3 la Primera Farmacia Municipal en el Portal del Edificio Municipal, as\u00ed como la reapertura de la Cl\u00ednica Municipal de Medicina General, en el&hellip;","og_url":"https:\/\/munisanjuansac.org\/msj\/farmacia-municipal\/","og_site_name":"Municipalidad de San Juan Sacatep\u00e9quez","article_publisher":"https:\/\/www.facebook.com\/MunicipalidadSanJuanSacatepequez","article_published_time":"2024-12-05T22:25:46+00:00","og_image":[{"width":1187,"height":960,"url":"https:\/\/munisanjuansac.org\/msj\/wp-content\/uploads\/2024\/12\/469288638_1122149466176073_8110498333615627713_n.jpg","type":"image\/jpeg"}],"author":"Administrador","twitter_card":"summary_large_image","twitter_creator":"@SanJuanSacatep1","twitter_site":"@SanJuanSacatep1","twitter_misc":{"Escrito por":"Administrador","Tiempo de lectura":"1 minuto"},"schema":{"@context":"https:\/\/schema.org","@graph":[{"@type":"Article","@id":"https:\/\/munisanjuansac.org\/msj\/farmacia-municipal\/#article","isPartOf":{"@id":"https:\/\/munisanjuansac.org\/msj\/farmacia-municipal\/"},"author":{"name":"Administrador","@id":"https:\/\/munisanjuansac.org\/msj\/#\/schema\/person\/484a895a5cbc0a787bb929e3b7fad0a0"},"headline":"Farmacia Municipal","datePublished":"2024-12-05T22:25:46+00:00","dateModified":"2024-12-05T22:25:46+00:00","mainEntityOfPage":{"@id":"https:\/\/munisanjuansac.org\/msj\/farmacia-municipal\/"},"wordCount":155,"publisher":{"@id":"https:\/\/munisanjuansac.org\/msj\/#organization"},"articleSection":["SALUD"],"inLanguage":"es"},{"@type":"WebPage","@id":"https:\/\/munisanjuansac.org\/msj\/farmacia-municipal\/","url":"https:\/\/munisanjuansac.org\/msj\/farmacia-municipal\/","name":"Farmacia Municipal - Municipalidad de San Juan Sacatep\u00e9quez","isPartOf":{"@id":"https:\/\/munisanjuansac.org\/msj\/#website"},"datePublished":"2024-12-05T22:25:46+00:00","dateModified":"2024-12-05T22:25:46+00:00","breadcrumb":{"@id":"https:\/\/munisanjuansac.org\/msj\/farmacia-municipal\/#breadcrumb"},"inLanguage":"es","potentialAction":[{"@type":"ReadAction","target":["https:\/\/munisanjuansac.org\/msj\/farmacia-municipal\/"]}]},{"@type":"BreadcrumbList","@id":"https:\/\/munisanjuansac.org\/msj\/farmacia-municipal\/#breadcrumb","itemListElement":[{"@type":"ListItem","position":1,"name":"Portada","item":"https:\/\/munisanjuansac.org\/msj\/"},{"@type":"ListItem","position":2,"name":"Farmacia Municipal"}]},{"@type":"WebSite","@id":"https:\/\/munisanjuansac.org\/msj\/#website","url":"https:\/\/munisanjuansac.org\/msj\/","name":"Municipalidad de San Juan Sacatep\u00e9quez","description":"","publisher":{"@id":"https:\/\/munisanjuansac.org\/msj\/#organization"},"potentialAction":[{"@type":"SearchAction","target":{"@type":"EntryPoint","urlTemplate":"https:\/\/munisanjuansac.org\/msj\/?s={search_term_string}"},"query-input":"required name=search_term_string"}],"inLanguage":"es"},{"@type":"Organization","@id":"https:\/\/munisanjuansac.org\/msj\/#organization","name":"Municipalidad de San Juan Sacatep\u00e9quez","url":"https:\/\/munisanjuansac.org\/msj\/","logo":{"@type":"ImageObject","inLanguage":"es","@id":"https:\/\/munisanjuansac.org\/msj\/#\/schema\/logo\/image\/","url":"https:\/\/munisanjuansac.org\/msj\/wp-content\/uploads\/2023\/11\/LOGO-45-DE-ANCHO-POR-50-DE-ALTO-DERECHO-E-IZQUIERDO-921x1024.png","contentUrl":"https:\/\/munisanjuansac.org\/msj\/wp-content\/uploads\/2023\/11\/LOGO-45-DE-ANCHO-POR-50-DE-ALTO-DERECHO-E-IZQUIERDO-921x1024.png","width":921,"height":1024,"caption":"Municipalidad de San Juan Sacatep\u00e9quez"},"image":{"@id":"https:\/\/munisanjuansac.org\/msj\/#\/schema\/logo\/image\/"},"sameAs":["https:\/\/www.facebook.com\/MunicipalidadSanJuanSacatepequez","https:\/\/twitter.com\/SanJuanSacatep1","https:\/\/www.youtube.com\/@municipalidadsanjuansacate2849\/videos","https:\/\/www.tiktok.com\/@munisanjuansac?lang=es","https:\/\/www.tiktok.com\/@jc_pellecer?lang=es"]},{"@type":"Person","@id":"https:\/\/munisanjuansac.org\/msj\/#\/schema\/person\/484a895a5cbc0a787bb929e3b7fad0a0","name":"Administrador","image":{"@type":"ImageObject","inLanguage":"es","@id":"https:\/\/munisanjuansac.org\/msj\/#\/schema\/person\/image\/","url":"https:\/\/munisanjuansac.org\/msj\/wp-content\/uploads\/2025\/08\/escudo-96x96.png","contentUrl":"https:\/\/munisanjuansac.org\/msj\/wp-content\/uploads\/2025\/08\/escudo-96x96.png","caption":"Administrador"},"description":"Municipalidad de San Juan Sacatepequez, Guatemala - 2025","url":"https:\/\/munisanjuansac.org\/msj\/author\/soporte\/"}]}},"_links":{"self":[{"href":"https:\/\/munisanjuansac.org\/msj\/wp-json\/wp\/v2\/posts\/6947","targetHints":{"allow":["GET"]}}],"collection":[{"href":"https:\/\/munisanjuansac.org\/msj\/wp-json\/wp\/v2\/posts"}],"about":[{"href":"https:\/\/munisanjuansac.org\/msj\/wp-json\/wp\/v2\/types\/post"}],"author":[{"embeddable":true,"href":"https:\/\/munisanjuansac.org\/msj\/wp-json\/wp\/v2\/users\/5"}],"replies":[{"embeddable":true,"href":"https:\/\/munisanjuansac.org\/msj\/wp-json\/wp\/v2\/comments?post=6947"}],"version-history":[{"count":1,"href":"https:\/\/munisanjuansac.org\/msj\/wp-json\/wp\/v2\/posts\/6947\/revisions"}],"predecessor-version":[{"id":6949,"href":"https:\/\/munisanjuansac.org\/msj\/wp-json\/wp\/v2\/posts\/6947\/revisions\/6949"}],"wp:featuredmedia":[{"embeddable":true,"href":"https:\/\/munisanjuansac.org\/msj\/wp-json\/wp\/v2\/media\/6948"}],"wp:attachment":[{"href":"https:\/\/munisanjuansac.org\/msj\/wp-json\/wp\/v2\/media?parent=6947"}],"wp:term":[{"taxonomy":"category","embeddable":true,"href":"https:\/\/munisanjuansac.org\/msj\/wp-json\/wp\/v2\/categories?post=6947"},{"taxonomy":"post_tag","embeddable":true,"href":"https:\/\/munisanjuansac.org\/msj\/wp-json\/wp\/v2\/tags?post=6947"}],"curies":[{"name":"wp","href":"https:\/\/api.w.org\/{rel}","templated":true}]}}