{"id":2547,"date":"2020-05-12T22:51:20","date_gmt":"2020-05-12T22:51:20","guid":{"rendered":"https:\/\/munisanjuansac.org\/msj\/?p=2547"},"modified":"2020-09-10T16:41:40","modified_gmt":"2020-09-10T16:41:40","slug":"toma-de-posesion-alcalde-pellecer-periodo-2020-2024","status":"publish","type":"post","link":"https:\/\/munisanjuansac.org\/msj\/toma-de-posesion-alcalde-pellecer-periodo-2020-2024\/","title":{"rendered":"Toma de Posesi\u00f3n Alcalde Pellecer, Per\u00edodo 2020 &#8211; 2024"},"content":{"rendered":"<p style=\"text-align: left;\">El 15 de enero de 2,020 se celebr\u00f3 el Acto Protocolario de la Toma de Posesi\u00f3n del actual Alcalde Juan Carlos Pellecer Agust\u00edn en el Municipio de San Juan Sacatep\u00e9quez. El Escenario para distinguida actividad fue en el hist\u00f3rico Parque Central, frente a la Plaza Catalu\u00f1a.<\/p>\n<p><img fetchpriority=\"high\" decoding=\"async\" class=\"alignnone wp-image-2558 size-large\" src=\"https:\/\/munisanjuansac.org\/msj\/wp-content\/uploads\/2020\/05\/Foto-1-1-1024x683.png\" alt=\"\" width=\"1024\" height=\"683\" srcset=\"https:\/\/munisanjuansac.org\/msj\/wp-content\/uploads\/2020\/05\/Foto-1-1-1024x683.png 1024w, https:\/\/munisanjuansac.org\/msj\/wp-content\/uploads\/2020\/05\/Foto-1-1-600x400.png 600w, https:\/\/munisanjuansac.org\/msj\/wp-content\/uploads\/2020\/05\/Foto-1-1-300x200.png 300w, https:\/\/munisanjuansac.org\/msj\/wp-content\/uploads\/2020\/05\/Foto-1-1-768x512.png 768w, https:\/\/munisanjuansac.org\/msj\/wp-content\/uploads\/2020\/05\/Foto-1-1-272x182.png 272w, https:\/\/munisanjuansac.org\/msj\/wp-content\/uploads\/2020\/05\/Foto-1-1.png 1080w\" sizes=\"(max-width: 1024px) 100vw, 1024px\" \/><\/p>\n<p>En su discurso, El Jefe Edil reiter\u00f3 su compromiso a trabajar con honestidad por el bienestar social por cada uno de los sanjuaneros natos o no natos del Municipio.<\/p>\n<p>\u201cEstoy comprometido a trabajar por nuestros hijos y nuestros nietos\u201d, exclam\u00f3.<\/p>\n<p><img decoding=\"async\" class=\"alignnone wp-image-2559 size-large\" src=\"https:\/\/munisanjuansac.org\/msj\/wp-content\/uploads\/2020\/05\/Foto-2-1-1024x683.png\" alt=\"\" width=\"1024\" height=\"683\" srcset=\"https:\/\/munisanjuansac.org\/msj\/wp-content\/uploads\/2020\/05\/Foto-2-1-1024x683.png 1024w, https:\/\/munisanjuansac.org\/msj\/wp-content\/uploads\/2020\/05\/Foto-2-1-600x400.png 600w, https:\/\/munisanjuansac.org\/msj\/wp-content\/uploads\/2020\/05\/Foto-2-1-300x200.png 300w, https:\/\/munisanjuansac.org\/msj\/wp-content\/uploads\/2020\/05\/Foto-2-1-768x512.png 768w, https:\/\/munisanjuansac.org\/msj\/wp-content\/uploads\/2020\/05\/Foto-2-1-1536x1025.png 1536w\" sizes=\"(max-width: 1024px) 100vw, 1024px\" \/><\/p>\n<p>Adem\u00e1s, El Alcalde Juan Carlos Pellecer tambi\u00e9n asegur\u00f3 que durante su mandato usar\u00eda su propio veh\u00edculo para transportarse.<\/p>\n<p>\u201cEstoy aqu\u00ed para servirles, no para servirme del pueblo\u201d<\/p>\n<p>El pueblo sanjuanero tiene muchas expectativas con esta nueva administraci\u00f3n. Durante la actividad tambi\u00e9n se cont\u00f3 con la participaci\u00f3n de Yajaira Tubac, una talentosa ni\u00f1a sanjuanera quien deleit\u00f3 con su talento a todos los presentes.<\/p>\n<p><img decoding=\"async\" class=\"alignnone wp-image-2560 size-large\" src=\"https:\/\/munisanjuansac.org\/msj\/wp-content\/uploads\/2020\/05\/Foto-3-1-1024x683.png\" alt=\"\" width=\"1024\" height=\"683\" srcset=\"https:\/\/munisanjuansac.org\/msj\/wp-content\/uploads\/2020\/05\/Foto-3-1-1024x683.png 1024w, https:\/\/munisanjuansac.org\/msj\/wp-content\/uploads\/2020\/05\/Foto-3-1-600x400.png 600w, https:\/\/munisanjuansac.org\/msj\/wp-content\/uploads\/2020\/05\/Foto-3-1-300x200.png 300w, https:\/\/munisanjuansac.org\/msj\/wp-content\/uploads\/2020\/05\/Foto-3-1-768x512.png 768w, https:\/\/munisanjuansac.org\/msj\/wp-content\/uploads\/2020\/05\/Foto-3-1-1536x1025.png 1536w\" sizes=\"(max-width: 1024px) 100vw, 1024px\" \/><\/p>\n<p>&nbsp;<\/p>\n","protected":false},"excerpt":{"rendered":"<p>El 15 de enero de 2,020 se celebr\u00f3 el Acto Protocolario de la Toma de Posesi\u00f3n del actual Alcalde Juan Carlos Pellecer Agust\u00edn en el Municipio de San Juan Sacatep\u00e9quez.&hellip;<\/p>\n","protected":false},"author":5,"featured_media":2559,"comment_status":"open","ping_status":"open","sticky":false,"template":"","format":"standard","meta":{"footnotes":""},"categories":[17],"tags":[21,20,19,18],"class_list":["post-2547","post","type-post","status-publish","format-standard","has-post-thumbnail","hentry","category-noticias","tag-alcalde-municipal","tag-pellecer","tag-periodo-2020-2024","tag-toma-de-posesion"],"yoast_head":"<!-- This site is optimized with the Yoast SEO plugin v22.0 - https:\/\/yoast.com\/wordpress\/plugins\/seo\/ -->\n<title>Toma de Posesi\u00f3n Alcalde Pellecer, Per\u00edodo 2020 - 2024 - Municipalidad de San Juan Sacatep\u00e9quez<\/title>\n<meta name=\"robots\" content=\"index, follow, max-snippet:-1, max-image-preview:large, max-video-preview:-1\" \/>\n<link rel=\"canonical\" href=\"https:\/\/munisanjuansac.org\/msj\/toma-de-posesion-alcalde-pellecer-periodo-2020-2024\/\" \/>\n<meta property=\"og:locale\" content=\"es_ES\" \/>\n<meta property=\"og:type\" content=\"article\" \/>\n<meta property=\"og:title\" content=\"Toma de Posesi\u00f3n Alcalde Pellecer, Per\u00edodo 2020 - 2024 - Municipalidad de San Juan Sacatep\u00e9quez\" \/>\n<meta property=\"og:description\" content=\"El 15 de enero de 2,020 se celebr\u00f3 el Acto Protocolario de la Toma de Posesi\u00f3n del actual Alcalde Juan Carlos Pellecer Agust\u00edn en el Municipio de San Juan Sacatep\u00e9quez.&hellip;\" \/>\n<meta property=\"og:url\" content=\"https:\/\/munisanjuansac.org\/msj\/toma-de-posesion-alcalde-pellecer-periodo-2020-2024\/\" \/>\n<meta property=\"og:site_name\" content=\"Municipalidad de San Juan Sacatep\u00e9quez\" \/>\n<meta property=\"article:publisher\" content=\"https:\/\/www.facebook.com\/MunicipalidadSanJuanSacatepequez\" \/>\n<meta property=\"article:published_time\" content=\"2020-05-12T22:51:20+00:00\" \/>\n<meta property=\"article:modified_time\" content=\"2020-09-10T16:41:40+00:00\" \/>\n<meta property=\"og:image\" content=\"https:\/\/munisanjuansac.org\/msj\/wp-content\/uploads\/2020\/05\/Foto-2-1-1024x683.png\" \/>\n\t<meta property=\"og:image:width\" content=\"1024\" \/>\n\t<meta property=\"og:image:height\" content=\"683\" \/>\n\t<meta property=\"og:image:type\" content=\"image\/png\" \/>\n<meta name=\"author\" content=\"Administrador\" \/>\n<meta name=\"twitter:card\" content=\"summary_large_image\" \/>\n<meta name=\"twitter:creator\" content=\"@SanJuanSacatep1\" \/>\n<meta name=\"twitter:site\" content=\"@SanJuanSacatep1\" \/>\n<meta name=\"twitter:label1\" content=\"Escrito por\" \/>\n\t<meta name=\"twitter:data1\" content=\"Administrador\" \/>\n\t<meta name=\"twitter:label2\" content=\"Tiempo de lectura\" \/>\n\t<meta name=\"twitter:data2\" content=\"1 minuto\" \/>\n<script type=\"application\/ld+json\" class=\"yoast-schema-graph\">{\"@context\":\"https:\/\/schema.org\",\"@graph\":[{\"@type\":\"Article\",\"@id\":\"https:\/\/munisanjuansac.org\/msj\/toma-de-posesion-alcalde-pellecer-periodo-2020-2024\/#article\",\"isPartOf\":{\"@id\":\"https:\/\/munisanjuansac.org\/msj\/toma-de-posesion-alcalde-pellecer-periodo-2020-2024\/\"},\"author\":{\"name\":\"Administrador\",\"@id\":\"https:\/\/munisanjuansac.org\/msj\/#\/schema\/person\/484a895a5cbc0a787bb929e3b7fad0a0\"},\"headline\":\"Toma de Posesi\u00f3n Alcalde Pellecer, Per\u00edodo 2020 &#8211; 2024\",\"datePublished\":\"2020-05-12T22:51:20+00:00\",\"dateModified\":\"2020-09-10T16:41:40+00:00\",\"mainEntityOfPage\":{\"@id\":\"https:\/\/munisanjuansac.org\/msj\/toma-de-posesion-alcalde-pellecer-periodo-2020-2024\/\"},\"wordCount\":169,\"commentCount\":0,\"publisher\":{\"@id\":\"https:\/\/munisanjuansac.org\/msj\/#organization\"},\"keywords\":[\"Alcalde Municipal\",\"Pellecer\",\"per\u00edodo 2020-2024\",\"toma de posesi\u00f3n\"],\"articleSection\":[\"CURSOS Y TALLERES\"],\"inLanguage\":\"es\",\"potentialAction\":[{\"@type\":\"CommentAction\",\"name\":\"Comment\",\"target\":[\"https:\/\/munisanjuansac.org\/msj\/toma-de-posesion-alcalde-pellecer-periodo-2020-2024\/#respond\"]}]},{\"@type\":\"WebPage\",\"@id\":\"https:\/\/munisanjuansac.org\/msj\/toma-de-posesion-alcalde-pellecer-periodo-2020-2024\/\",\"url\":\"https:\/\/munisanjuansac.org\/msj\/toma-de-posesion-alcalde-pellecer-periodo-2020-2024\/\",\"name\":\"Toma de Posesi\u00f3n Alcalde Pellecer, Per\u00edodo 2020 - 2024 - Municipalidad de San Juan Sacatep\u00e9quez\",\"isPartOf\":{\"@id\":\"https:\/\/munisanjuansac.org\/msj\/#website\"},\"datePublished\":\"2020-05-12T22:51:20+00:00\",\"dateModified\":\"2020-09-10T16:41:40+00:00\",\"breadcrumb\":{\"@id\":\"https:\/\/munisanjuansac.org\/msj\/toma-de-posesion-alcalde-pellecer-periodo-2020-2024\/#breadcrumb\"},\"inLanguage\":\"es\",\"potentialAction\":[{\"@type\":\"ReadAction\",\"target\":[\"https:\/\/munisanjuansac.org\/msj\/toma-de-posesion-alcalde-pellecer-periodo-2020-2024\/\"]}]},{\"@type\":\"BreadcrumbList\",\"@id\":\"https:\/\/munisanjuansac.org\/msj\/toma-de-posesion-alcalde-pellecer-periodo-2020-2024\/#breadcrumb\",\"itemListElement\":[{\"@type\":\"ListItem\",\"position\":1,\"name\":\"Portada\",\"item\":\"https:\/\/munisanjuansac.org\/msj\/\"},{\"@type\":\"ListItem\",\"position\":2,\"name\":\"Toma de Posesi\u00f3n Alcalde Pellecer, Per\u00edodo 2020 &#8211; 2024\"}]},{\"@type\":\"WebSite\",\"@id\":\"https:\/\/munisanjuansac.org\/msj\/#website\",\"url\":\"https:\/\/munisanjuansac.org\/msj\/\",\"name\":\"Municipalidad de San Juan Sacatep\u00e9quez\",\"description\":\"\",\"publisher\":{\"@id\":\"https:\/\/munisanjuansac.org\/msj\/#organization\"},\"potentialAction\":[{\"@type\":\"SearchAction\",\"target\":{\"@type\":\"EntryPoint\",\"urlTemplate\":\"https:\/\/munisanjuansac.org\/msj\/?s={search_term_string}\"},\"query-input\":\"required name=search_term_string\"}],\"inLanguage\":\"es\"},{\"@type\":\"Organization\",\"@id\":\"https:\/\/munisanjuansac.org\/msj\/#organization\",\"name\":\"Municipalidad de San Juan Sacatep\u00e9quez\",\"url\":\"https:\/\/munisanjuansac.org\/msj\/\",\"logo\":{\"@type\":\"ImageObject\",\"inLanguage\":\"es\",\"@id\":\"https:\/\/munisanjuansac.org\/msj\/#\/schema\/logo\/image\/\",\"url\":\"https:\/\/munisanjuansac.org\/msj\/wp-content\/uploads\/2023\/11\/LOGO-45-DE-ANCHO-POR-50-DE-ALTO-DERECHO-E-IZQUIERDO-921x1024.png\",\"contentUrl\":\"https:\/\/munisanjuansac.org\/msj\/wp-content\/uploads\/2023\/11\/LOGO-45-DE-ANCHO-POR-50-DE-ALTO-DERECHO-E-IZQUIERDO-921x1024.png\",\"width\":921,\"height\":1024,\"caption\":\"Municipalidad de San Juan Sacatep\u00e9quez\"},\"image\":{\"@id\":\"https:\/\/munisanjuansac.org\/msj\/#\/schema\/logo\/image\/\"},\"sameAs\":[\"https:\/\/www.facebook.com\/MunicipalidadSanJuanSacatepequez\",\"https:\/\/twitter.com\/SanJuanSacatep1\",\"https:\/\/www.youtube.com\/@municipalidadsanjuansacate2849\/videos\",\"https:\/\/www.tiktok.com\/@munisanjuansac?lang=es\",\"https:\/\/www.tiktok.com\/@jc_pellecer?lang=es\"]},{\"@type\":\"Person\",\"@id\":\"https:\/\/munisanjuansac.org\/msj\/#\/schema\/person\/484a895a5cbc0a787bb929e3b7fad0a0\",\"name\":\"Administrador\",\"image\":{\"@type\":\"ImageObject\",\"inLanguage\":\"es\",\"@id\":\"https:\/\/munisanjuansac.org\/msj\/#\/schema\/person\/image\/\",\"url\":\"https:\/\/munisanjuansac.org\/msj\/wp-content\/uploads\/2025\/08\/escudo-96x96.png\",\"contentUrl\":\"https:\/\/munisanjuansac.org\/msj\/wp-content\/uploads\/2025\/08\/escudo-96x96.png\",\"caption\":\"Administrador\"},\"description\":\"Municipalidad de San Juan Sacatepequez, Guatemala - 2025\",\"url\":\"https:\/\/munisanjuansac.org\/msj\/author\/soporte\/\"}]}<\/script>\n<!-- \/ Yoast SEO plugin. -->","yoast_head_json":{"title":"Toma de Posesi\u00f3n Alcalde Pellecer, Per\u00edodo 2020 - 2024 - Municipalidad de San Juan Sacatep\u00e9quez","robots":{"index":"index","follow":"follow","max-snippet":"max-snippet:-1","max-image-preview":"max-image-preview:large","max-video-preview":"max-video-preview:-1"},"canonical":"https:\/\/munisanjuansac.org\/msj\/toma-de-posesion-alcalde-pellecer-periodo-2020-2024\/","og_locale":"es_ES","og_type":"article","og_title":"Toma de Posesi\u00f3n Alcalde Pellecer, Per\u00edodo 2020 - 2024 - Municipalidad de San Juan Sacatep\u00e9quez","og_description":"El 15 de enero de 2,020 se celebr\u00f3 el Acto Protocolario de la Toma de Posesi\u00f3n del actual Alcalde Juan Carlos Pellecer Agust\u00edn en el Municipio de San Juan Sacatep\u00e9quez.&hellip;","og_url":"https:\/\/munisanjuansac.org\/msj\/toma-de-posesion-alcalde-pellecer-periodo-2020-2024\/","og_site_name":"Municipalidad de San Juan Sacatep\u00e9quez","article_publisher":"https:\/\/www.facebook.com\/MunicipalidadSanJuanSacatepequez","article_published_time":"2020-05-12T22:51:20+00:00","article_modified_time":"2020-09-10T16:41:40+00:00","og_image":[{"width":1024,"height":683,"url":"https:\/\/munisanjuansac.org\/msj\/wp-content\/uploads\/2020\/05\/Foto-2-1-1024x683.png","type":"image\/png"}],"author":"Administrador","twitter_card":"summary_large_image","twitter_creator":"@SanJuanSacatep1","twitter_site":"@SanJuanSacatep1","twitter_misc":{"Escrito por":"Administrador","Tiempo de lectura":"1 minuto"},"schema":{"@context":"https:\/\/schema.org","@graph":[{"@type":"Article","@id":"https:\/\/munisanjuansac.org\/msj\/toma-de-posesion-alcalde-pellecer-periodo-2020-2024\/#article","isPartOf":{"@id":"https:\/\/munisanjuansac.org\/msj\/toma-de-posesion-alcalde-pellecer-periodo-2020-2024\/"},"author":{"name":"Administrador","@id":"https:\/\/munisanjuansac.org\/msj\/#\/schema\/person\/484a895a5cbc0a787bb929e3b7fad0a0"},"headline":"Toma de Posesi\u00f3n Alcalde Pellecer, Per\u00edodo 2020 &#8211; 2024","datePublished":"2020-05-12T22:51:20+00:00","dateModified":"2020-09-10T16:41:40+00:00","mainEntityOfPage":{"@id":"https:\/\/munisanjuansac.org\/msj\/toma-de-posesion-alcalde-pellecer-periodo-2020-2024\/"},"wordCount":169,"commentCount":0,"publisher":{"@id":"https:\/\/munisanjuansac.org\/msj\/#organization"},"keywords":["Alcalde Municipal","Pellecer","per\u00edodo 2020-2024","toma de posesi\u00f3n"],"articleSection":["CURSOS Y TALLERES"],"inLanguage":"es","potentialAction":[{"@type":"CommentAction","name":"Comment","target":["https:\/\/munisanjuansac.org\/msj\/toma-de-posesion-alcalde-pellecer-periodo-2020-2024\/#respond"]}]},{"@type":"WebPage","@id":"https:\/\/munisanjuansac.org\/msj\/toma-de-posesion-alcalde-pellecer-periodo-2020-2024\/","url":"https:\/\/munisanjuansac.org\/msj\/toma-de-posesion-alcalde-pellecer-periodo-2020-2024\/","name":"Toma de Posesi\u00f3n Alcalde Pellecer, Per\u00edodo 2020 - 2024 - Municipalidad de San Juan Sacatep\u00e9quez","isPartOf":{"@id":"https:\/\/munisanjuansac.org\/msj\/#website"},"datePublished":"2020-05-12T22:51:20+00:00","dateModified":"2020-09-10T16:41:40+00:00","breadcrumb":{"@id":"https:\/\/munisanjuansac.org\/msj\/toma-de-posesion-alcalde-pellecer-periodo-2020-2024\/#breadcrumb"},"inLanguage":"es","potentialAction":[{"@type":"ReadAction","target":["https:\/\/munisanjuansac.org\/msj\/toma-de-posesion-alcalde-pellecer-periodo-2020-2024\/"]}]},{"@type":"BreadcrumbList","@id":"https:\/\/munisanjuansac.org\/msj\/toma-de-posesion-alcalde-pellecer-periodo-2020-2024\/#breadcrumb","itemListElement":[{"@type":"ListItem","position":1,"name":"Portada","item":"https:\/\/munisanjuansac.org\/msj\/"},{"@type":"ListItem","position":2,"name":"Toma de Posesi\u00f3n Alcalde Pellecer, Per\u00edodo 2020 &#8211; 2024"}]},{"@type":"WebSite","@id":"https:\/\/munisanjuansac.org\/msj\/#website","url":"https:\/\/munisanjuansac.org\/msj\/","name":"Municipalidad de San Juan Sacatep\u00e9quez","description":"","publisher":{"@id":"https:\/\/munisanjuansac.org\/msj\/#organization"},"potentialAction":[{"@type":"SearchAction","target":{"@type":"EntryPoint","urlTemplate":"https:\/\/munisanjuansac.org\/msj\/?s={search_term_string}"},"query-input":"required name=search_term_string"}],"inLanguage":"es"},{"@type":"Organization","@id":"https:\/\/munisanjuansac.org\/msj\/#organization","name":"Municipalidad de San Juan Sacatep\u00e9quez","url":"https:\/\/munisanjuansac.org\/msj\/","logo":{"@type":"ImageObject","inLanguage":"es","@id":"https:\/\/munisanjuansac.org\/msj\/#\/schema\/logo\/image\/","url":"https:\/\/munisanjuansac.org\/msj\/wp-content\/uploads\/2023\/11\/LOGO-45-DE-ANCHO-POR-50-DE-ALTO-DERECHO-E-IZQUIERDO-921x1024.png","contentUrl":"https:\/\/munisanjuansac.org\/msj\/wp-content\/uploads\/2023\/11\/LOGO-45-DE-ANCHO-POR-50-DE-ALTO-DERECHO-E-IZQUIERDO-921x1024.png","width":921,"height":1024,"caption":"Municipalidad de San Juan Sacatep\u00e9quez"},"image":{"@id":"https:\/\/munisanjuansac.org\/msj\/#\/schema\/logo\/image\/"},"sameAs":["https:\/\/www.facebook.com\/MunicipalidadSanJuanSacatepequez","https:\/\/twitter.com\/SanJuanSacatep1","https:\/\/www.youtube.com\/@municipalidadsanjuansacate2849\/videos","https:\/\/www.tiktok.com\/@munisanjuansac?lang=es","https:\/\/www.tiktok.com\/@jc_pellecer?lang=es"]},{"@type":"Person","@id":"https:\/\/munisanjuansac.org\/msj\/#\/schema\/person\/484a895a5cbc0a787bb929e3b7fad0a0","name":"Administrador","image":{"@type":"ImageObject","inLanguage":"es","@id":"https:\/\/munisanjuansac.org\/msj\/#\/schema\/person\/image\/","url":"https:\/\/munisanjuansac.org\/msj\/wp-content\/uploads\/2025\/08\/escudo-96x96.png","contentUrl":"https:\/\/munisanjuansac.org\/msj\/wp-content\/uploads\/2025\/08\/escudo-96x96.png","caption":"Administrador"},"description":"Municipalidad de San Juan Sacatepequez, Guatemala - 2025","url":"https:\/\/munisanjuansac.org\/msj\/author\/soporte\/"}]}},"_links":{"self":[{"href":"https:\/\/munisanjuansac.org\/msj\/wp-json\/wp\/v2\/posts\/2547","targetHints":{"allow":["GET"]}}],"collection":[{"href":"https:\/\/munisanjuansac.org\/msj\/wp-json\/wp\/v2\/posts"}],"about":[{"href":"https:\/\/munisanjuansac.org\/msj\/wp-json\/wp\/v2\/types\/post"}],"author":[{"embeddable":true,"href":"https:\/\/munisanjuansac.org\/msj\/wp-json\/wp\/v2\/users\/5"}],"replies":[{"embeddable":true,"href":"https:\/\/munisanjuansac.org\/msj\/wp-json\/wp\/v2\/comments?post=2547"}],"version-history":[{"count":6,"href":"https:\/\/munisanjuansac.org\/msj\/wp-json\/wp\/v2\/posts\/2547\/revisions"}],"predecessor-version":[{"id":2565,"href":"https:\/\/munisanjuansac.org\/msj\/wp-json\/wp\/v2\/posts\/2547\/revisions\/2565"}],"wp:featuredmedia":[{"embeddable":true,"href":"https:\/\/munisanjuansac.org\/msj\/wp-json\/wp\/v2\/media\/2559"}],"wp:attachment":[{"href":"https:\/\/munisanjuansac.org\/msj\/wp-json\/wp\/v2\/media?parent=2547"}],"wp:term":[{"taxonomy":"category","embeddable":true,"href":"https:\/\/munisanjuansac.org\/msj\/wp-json\/wp\/v2\/categories?post=2547"},{"taxonomy":"post_tag","embeddable":true,"href":"https:\/\/munisanjuansac.org\/msj\/wp-json\/wp\/v2\/tags?post=2547"}],"curies":[{"name":"wp","href":"https:\/\/api.w.org\/{rel}","templated":true}]}}