{"id":224,"date":"2016-11-28T05:23:32","date_gmt":"2016-11-28T05:23:32","guid":{"rendered":"https:\/\/munisanjuansac.org\/msj\/?p=224"},"modified":"2017-02-08T19:59:56","modified_gmt":"2017-02-08T19:59:56","slug":"inauguracion-de-mercado-en-aldea-cerro-alto","status":"publish","type":"post","link":"https:\/\/munisanjuansac.org\/msj\/inauguracion-de-mercado-en-aldea-cerro-alto\/","title":{"rendered":"Inauguraci\u00f3n de Mercado en Aldea Cerro Alto"},"content":{"rendered":"<p style=\"text-align: justify;\"><a href=\"https:\/\/munisanjuansac.org\/msj\/wp-content\/uploads\/2016\/11\/inaguuracion-mercado-cerro-alto-san-juan-sacatepequez.jpg\"><img fetchpriority=\"high\" decoding=\"async\" class=\"aligncenter wp-image-577 size-large\" src=\"https:\/\/munisanjuansac.org\/msj\/wp-content\/uploads\/2016\/11\/inaguuracion-mercado-cerro-alto-san-juan-sacatepequez-1024x683.jpg\" width=\"1024\" height=\"683\" srcset=\"https:\/\/munisanjuansac.org\/msj\/wp-content\/uploads\/2016\/11\/inaguuracion-mercado-cerro-alto-san-juan-sacatepequez-1024x683.jpg 1024w, https:\/\/munisanjuansac.org\/msj\/wp-content\/uploads\/2016\/11\/inaguuracion-mercado-cerro-alto-san-juan-sacatepequez-300x200.jpg 300w, https:\/\/munisanjuansac.org\/msj\/wp-content\/uploads\/2016\/11\/inaguuracion-mercado-cerro-alto-san-juan-sacatepequez-768x512.jpg 768w, https:\/\/munisanjuansac.org\/msj\/wp-content\/uploads\/2016\/11\/inaguuracion-mercado-cerro-alto-san-juan-sacatepequez-272x182.jpg 272w\" sizes=\"(max-width: 1024px) 100vw, 1024px\" \/><\/a><\/p>\n<p style=\"text-align: justify;\">Con el objetivo de impulsar la econom\u00eda de la Aldea Cerro Alto, el Alcalde Municipal L\u00e1zaro Pirir, acompa\u00f1ado de miembros del Concejo Municipal, Autoridades Comunitarias y Vecinos cortaron la cinta simb\u00f3lica y dan por inaugurado el mercado comunal en dicha aldea,\u00a0el cual se ubica un costado de la Iglesia Cat\u00f3lica.<\/p>\n<p style=\"text-align: justify;\">Alfonso Top, alcalde auxiliar de la comunidad manifest\u00f3 que los vecinos desde hace 30 a\u00f1os se les ha ofrecido un espacio para poder crear el mercado, hasta hoy se vuelve realidad gracias al apoyo de la Administraci\u00f3n Municipal, lo cual es muy positivo para los habitantes de\u00a0 esta aldea porque ac\u00e1 podr\u00e1n encontrar los productos necesarios.<\/p>\n<p style=\"text-align: justify;\">\u201cEn esta oportunidad son m\u00e1s de 70 vendedores que se encuentran en este d\u00eda que se inaugura el mercado, cada uno de ellos tendr\u00e1 su tarjeta de manipulaci\u00f3n e alimentos, el cual se coordinara con los encargados de salud, el mercado estar\u00e1 ubicado en esta \u00e1rea de manera temporal, posteriormente se les ubicara en otro lugar\u201d expreso Top.<\/p>\n<p style=\"text-align: justify;\"><a href=\"https:\/\/munisanjuansac.org\/msj\/wp-content\/uploads\/2016\/11\/Mercado-de-Aldea-Cerro-Alto-San-Juan-Sac.jpg\"><img decoding=\"async\" class=\"wp-image-226 size-medium aligncenter\" src=\"https:\/\/munisanjuansac.org\/msj\/wp-content\/uploads\/2016\/11\/Mercado-de-Aldea-Cerro-Alto-San-Juan-Sac-300x200.jpg\" alt=\"mercado-de-aldea-cerro-alto-san-juan-sac\" width=\"300\" height=\"200\" srcset=\"https:\/\/munisanjuansac.org\/msj\/wp-content\/uploads\/2016\/11\/Mercado-de-Aldea-Cerro-Alto-San-Juan-Sac-300x200.jpg 300w, https:\/\/munisanjuansac.org\/msj\/wp-content\/uploads\/2016\/11\/Mercado-de-Aldea-Cerro-Alto-San-Juan-Sac-768x512.jpg 768w, https:\/\/munisanjuansac.org\/msj\/wp-content\/uploads\/2016\/11\/Mercado-de-Aldea-Cerro-Alto-San-Juan-Sac-1024x683.jpg 1024w, https:\/\/munisanjuansac.org\/msj\/wp-content\/uploads\/2016\/11\/Mercado-de-Aldea-Cerro-Alto-San-Juan-Sac-272x182.jpg 272w\" sizes=\"(max-width: 300px) 100vw, 300px\" \/><\/a><\/p>\n<p style=\"text-align: justify;\">\n","protected":false},"excerpt":{"rendered":"<p>Con el objetivo de impulsar la econom\u00eda de la Aldea Cerro Alto, el Alcalde Municipal L\u00e1zaro Pirir, acompa\u00f1ado de miembros del Concejo Municipal, Autoridades Comunitarias y Vecinos cortaron la cinta&hellip;<\/p>\n","protected":false},"author":1,"featured_media":577,"comment_status":"closed","ping_status":"open","sticky":false,"template":"","format":"standard","meta":{"footnotes":""},"categories":[17],"tags":[],"class_list":["post-224","post","type-post","status-publish","format-standard","has-post-thumbnail","hentry","category-noticias"],"yoast_head":"<!-- This site is optimized with the Yoast SEO plugin v22.0 - https:\/\/yoast.com\/wordpress\/plugins\/seo\/ -->\n<title>Inauguraci\u00f3n de Mercado en Aldea Cerro Alto - Municipalidad de San Juan Sacatep\u00e9quez<\/title>\n<meta name=\"robots\" content=\"index, follow, max-snippet:-1, max-image-preview:large, max-video-preview:-1\" \/>\n<link rel=\"canonical\" href=\"https:\/\/munisanjuansac.org\/msj\/inauguracion-de-mercado-en-aldea-cerro-alto\/\" \/>\n<meta property=\"og:locale\" content=\"es_ES\" \/>\n<meta property=\"og:type\" content=\"article\" \/>\n<meta property=\"og:title\" content=\"Inauguraci\u00f3n de Mercado en Aldea Cerro Alto - Municipalidad de San Juan Sacatep\u00e9quez\" \/>\n<meta property=\"og:description\" content=\"Con el objetivo de impulsar la econom\u00eda de la Aldea Cerro Alto, el Alcalde Municipal L\u00e1zaro Pirir, acompa\u00f1ado de miembros del Concejo Municipal, Autoridades Comunitarias y Vecinos cortaron la cinta&hellip;\" \/>\n<meta property=\"og:url\" content=\"https:\/\/munisanjuansac.org\/msj\/inauguracion-de-mercado-en-aldea-cerro-alto\/\" \/>\n<meta property=\"og:site_name\" content=\"Municipalidad de San Juan Sacatep\u00e9quez\" \/>\n<meta property=\"article:publisher\" content=\"https:\/\/www.facebook.com\/MunicipalidadSanJuanSacatepequez\" \/>\n<meta property=\"article:published_time\" content=\"2016-11-28T05:23:32+00:00\" \/>\n<meta property=\"article:modified_time\" content=\"2017-02-08T19:59:56+00:00\" \/>\n<meta property=\"og:image\" content=\"https:\/\/munisanjuansac.org\/msj\/wp-content\/uploads\/2016\/11\/inaguuracion-mercado-cerro-alto-san-juan-sacatepequez.jpg\" \/>\n\t<meta property=\"og:image:width\" content=\"3932\" \/>\n\t<meta property=\"og:image:height\" content=\"2622\" \/>\n\t<meta property=\"og:image:type\" content=\"image\/jpeg\" \/>\n<meta name=\"author\" content=\"wpmunisanj\" \/>\n<meta name=\"twitter:card\" content=\"summary_large_image\" \/>\n<meta name=\"twitter:creator\" content=\"@SanJuanSacatep1\" \/>\n<meta name=\"twitter:site\" content=\"@SanJuanSacatep1\" \/>\n<meta name=\"twitter:label1\" content=\"Escrito por\" \/>\n\t<meta name=\"twitter:data1\" content=\"wpmunisanj\" \/>\n\t<meta name=\"twitter:label2\" content=\"Tiempo de lectura\" \/>\n\t<meta name=\"twitter:data2\" content=\"1 minuto\" \/>\n<script type=\"application\/ld+json\" class=\"yoast-schema-graph\">{\"@context\":\"https:\/\/schema.org\",\"@graph\":[{\"@type\":\"Article\",\"@id\":\"https:\/\/munisanjuansac.org\/msj\/inauguracion-de-mercado-en-aldea-cerro-alto\/#article\",\"isPartOf\":{\"@id\":\"https:\/\/munisanjuansac.org\/msj\/inauguracion-de-mercado-en-aldea-cerro-alto\/\"},\"author\":{\"name\":\"wpmunisanj\",\"@id\":\"https:\/\/munisanjuansac.org\/msj\/#\/schema\/person\/3dbd80d788cab1303a54b46e4399e241\"},\"headline\":\"Inauguraci\u00f3n de Mercado en Aldea Cerro Alto\",\"datePublished\":\"2016-11-28T05:23:32+00:00\",\"dateModified\":\"2017-02-08T19:59:56+00:00\",\"mainEntityOfPage\":{\"@id\":\"https:\/\/munisanjuansac.org\/msj\/inauguracion-de-mercado-en-aldea-cerro-alto\/\"},\"wordCount\":182,\"publisher\":{\"@id\":\"https:\/\/munisanjuansac.org\/msj\/#organization\"},\"articleSection\":[\"CURSOS Y TALLERES\"],\"inLanguage\":\"es\"},{\"@type\":\"WebPage\",\"@id\":\"https:\/\/munisanjuansac.org\/msj\/inauguracion-de-mercado-en-aldea-cerro-alto\/\",\"url\":\"https:\/\/munisanjuansac.org\/msj\/inauguracion-de-mercado-en-aldea-cerro-alto\/\",\"name\":\"Inauguraci\u00f3n de Mercado en Aldea Cerro Alto - Municipalidad de San Juan Sacatep\u00e9quez\",\"isPartOf\":{\"@id\":\"https:\/\/munisanjuansac.org\/msj\/#website\"},\"datePublished\":\"2016-11-28T05:23:32+00:00\",\"dateModified\":\"2017-02-08T19:59:56+00:00\",\"breadcrumb\":{\"@id\":\"https:\/\/munisanjuansac.org\/msj\/inauguracion-de-mercado-en-aldea-cerro-alto\/#breadcrumb\"},\"inLanguage\":\"es\",\"potentialAction\":[{\"@type\":\"ReadAction\",\"target\":[\"https:\/\/munisanjuansac.org\/msj\/inauguracion-de-mercado-en-aldea-cerro-alto\/\"]}]},{\"@type\":\"BreadcrumbList\",\"@id\":\"https:\/\/munisanjuansac.org\/msj\/inauguracion-de-mercado-en-aldea-cerro-alto\/#breadcrumb\",\"itemListElement\":[{\"@type\":\"ListItem\",\"position\":1,\"name\":\"Portada\",\"item\":\"https:\/\/munisanjuansac.org\/msj\/\"},{\"@type\":\"ListItem\",\"position\":2,\"name\":\"Inauguraci\u00f3n de Mercado en Aldea Cerro Alto\"}]},{\"@type\":\"WebSite\",\"@id\":\"https:\/\/munisanjuansac.org\/msj\/#website\",\"url\":\"https:\/\/munisanjuansac.org\/msj\/\",\"name\":\"Municipalidad de San Juan Sacatep\u00e9quez\",\"description\":\"\",\"publisher\":{\"@id\":\"https:\/\/munisanjuansac.org\/msj\/#organization\"},\"potentialAction\":[{\"@type\":\"SearchAction\",\"target\":{\"@type\":\"EntryPoint\",\"urlTemplate\":\"https:\/\/munisanjuansac.org\/msj\/?s={search_term_string}\"},\"query-input\":\"required name=search_term_string\"}],\"inLanguage\":\"es\"},{\"@type\":\"Organization\",\"@id\":\"https:\/\/munisanjuansac.org\/msj\/#organization\",\"name\":\"Municipalidad de San Juan Sacatep\u00e9quez\",\"url\":\"https:\/\/munisanjuansac.org\/msj\/\",\"logo\":{\"@type\":\"ImageObject\",\"inLanguage\":\"es\",\"@id\":\"https:\/\/munisanjuansac.org\/msj\/#\/schema\/logo\/image\/\",\"url\":\"https:\/\/munisanjuansac.org\/msj\/wp-content\/uploads\/2023\/11\/LOGO-45-DE-ANCHO-POR-50-DE-ALTO-DERECHO-E-IZQUIERDO-921x1024.png\",\"contentUrl\":\"https:\/\/munisanjuansac.org\/msj\/wp-content\/uploads\/2023\/11\/LOGO-45-DE-ANCHO-POR-50-DE-ALTO-DERECHO-E-IZQUIERDO-921x1024.png\",\"width\":921,\"height\":1024,\"caption\":\"Municipalidad de San Juan Sacatep\u00e9quez\"},\"image\":{\"@id\":\"https:\/\/munisanjuansac.org\/msj\/#\/schema\/logo\/image\/\"},\"sameAs\":[\"https:\/\/www.facebook.com\/MunicipalidadSanJuanSacatepequez\",\"https:\/\/twitter.com\/SanJuanSacatep1\",\"https:\/\/www.youtube.com\/@municipalidadsanjuansacate2849\/videos\",\"https:\/\/www.tiktok.com\/@munisanjuansac?lang=es\",\"https:\/\/www.tiktok.com\/@jc_pellecer?lang=es\"]},{\"@type\":\"Person\",\"@id\":\"https:\/\/munisanjuansac.org\/msj\/#\/schema\/person\/3dbd80d788cab1303a54b46e4399e241\",\"name\":\"wpmunisanj\",\"image\":{\"@type\":\"ImageObject\",\"inLanguage\":\"es\",\"@id\":\"https:\/\/munisanjuansac.org\/msj\/#\/schema\/person\/image\/\",\"url\":\"https:\/\/secure.gravatar.com\/avatar\/88e003d6973f13207bb665a46805695a95cd03126642904f376105f4ae40c297?s=96&d=mm&r=g\",\"contentUrl\":\"https:\/\/secure.gravatar.com\/avatar\/88e003d6973f13207bb665a46805695a95cd03126642904f376105f4ae40c297?s=96&d=mm&r=g\",\"caption\":\"wpmunisanj\"},\"url\":\"https:\/\/munisanjuansac.org\/msj\/author\/wpmunisanj\/\"}]}<\/script>\n<!-- \/ Yoast SEO plugin. -->","yoast_head_json":{"title":"Inauguraci\u00f3n de Mercado en Aldea Cerro Alto - Municipalidad de San Juan Sacatep\u00e9quez","robots":{"index":"index","follow":"follow","max-snippet":"max-snippet:-1","max-image-preview":"max-image-preview:large","max-video-preview":"max-video-preview:-1"},"canonical":"https:\/\/munisanjuansac.org\/msj\/inauguracion-de-mercado-en-aldea-cerro-alto\/","og_locale":"es_ES","og_type":"article","og_title":"Inauguraci\u00f3n de Mercado en Aldea Cerro Alto - Municipalidad de San Juan Sacatep\u00e9quez","og_description":"Con el objetivo de impulsar la econom\u00eda de la Aldea Cerro Alto, el Alcalde Municipal L\u00e1zaro Pirir, acompa\u00f1ado de miembros del Concejo Municipal, Autoridades Comunitarias y Vecinos cortaron la cinta&hellip;","og_url":"https:\/\/munisanjuansac.org\/msj\/inauguracion-de-mercado-en-aldea-cerro-alto\/","og_site_name":"Municipalidad de San Juan Sacatep\u00e9quez","article_publisher":"https:\/\/www.facebook.com\/MunicipalidadSanJuanSacatepequez","article_published_time":"2016-11-28T05:23:32+00:00","article_modified_time":"2017-02-08T19:59:56+00:00","og_image":[{"width":3932,"height":2622,"url":"https:\/\/munisanjuansac.org\/msj\/wp-content\/uploads\/2016\/11\/inaguuracion-mercado-cerro-alto-san-juan-sacatepequez.jpg","type":"image\/jpeg"}],"author":"wpmunisanj","twitter_card":"summary_large_image","twitter_creator":"@SanJuanSacatep1","twitter_site":"@SanJuanSacatep1","twitter_misc":{"Escrito por":"wpmunisanj","Tiempo de lectura":"1 minuto"},"schema":{"@context":"https:\/\/schema.org","@graph":[{"@type":"Article","@id":"https:\/\/munisanjuansac.org\/msj\/inauguracion-de-mercado-en-aldea-cerro-alto\/#article","isPartOf":{"@id":"https:\/\/munisanjuansac.org\/msj\/inauguracion-de-mercado-en-aldea-cerro-alto\/"},"author":{"name":"wpmunisanj","@id":"https:\/\/munisanjuansac.org\/msj\/#\/schema\/person\/3dbd80d788cab1303a54b46e4399e241"},"headline":"Inauguraci\u00f3n de Mercado en Aldea Cerro Alto","datePublished":"2016-11-28T05:23:32+00:00","dateModified":"2017-02-08T19:59:56+00:00","mainEntityOfPage":{"@id":"https:\/\/munisanjuansac.org\/msj\/inauguracion-de-mercado-en-aldea-cerro-alto\/"},"wordCount":182,"publisher":{"@id":"https:\/\/munisanjuansac.org\/msj\/#organization"},"articleSection":["CURSOS Y TALLERES"],"inLanguage":"es"},{"@type":"WebPage","@id":"https:\/\/munisanjuansac.org\/msj\/inauguracion-de-mercado-en-aldea-cerro-alto\/","url":"https:\/\/munisanjuansac.org\/msj\/inauguracion-de-mercado-en-aldea-cerro-alto\/","name":"Inauguraci\u00f3n de Mercado en Aldea Cerro Alto - Municipalidad de San Juan Sacatep\u00e9quez","isPartOf":{"@id":"https:\/\/munisanjuansac.org\/msj\/#website"},"datePublished":"2016-11-28T05:23:32+00:00","dateModified":"2017-02-08T19:59:56+00:00","breadcrumb":{"@id":"https:\/\/munisanjuansac.org\/msj\/inauguracion-de-mercado-en-aldea-cerro-alto\/#breadcrumb"},"inLanguage":"es","potentialAction":[{"@type":"ReadAction","target":["https:\/\/munisanjuansac.org\/msj\/inauguracion-de-mercado-en-aldea-cerro-alto\/"]}]},{"@type":"BreadcrumbList","@id":"https:\/\/munisanjuansac.org\/msj\/inauguracion-de-mercado-en-aldea-cerro-alto\/#breadcrumb","itemListElement":[{"@type":"ListItem","position":1,"name":"Portada","item":"https:\/\/munisanjuansac.org\/msj\/"},{"@type":"ListItem","position":2,"name":"Inauguraci\u00f3n de Mercado en Aldea Cerro Alto"}]},{"@type":"WebSite","@id":"https:\/\/munisanjuansac.org\/msj\/#website","url":"https:\/\/munisanjuansac.org\/msj\/","name":"Municipalidad de San Juan Sacatep\u00e9quez","description":"","publisher":{"@id":"https:\/\/munisanjuansac.org\/msj\/#organization"},"potentialAction":[{"@type":"SearchAction","target":{"@type":"EntryPoint","urlTemplate":"https:\/\/munisanjuansac.org\/msj\/?s={search_term_string}"},"query-input":"required name=search_term_string"}],"inLanguage":"es"},{"@type":"Organization","@id":"https:\/\/munisanjuansac.org\/msj\/#organization","name":"Municipalidad de San Juan Sacatep\u00e9quez","url":"https:\/\/munisanjuansac.org\/msj\/","logo":{"@type":"ImageObject","inLanguage":"es","@id":"https:\/\/munisanjuansac.org\/msj\/#\/schema\/logo\/image\/","url":"https:\/\/munisanjuansac.org\/msj\/wp-content\/uploads\/2023\/11\/LOGO-45-DE-ANCHO-POR-50-DE-ALTO-DERECHO-E-IZQUIERDO-921x1024.png","contentUrl":"https:\/\/munisanjuansac.org\/msj\/wp-content\/uploads\/2023\/11\/LOGO-45-DE-ANCHO-POR-50-DE-ALTO-DERECHO-E-IZQUIERDO-921x1024.png","width":921,"height":1024,"caption":"Municipalidad de San Juan Sacatep\u00e9quez"},"image":{"@id":"https:\/\/munisanjuansac.org\/msj\/#\/schema\/logo\/image\/"},"sameAs":["https:\/\/www.facebook.com\/MunicipalidadSanJuanSacatepequez","https:\/\/twitter.com\/SanJuanSacatep1","https:\/\/www.youtube.com\/@municipalidadsanjuansacate2849\/videos","https:\/\/www.tiktok.com\/@munisanjuansac?lang=es","https:\/\/www.tiktok.com\/@jc_pellecer?lang=es"]},{"@type":"Person","@id":"https:\/\/munisanjuansac.org\/msj\/#\/schema\/person\/3dbd80d788cab1303a54b46e4399e241","name":"wpmunisanj","image":{"@type":"ImageObject","inLanguage":"es","@id":"https:\/\/munisanjuansac.org\/msj\/#\/schema\/person\/image\/","url":"https:\/\/secure.gravatar.com\/avatar\/88e003d6973f13207bb665a46805695a95cd03126642904f376105f4ae40c297?s=96&d=mm&r=g","contentUrl":"https:\/\/secure.gravatar.com\/avatar\/88e003d6973f13207bb665a46805695a95cd03126642904f376105f4ae40c297?s=96&d=mm&r=g","caption":"wpmunisanj"},"url":"https:\/\/munisanjuansac.org\/msj\/author\/wpmunisanj\/"}]}},"_links":{"self":[{"href":"https:\/\/munisanjuansac.org\/msj\/wp-json\/wp\/v2\/posts\/224","targetHints":{"allow":["GET"]}}],"collection":[{"href":"https:\/\/munisanjuansac.org\/msj\/wp-json\/wp\/v2\/posts"}],"about":[{"href":"https:\/\/munisanjuansac.org\/msj\/wp-json\/wp\/v2\/types\/post"}],"author":[{"embeddable":true,"href":"https:\/\/munisanjuansac.org\/msj\/wp-json\/wp\/v2\/users\/1"}],"replies":[{"embeddable":true,"href":"https:\/\/munisanjuansac.org\/msj\/wp-json\/wp\/v2\/comments?post=224"}],"version-history":[{"count":5,"href":"https:\/\/munisanjuansac.org\/msj\/wp-json\/wp\/v2\/posts\/224\/revisions"}],"predecessor-version":[{"id":579,"href":"https:\/\/munisanjuansac.org\/msj\/wp-json\/wp\/v2\/posts\/224\/revisions\/579"}],"wp:featuredmedia":[{"embeddable":true,"href":"https:\/\/munisanjuansac.org\/msj\/wp-json\/wp\/v2\/media\/577"}],"wp:attachment":[{"href":"https:\/\/munisanjuansac.org\/msj\/wp-json\/wp\/v2\/media?parent=224"}],"wp:term":[{"taxonomy":"category","embeddable":true,"href":"https:\/\/munisanjuansac.org\/msj\/wp-json\/wp\/v2\/categories?post=224"},{"taxonomy":"post_tag","embeddable":true,"href":"https:\/\/munisanjuansac.org\/msj\/wp-json\/wp\/v2\/tags?post=224"}],"curies":[{"name":"wp","href":"https:\/\/api.w.org\/{rel}","templated":true}]}}