{"id":1866,"date":"2018-11-28T20:59:10","date_gmt":"2018-11-28T20:59:10","guid":{"rendered":"https:\/\/munisanjuansac.org\/msj\/?p=1866"},"modified":"2018-11-28T21:10:08","modified_gmt":"2018-11-28T21:10:08","slug":"inauguracion-de-proyecto-de-drenaje-y-planta-de-tratamiento-en-caserio-pachali","status":"publish","type":"post","link":"https:\/\/munisanjuansac.org\/msj\/inauguracion-de-proyecto-de-drenaje-y-planta-de-tratamiento-en-caserio-pachali\/","title":{"rendered":"Inauguraci\u00f3n de proyecto de drenaje y planta de tratamiento en caser\u00edo Pachal\u00ed"},"content":{"rendered":"<p><a href=\"https:\/\/munisanjuansac.org\/msj\/wp-content\/uploads\/2018\/11\/Inauguracion-drenaje-y-planta-de-tratamiento-callej\u00f3n-Los-guamuch-Caser\u00edo-Pachali.jpg\"><img fetchpriority=\"high\" decoding=\"async\" class=\"aligncenter size-full wp-image-1868\" src=\"https:\/\/munisanjuansac.org\/msj\/wp-content\/uploads\/2018\/11\/Inauguracion-drenaje-y-planta-de-tratamiento-callej\u00f3n-Los-guamuch-Caser\u00edo-Pachali.jpg\" alt=\"\" width=\"4272\" height=\"2848\" srcset=\"https:\/\/munisanjuansac.org\/msj\/wp-content\/uploads\/2018\/11\/Inauguracion-drenaje-y-planta-de-tratamiento-callej\u00f3n-Los-guamuch-Caser\u00edo-Pachali.jpg 4272w, https:\/\/munisanjuansac.org\/msj\/wp-content\/uploads\/2018\/11\/Inauguracion-drenaje-y-planta-de-tratamiento-callej\u00f3n-Los-guamuch-Caser\u00edo-Pachali-300x200.jpg 300w, https:\/\/munisanjuansac.org\/msj\/wp-content\/uploads\/2018\/11\/Inauguracion-drenaje-y-planta-de-tratamiento-callej\u00f3n-Los-guamuch-Caser\u00edo-Pachali-768x512.jpg 768w, https:\/\/munisanjuansac.org\/msj\/wp-content\/uploads\/2018\/11\/Inauguracion-drenaje-y-planta-de-tratamiento-callej\u00f3n-Los-guamuch-Caser\u00edo-Pachali-1024x683.jpg 1024w, https:\/\/munisanjuansac.org\/msj\/wp-content\/uploads\/2018\/11\/Inauguracion-drenaje-y-planta-de-tratamiento-callej\u00f3n-Los-guamuch-Caser\u00edo-Pachali-272x182.jpg 272w\" sizes=\"(max-width: 4272px) 100vw, 4272px\" \/><\/a><\/p>\n<p style=\"text-align: justify;\">Recientemente la Municipalidad de San Juan Sacatep\u00e9quez hizo entrega de un proyecto de drenaje y una planta de tratamiento a vecinos del callej\u00f3n \u00abLos Guamuch\u00bb, caser\u00edo Pachal\u00ed, aldea Sacsuy.<\/p>\n<p style=\"text-align: justify;\">La funci\u00f3n de la planta es eliminar los contaminantes de las aguas negras o residuales que se generen en la comunidad con el objetivo de proteger el recurso h\u00eddrico en el municipio.<\/p>\n<p style=\"text-align: justify;\">\u00abDesde hace varios a\u00f1os no cont\u00e1bamos con el servicio de drenaje, por lo tanto utiliz\u00e1bamos pozo ciego en los hogares, hoy estamos muy contentos por el proyecto porque ya no contaminamos nuestro medio ambiente\u00bb, coment\u00f3 Lorenzo Pirir, vecino de la comunidad.<\/p>\n<p>Pedro Mus\u00fas, uno de los beneficiarios, dijo que la obra es muy\u00a0importante para el desarrollo de la comunidad, tambi\u00e9n recalc\u00f3 que la Municipalidad aport\u00f3 los materiales y los vecinos la mano de obra.<\/p>\n<p>A trav\u00e9s de estos proyectos es visible el compromiso de la actual Administraci\u00f3n Municipal en mejorar la calidad de vida de nuestros vecinos.<\/p>\n<p><a href=\"https:\/\/munisanjuansac.org\/msj\/wp-content\/uploads\/2018\/11\/Inauguracion-drenaje-y-planta-de-tratamiento-callej\u00f3n-Los-guamuch-Caser\u00edo-Pachali-aldea-Sacsuy.jpg\"><img decoding=\"async\" class=\"aligncenter size-full wp-image-1867\" src=\"https:\/\/munisanjuansac.org\/msj\/wp-content\/uploads\/2018\/11\/Inauguracion-drenaje-y-planta-de-tratamiento-callej\u00f3n-Los-guamuch-Caser\u00edo-Pachali-aldea-Sacsuy.jpg\" alt=\"\" width=\"4272\" height=\"2848\" srcset=\"https:\/\/munisanjuansac.org\/msj\/wp-content\/uploads\/2018\/11\/Inauguracion-drenaje-y-planta-de-tratamiento-callej\u00f3n-Los-guamuch-Caser\u00edo-Pachali-aldea-Sacsuy.jpg 4272w, https:\/\/munisanjuansac.org\/msj\/wp-content\/uploads\/2018\/11\/Inauguracion-drenaje-y-planta-de-tratamiento-callej\u00f3n-Los-guamuch-Caser\u00edo-Pachali-aldea-Sacsuy-300x200.jpg 300w, https:\/\/munisanjuansac.org\/msj\/wp-content\/uploads\/2018\/11\/Inauguracion-drenaje-y-planta-de-tratamiento-callej\u00f3n-Los-guamuch-Caser\u00edo-Pachali-aldea-Sacsuy-768x512.jpg 768w, https:\/\/munisanjuansac.org\/msj\/wp-content\/uploads\/2018\/11\/Inauguracion-drenaje-y-planta-de-tratamiento-callej\u00f3n-Los-guamuch-Caser\u00edo-Pachali-aldea-Sacsuy-1024x683.jpg 1024w, https:\/\/munisanjuansac.org\/msj\/wp-content\/uploads\/2018\/11\/Inauguracion-drenaje-y-planta-de-tratamiento-callej\u00f3n-Los-guamuch-Caser\u00edo-Pachali-aldea-Sacsuy-272x182.jpg 272w\" sizes=\"(max-width: 4272px) 100vw, 4272px\" \/><\/a><\/p>\n","protected":false},"excerpt":{"rendered":"<p>Recientemente la Municipalidad de San Juan Sacatep\u00e9quez hizo entrega de un proyecto de drenaje y una planta de tratamiento a vecinos del callej\u00f3n \u00abLos Guamuch\u00bb, caser\u00edo Pachal\u00ed, aldea Sacsuy. La&hellip;<\/p>\n","protected":false},"author":1,"featured_media":1868,"comment_status":"closed","ping_status":"open","sticky":false,"template":"","format":"standard","meta":{"footnotes":""},"categories":[17],"tags":[],"class_list":["post-1866","post","type-post","status-publish","format-standard","has-post-thumbnail","hentry","category-noticias"],"yoast_head":"<!-- This site is optimized with the Yoast SEO plugin v22.0 - https:\/\/yoast.com\/wordpress\/plugins\/seo\/ -->\n<title>Inauguraci\u00f3n de proyecto de drenaje y planta de tratamiento en caser\u00edo Pachal\u00ed - Municipalidad de San Juan Sacatep\u00e9quez<\/title>\n<meta name=\"robots\" content=\"index, follow, max-snippet:-1, max-image-preview:large, max-video-preview:-1\" \/>\n<link rel=\"canonical\" href=\"https:\/\/munisanjuansac.org\/msj\/inauguracion-de-proyecto-de-drenaje-y-planta-de-tratamiento-en-caserio-pachali\/\" \/>\n<meta property=\"og:locale\" content=\"es_ES\" \/>\n<meta property=\"og:type\" content=\"article\" \/>\n<meta property=\"og:title\" content=\"Inauguraci\u00f3n de proyecto de drenaje y planta de tratamiento en caser\u00edo Pachal\u00ed - Municipalidad de San Juan Sacatep\u00e9quez\" \/>\n<meta property=\"og:description\" content=\"Recientemente la Municipalidad de San Juan Sacatep\u00e9quez hizo entrega de un proyecto de drenaje y una planta de tratamiento a vecinos del callej\u00f3n \u00abLos Guamuch\u00bb, caser\u00edo Pachal\u00ed, aldea Sacsuy. La&hellip;\" \/>\n<meta property=\"og:url\" content=\"https:\/\/munisanjuansac.org\/msj\/inauguracion-de-proyecto-de-drenaje-y-planta-de-tratamiento-en-caserio-pachali\/\" \/>\n<meta property=\"og:site_name\" content=\"Municipalidad de San Juan Sacatep\u00e9quez\" \/>\n<meta property=\"article:publisher\" content=\"https:\/\/www.facebook.com\/MunicipalidadSanJuanSacatepequez\" \/>\n<meta property=\"article:published_time\" content=\"2018-11-28T20:59:10+00:00\" \/>\n<meta property=\"article:modified_time\" content=\"2018-11-28T21:10:08+00:00\" \/>\n<meta property=\"og:image\" content=\"https:\/\/munisanjuansac.org\/msj\/wp-content\/uploads\/2018\/11\/Inauguracion-drenaje-y-planta-de-tratamiento-callej\u00f3n-Los-guamuch-Caser\u00edo-Pachali.jpg\" \/>\n\t<meta property=\"og:image:width\" content=\"4272\" \/>\n\t<meta property=\"og:image:height\" content=\"2848\" \/>\n\t<meta property=\"og:image:type\" content=\"image\/jpeg\" \/>\n<meta name=\"author\" content=\"wpmunisanj\" \/>\n<meta name=\"twitter:card\" content=\"summary_large_image\" \/>\n<meta name=\"twitter:creator\" content=\"@SanJuanSacatep1\" \/>\n<meta name=\"twitter:site\" content=\"@SanJuanSacatep1\" \/>\n<meta name=\"twitter:label1\" content=\"Escrito por\" \/>\n\t<meta name=\"twitter:data1\" content=\"wpmunisanj\" \/>\n\t<meta name=\"twitter:label2\" content=\"Tiempo de lectura\" \/>\n\t<meta name=\"twitter:data2\" content=\"1 minuto\" \/>\n<script type=\"application\/ld+json\" class=\"yoast-schema-graph\">{\"@context\":\"https:\/\/schema.org\",\"@graph\":[{\"@type\":\"Article\",\"@id\":\"https:\/\/munisanjuansac.org\/msj\/inauguracion-de-proyecto-de-drenaje-y-planta-de-tratamiento-en-caserio-pachali\/#article\",\"isPartOf\":{\"@id\":\"https:\/\/munisanjuansac.org\/msj\/inauguracion-de-proyecto-de-drenaje-y-planta-de-tratamiento-en-caserio-pachali\/\"},\"author\":{\"name\":\"wpmunisanj\",\"@id\":\"https:\/\/munisanjuansac.org\/msj\/#\/schema\/person\/3dbd80d788cab1303a54b46e4399e241\"},\"headline\":\"Inauguraci\u00f3n de proyecto de drenaje y planta de tratamiento en caser\u00edo Pachal\u00ed\",\"datePublished\":\"2018-11-28T20:59:10+00:00\",\"dateModified\":\"2018-11-28T21:10:08+00:00\",\"mainEntityOfPage\":{\"@id\":\"https:\/\/munisanjuansac.org\/msj\/inauguracion-de-proyecto-de-drenaje-y-planta-de-tratamiento-en-caserio-pachali\/\"},\"wordCount\":185,\"publisher\":{\"@id\":\"https:\/\/munisanjuansac.org\/msj\/#organization\"},\"articleSection\":[\"CURSOS Y TALLERES\"],\"inLanguage\":\"es\"},{\"@type\":\"WebPage\",\"@id\":\"https:\/\/munisanjuansac.org\/msj\/inauguracion-de-proyecto-de-drenaje-y-planta-de-tratamiento-en-caserio-pachali\/\",\"url\":\"https:\/\/munisanjuansac.org\/msj\/inauguracion-de-proyecto-de-drenaje-y-planta-de-tratamiento-en-caserio-pachali\/\",\"name\":\"Inauguraci\u00f3n de proyecto de drenaje y planta de tratamiento en caser\u00edo Pachal\u00ed - Municipalidad de San Juan Sacatep\u00e9quez\",\"isPartOf\":{\"@id\":\"https:\/\/munisanjuansac.org\/msj\/#website\"},\"datePublished\":\"2018-11-28T20:59:10+00:00\",\"dateModified\":\"2018-11-28T21:10:08+00:00\",\"breadcrumb\":{\"@id\":\"https:\/\/munisanjuansac.org\/msj\/inauguracion-de-proyecto-de-drenaje-y-planta-de-tratamiento-en-caserio-pachali\/#breadcrumb\"},\"inLanguage\":\"es\",\"potentialAction\":[{\"@type\":\"ReadAction\",\"target\":[\"https:\/\/munisanjuansac.org\/msj\/inauguracion-de-proyecto-de-drenaje-y-planta-de-tratamiento-en-caserio-pachali\/\"]}]},{\"@type\":\"BreadcrumbList\",\"@id\":\"https:\/\/munisanjuansac.org\/msj\/inauguracion-de-proyecto-de-drenaje-y-planta-de-tratamiento-en-caserio-pachali\/#breadcrumb\",\"itemListElement\":[{\"@type\":\"ListItem\",\"position\":1,\"name\":\"Portada\",\"item\":\"https:\/\/munisanjuansac.org\/msj\/\"},{\"@type\":\"ListItem\",\"position\":2,\"name\":\"Inauguraci\u00f3n de proyecto de drenaje y planta de tratamiento en caser\u00edo Pachal\u00ed\"}]},{\"@type\":\"WebSite\",\"@id\":\"https:\/\/munisanjuansac.org\/msj\/#website\",\"url\":\"https:\/\/munisanjuansac.org\/msj\/\",\"name\":\"Municipalidad de San Juan Sacatep\u00e9quez\",\"description\":\"\",\"publisher\":{\"@id\":\"https:\/\/munisanjuansac.org\/msj\/#organization\"},\"potentialAction\":[{\"@type\":\"SearchAction\",\"target\":{\"@type\":\"EntryPoint\",\"urlTemplate\":\"https:\/\/munisanjuansac.org\/msj\/?s={search_term_string}\"},\"query-input\":\"required name=search_term_string\"}],\"inLanguage\":\"es\"},{\"@type\":\"Organization\",\"@id\":\"https:\/\/munisanjuansac.org\/msj\/#organization\",\"name\":\"Municipalidad de San Juan Sacatep\u00e9quez\",\"url\":\"https:\/\/munisanjuansac.org\/msj\/\",\"logo\":{\"@type\":\"ImageObject\",\"inLanguage\":\"es\",\"@id\":\"https:\/\/munisanjuansac.org\/msj\/#\/schema\/logo\/image\/\",\"url\":\"https:\/\/munisanjuansac.org\/msj\/wp-content\/uploads\/2023\/11\/LOGO-45-DE-ANCHO-POR-50-DE-ALTO-DERECHO-E-IZQUIERDO-921x1024.png\",\"contentUrl\":\"https:\/\/munisanjuansac.org\/msj\/wp-content\/uploads\/2023\/11\/LOGO-45-DE-ANCHO-POR-50-DE-ALTO-DERECHO-E-IZQUIERDO-921x1024.png\",\"width\":921,\"height\":1024,\"caption\":\"Municipalidad de San Juan Sacatep\u00e9quez\"},\"image\":{\"@id\":\"https:\/\/munisanjuansac.org\/msj\/#\/schema\/logo\/image\/\"},\"sameAs\":[\"https:\/\/www.facebook.com\/MunicipalidadSanJuanSacatepequez\",\"https:\/\/twitter.com\/SanJuanSacatep1\",\"https:\/\/www.youtube.com\/@municipalidadsanjuansacate2849\/videos\",\"https:\/\/www.tiktok.com\/@munisanjuansac?lang=es\",\"https:\/\/www.tiktok.com\/@jc_pellecer?lang=es\"]},{\"@type\":\"Person\",\"@id\":\"https:\/\/munisanjuansac.org\/msj\/#\/schema\/person\/3dbd80d788cab1303a54b46e4399e241\",\"name\":\"wpmunisanj\",\"image\":{\"@type\":\"ImageObject\",\"inLanguage\":\"es\",\"@id\":\"https:\/\/munisanjuansac.org\/msj\/#\/schema\/person\/image\/\",\"url\":\"https:\/\/secure.gravatar.com\/avatar\/88e003d6973f13207bb665a46805695a95cd03126642904f376105f4ae40c297?s=96&d=mm&r=g\",\"contentUrl\":\"https:\/\/secure.gravatar.com\/avatar\/88e003d6973f13207bb665a46805695a95cd03126642904f376105f4ae40c297?s=96&d=mm&r=g\",\"caption\":\"wpmunisanj\"},\"url\":\"https:\/\/munisanjuansac.org\/msj\/author\/wpmunisanj\/\"}]}<\/script>\n<!-- \/ Yoast SEO plugin. -->","yoast_head_json":{"title":"Inauguraci\u00f3n de proyecto de drenaje y planta de tratamiento en caser\u00edo Pachal\u00ed - Municipalidad de San Juan Sacatep\u00e9quez","robots":{"index":"index","follow":"follow","max-snippet":"max-snippet:-1","max-image-preview":"max-image-preview:large","max-video-preview":"max-video-preview:-1"},"canonical":"https:\/\/munisanjuansac.org\/msj\/inauguracion-de-proyecto-de-drenaje-y-planta-de-tratamiento-en-caserio-pachali\/","og_locale":"es_ES","og_type":"article","og_title":"Inauguraci\u00f3n de proyecto de drenaje y planta de tratamiento en caser\u00edo Pachal\u00ed - Municipalidad de San Juan Sacatep\u00e9quez","og_description":"Recientemente la Municipalidad de San Juan Sacatep\u00e9quez hizo entrega de un proyecto de drenaje y una planta de tratamiento a vecinos del callej\u00f3n \u00abLos Guamuch\u00bb, caser\u00edo Pachal\u00ed, aldea Sacsuy. La&hellip;","og_url":"https:\/\/munisanjuansac.org\/msj\/inauguracion-de-proyecto-de-drenaje-y-planta-de-tratamiento-en-caserio-pachali\/","og_site_name":"Municipalidad de San Juan Sacatep\u00e9quez","article_publisher":"https:\/\/www.facebook.com\/MunicipalidadSanJuanSacatepequez","article_published_time":"2018-11-28T20:59:10+00:00","article_modified_time":"2018-11-28T21:10:08+00:00","og_image":[{"width":4272,"height":2848,"url":"https:\/\/munisanjuansac.org\/msj\/wp-content\/uploads\/2018\/11\/Inauguracion-drenaje-y-planta-de-tratamiento-callej\u00f3n-Los-guamuch-Caser\u00edo-Pachali.jpg","type":"image\/jpeg"}],"author":"wpmunisanj","twitter_card":"summary_large_image","twitter_creator":"@SanJuanSacatep1","twitter_site":"@SanJuanSacatep1","twitter_misc":{"Escrito por":"wpmunisanj","Tiempo de lectura":"1 minuto"},"schema":{"@context":"https:\/\/schema.org","@graph":[{"@type":"Article","@id":"https:\/\/munisanjuansac.org\/msj\/inauguracion-de-proyecto-de-drenaje-y-planta-de-tratamiento-en-caserio-pachali\/#article","isPartOf":{"@id":"https:\/\/munisanjuansac.org\/msj\/inauguracion-de-proyecto-de-drenaje-y-planta-de-tratamiento-en-caserio-pachali\/"},"author":{"name":"wpmunisanj","@id":"https:\/\/munisanjuansac.org\/msj\/#\/schema\/person\/3dbd80d788cab1303a54b46e4399e241"},"headline":"Inauguraci\u00f3n de proyecto de drenaje y planta de tratamiento en caser\u00edo Pachal\u00ed","datePublished":"2018-11-28T20:59:10+00:00","dateModified":"2018-11-28T21:10:08+00:00","mainEntityOfPage":{"@id":"https:\/\/munisanjuansac.org\/msj\/inauguracion-de-proyecto-de-drenaje-y-planta-de-tratamiento-en-caserio-pachali\/"},"wordCount":185,"publisher":{"@id":"https:\/\/munisanjuansac.org\/msj\/#organization"},"articleSection":["CURSOS Y TALLERES"],"inLanguage":"es"},{"@type":"WebPage","@id":"https:\/\/munisanjuansac.org\/msj\/inauguracion-de-proyecto-de-drenaje-y-planta-de-tratamiento-en-caserio-pachali\/","url":"https:\/\/munisanjuansac.org\/msj\/inauguracion-de-proyecto-de-drenaje-y-planta-de-tratamiento-en-caserio-pachali\/","name":"Inauguraci\u00f3n de proyecto de drenaje y planta de tratamiento en caser\u00edo Pachal\u00ed - Municipalidad de San Juan Sacatep\u00e9quez","isPartOf":{"@id":"https:\/\/munisanjuansac.org\/msj\/#website"},"datePublished":"2018-11-28T20:59:10+00:00","dateModified":"2018-11-28T21:10:08+00:00","breadcrumb":{"@id":"https:\/\/munisanjuansac.org\/msj\/inauguracion-de-proyecto-de-drenaje-y-planta-de-tratamiento-en-caserio-pachali\/#breadcrumb"},"inLanguage":"es","potentialAction":[{"@type":"ReadAction","target":["https:\/\/munisanjuansac.org\/msj\/inauguracion-de-proyecto-de-drenaje-y-planta-de-tratamiento-en-caserio-pachali\/"]}]},{"@type":"BreadcrumbList","@id":"https:\/\/munisanjuansac.org\/msj\/inauguracion-de-proyecto-de-drenaje-y-planta-de-tratamiento-en-caserio-pachali\/#breadcrumb","itemListElement":[{"@type":"ListItem","position":1,"name":"Portada","item":"https:\/\/munisanjuansac.org\/msj\/"},{"@type":"ListItem","position":2,"name":"Inauguraci\u00f3n de proyecto de drenaje y planta de tratamiento en caser\u00edo Pachal\u00ed"}]},{"@type":"WebSite","@id":"https:\/\/munisanjuansac.org\/msj\/#website","url":"https:\/\/munisanjuansac.org\/msj\/","name":"Municipalidad de San Juan Sacatep\u00e9quez","description":"","publisher":{"@id":"https:\/\/munisanjuansac.org\/msj\/#organization"},"potentialAction":[{"@type":"SearchAction","target":{"@type":"EntryPoint","urlTemplate":"https:\/\/munisanjuansac.org\/msj\/?s={search_term_string}"},"query-input":"required name=search_term_string"}],"inLanguage":"es"},{"@type":"Organization","@id":"https:\/\/munisanjuansac.org\/msj\/#organization","name":"Municipalidad de San Juan Sacatep\u00e9quez","url":"https:\/\/munisanjuansac.org\/msj\/","logo":{"@type":"ImageObject","inLanguage":"es","@id":"https:\/\/munisanjuansac.org\/msj\/#\/schema\/logo\/image\/","url":"https:\/\/munisanjuansac.org\/msj\/wp-content\/uploads\/2023\/11\/LOGO-45-DE-ANCHO-POR-50-DE-ALTO-DERECHO-E-IZQUIERDO-921x1024.png","contentUrl":"https:\/\/munisanjuansac.org\/msj\/wp-content\/uploads\/2023\/11\/LOGO-45-DE-ANCHO-POR-50-DE-ALTO-DERECHO-E-IZQUIERDO-921x1024.png","width":921,"height":1024,"caption":"Municipalidad de San Juan Sacatep\u00e9quez"},"image":{"@id":"https:\/\/munisanjuansac.org\/msj\/#\/schema\/logo\/image\/"},"sameAs":["https:\/\/www.facebook.com\/MunicipalidadSanJuanSacatepequez","https:\/\/twitter.com\/SanJuanSacatep1","https:\/\/www.youtube.com\/@municipalidadsanjuansacate2849\/videos","https:\/\/www.tiktok.com\/@munisanjuansac?lang=es","https:\/\/www.tiktok.com\/@jc_pellecer?lang=es"]},{"@type":"Person","@id":"https:\/\/munisanjuansac.org\/msj\/#\/schema\/person\/3dbd80d788cab1303a54b46e4399e241","name":"wpmunisanj","image":{"@type":"ImageObject","inLanguage":"es","@id":"https:\/\/munisanjuansac.org\/msj\/#\/schema\/person\/image\/","url":"https:\/\/secure.gravatar.com\/avatar\/88e003d6973f13207bb665a46805695a95cd03126642904f376105f4ae40c297?s=96&d=mm&r=g","contentUrl":"https:\/\/secure.gravatar.com\/avatar\/88e003d6973f13207bb665a46805695a95cd03126642904f376105f4ae40c297?s=96&d=mm&r=g","caption":"wpmunisanj"},"url":"https:\/\/munisanjuansac.org\/msj\/author\/wpmunisanj\/"}]}},"_links":{"self":[{"href":"https:\/\/munisanjuansac.org\/msj\/wp-json\/wp\/v2\/posts\/1866","targetHints":{"allow":["GET"]}}],"collection":[{"href":"https:\/\/munisanjuansac.org\/msj\/wp-json\/wp\/v2\/posts"}],"about":[{"href":"https:\/\/munisanjuansac.org\/msj\/wp-json\/wp\/v2\/types\/post"}],"author":[{"embeddable":true,"href":"https:\/\/munisanjuansac.org\/msj\/wp-json\/wp\/v2\/users\/1"}],"replies":[{"embeddable":true,"href":"https:\/\/munisanjuansac.org\/msj\/wp-json\/wp\/v2\/comments?post=1866"}],"version-history":[{"count":8,"href":"https:\/\/munisanjuansac.org\/msj\/wp-json\/wp\/v2\/posts\/1866\/revisions"}],"predecessor-version":[{"id":1876,"href":"https:\/\/munisanjuansac.org\/msj\/wp-json\/wp\/v2\/posts\/1866\/revisions\/1876"}],"wp:featuredmedia":[{"embeddable":true,"href":"https:\/\/munisanjuansac.org\/msj\/wp-json\/wp\/v2\/media\/1868"}],"wp:attachment":[{"href":"https:\/\/munisanjuansac.org\/msj\/wp-json\/wp\/v2\/media?parent=1866"}],"wp:term":[{"taxonomy":"category","embeddable":true,"href":"https:\/\/munisanjuansac.org\/msj\/wp-json\/wp\/v2\/categories?post=1866"},{"taxonomy":"post_tag","embeddable":true,"href":"https:\/\/munisanjuansac.org\/msj\/wp-json\/wp\/v2\/tags?post=1866"}],"curies":[{"name":"wp","href":"https:\/\/api.w.org\/{rel}","templated":true}]}}