{"id":1658,"date":"2018-09-03T18:59:00","date_gmt":"2018-09-03T18:59:00","guid":{"rendered":"https:\/\/munisanjuansac.org\/msj\/?p=1658"},"modified":"2018-09-03T19:02:45","modified_gmt":"2018-09-03T19:02:45","slug":"inauguracion-de-muro-de-contencion-en-cementerio-de-aldea-montufar","status":"publish","type":"post","link":"https:\/\/munisanjuansac.org\/msj\/inauguracion-de-muro-de-contencion-en-cementerio-de-aldea-montufar\/","title":{"rendered":"Inauguraci\u00f3n de muro de contenci\u00f3n en cementerio de aldea Mont\u00fafar"},"content":{"rendered":"<p style=\"text-align: justify;\"><a href=\"https:\/\/munisanjuansac.org\/msj\/wp-content\/uploads\/2018\/09\/Inauguraci\u00f3n-de-muro-cementerio-aldea-montufar-San-Juan-SAc.jpg\"><img fetchpriority=\"high\" decoding=\"async\" class=\"aligncenter size-full wp-image-1655\" src=\"https:\/\/munisanjuansac.org\/msj\/wp-content\/uploads\/2018\/09\/Inauguraci\u00f3n-de-muro-cementerio-aldea-montufar-San-Juan-SAc.jpg\" alt=\"\" width=\"4896\" height=\"3672\" srcset=\"https:\/\/munisanjuansac.org\/msj\/wp-content\/uploads\/2018\/09\/Inauguraci\u00f3n-de-muro-cementerio-aldea-montufar-San-Juan-SAc.jpg 4896w, https:\/\/munisanjuansac.org\/msj\/wp-content\/uploads\/2018\/09\/Inauguraci\u00f3n-de-muro-cementerio-aldea-montufar-San-Juan-SAc-300x225.jpg 300w, https:\/\/munisanjuansac.org\/msj\/wp-content\/uploads\/2018\/09\/Inauguraci\u00f3n-de-muro-cementerio-aldea-montufar-San-Juan-SAc-768x576.jpg 768w, https:\/\/munisanjuansac.org\/msj\/wp-content\/uploads\/2018\/09\/Inauguraci\u00f3n-de-muro-cementerio-aldea-montufar-San-Juan-SAc-1024x768.jpg 1024w\" sizes=\"(max-width: 4896px) 100vw, 4896px\" \/><\/a><\/p>\n<p style=\"text-align: justify;\">Recientemente la Municipalidad de San Juan Sacatep\u00e9quez hizo entrega del proyecto de construcci\u00f3n de muro de contenci\u00f3n en el cementerio de la localidad a vecinos de la Aldea Mont\u00fafar.<\/p>\n<p style=\"text-align: justify;\">Debido a la ubicaci\u00f3n del camposanto, los vecinos deben trasladarse por medio de veh\u00edculos, pero desde hace varios a\u00f1os no se contaba con un lugar apropiado para parqueo, lo cual hizo que vecinos solicitaran a la comuna la construcci\u00f3n de un muro de contenci\u00f3n.<\/p>\n<figure id=\"attachment_1656\" aria-describedby=\"caption-attachment-1656\" style=\"width: 4896px\" class=\"wp-caption aligncenter\"><a href=\"https:\/\/munisanjuansac.org\/msj\/wp-content\/uploads\/2018\/09\/Inauguraci\u00f3n-de-muro-cementerio-aldea-montufar-San-Juan-Sacatepequez.jpg\"><img decoding=\"async\" class=\"wp-image-1656 size-full\" src=\"https:\/\/munisanjuansac.org\/msj\/wp-content\/uploads\/2018\/09\/Inauguraci\u00f3n-de-muro-cementerio-aldea-montufar-San-Juan-Sacatepequez.jpg\" alt=\"\" width=\"4896\" height=\"3672\" srcset=\"https:\/\/munisanjuansac.org\/msj\/wp-content\/uploads\/2018\/09\/Inauguraci\u00f3n-de-muro-cementerio-aldea-montufar-San-Juan-Sacatepequez.jpg 4896w, https:\/\/munisanjuansac.org\/msj\/wp-content\/uploads\/2018\/09\/Inauguraci\u00f3n-de-muro-cementerio-aldea-montufar-San-Juan-Sacatepequez-300x225.jpg 300w, https:\/\/munisanjuansac.org\/msj\/wp-content\/uploads\/2018\/09\/Inauguraci\u00f3n-de-muro-cementerio-aldea-montufar-San-Juan-Sacatepequez-768x576.jpg 768w, https:\/\/munisanjuansac.org\/msj\/wp-content\/uploads\/2018\/09\/Inauguraci\u00f3n-de-muro-cementerio-aldea-montufar-San-Juan-Sacatepequez-1024x768.jpg 1024w\" sizes=\"(max-width: 4896px) 100vw, 4896px\" \/><\/a><figcaption id=\"caption-attachment-1656\" class=\"wp-caption-text\">Un arco, indica la ubicaci\u00f3n del cementerio.<\/figcaption><\/figure>\n<p style=\"text-align: justify;\">El proyecto consta de 25 metros de largo por 5.5 metros de altura, el cual no solo beneficia a la Aldea Mont\u00fafar sino a las comunidades cercanas. Tambi\u00e9n se construy\u00f3 un arco en la entrada para que visitantes puedan identificar mas f\u00e1cil el ingreso al cementerio.<\/p>\n<p style=\"text-align: justify;\">\n<p style=\"text-align: justify;\">Para la ejecuci\u00f3n de esta obra,\u00a0 la Municipalidad apoyo con cemento, arena y piedr\u00edn, mientras la comunidad con la mano de obra, a trav\u00e9s de este proyecto es visible el compromiso de la actual Administraci\u00f3n Municipal en mejorar la calidad de vida de nuestros vecinos.<\/p>\n<figure id=\"attachment_1657\" aria-describedby=\"caption-attachment-1657\" style=\"width: 4896px\" class=\"wp-caption aligncenter\"><a href=\"https:\/\/munisanjuansac.org\/msj\/wp-content\/uploads\/2018\/09\/Inauguraci\u00f3n-de-muro-cementerio-aldea-montufar-San-Juan-Sac2.jpg\"><img decoding=\"async\" class=\"wp-image-1657 size-full\" src=\"https:\/\/munisanjuansac.org\/msj\/wp-content\/uploads\/2018\/09\/Inauguraci\u00f3n-de-muro-cementerio-aldea-montufar-San-Juan-Sac2.jpg\" alt=\"\" width=\"4896\" height=\"3672\" srcset=\"https:\/\/munisanjuansac.org\/msj\/wp-content\/uploads\/2018\/09\/Inauguraci\u00f3n-de-muro-cementerio-aldea-montufar-San-Juan-Sac2.jpg 4896w, https:\/\/munisanjuansac.org\/msj\/wp-content\/uploads\/2018\/09\/Inauguraci\u00f3n-de-muro-cementerio-aldea-montufar-San-Juan-Sac2-300x225.jpg 300w, https:\/\/munisanjuansac.org\/msj\/wp-content\/uploads\/2018\/09\/Inauguraci\u00f3n-de-muro-cementerio-aldea-montufar-San-Juan-Sac2-768x576.jpg 768w, https:\/\/munisanjuansac.org\/msj\/wp-content\/uploads\/2018\/09\/Inauguraci\u00f3n-de-muro-cementerio-aldea-montufar-San-Juan-Sac2-1024x768.jpg 1024w\" sizes=\"(max-width: 4896px) 100vw, 4896px\" \/><\/a><figcaption id=\"caption-attachment-1657\" class=\"wp-caption-text\">Vecinos presenciaron la entrega de la obra.<\/figcaption><\/figure>\n","protected":false},"excerpt":{"rendered":"<p>Recientemente la Municipalidad de San Juan Sacatep\u00e9quez hizo entrega del proyecto de construcci\u00f3n de muro de contenci\u00f3n en el cementerio de la localidad a vecinos de la Aldea Mont\u00fafar. Debido&hellip;<\/p>\n","protected":false},"author":1,"featured_media":1655,"comment_status":"closed","ping_status":"open","sticky":false,"template":"","format":"standard","meta":{"footnotes":""},"categories":[17],"tags":[],"class_list":["post-1658","post","type-post","status-publish","format-standard","has-post-thumbnail","hentry","category-noticias"],"yoast_head":"<!-- This site is optimized with the Yoast SEO plugin v22.0 - https:\/\/yoast.com\/wordpress\/plugins\/seo\/ -->\n<title>Inauguraci\u00f3n de muro de contenci\u00f3n en cementerio de aldea Mont\u00fafar - Municipalidad de San Juan Sacatep\u00e9quez<\/title>\n<meta name=\"robots\" content=\"index, follow, max-snippet:-1, max-image-preview:large, max-video-preview:-1\" \/>\n<link rel=\"canonical\" href=\"https:\/\/munisanjuansac.org\/msj\/inauguracion-de-muro-de-contencion-en-cementerio-de-aldea-montufar\/\" \/>\n<meta property=\"og:locale\" content=\"es_ES\" \/>\n<meta property=\"og:type\" content=\"article\" \/>\n<meta property=\"og:title\" content=\"Inauguraci\u00f3n de muro de contenci\u00f3n en cementerio de aldea Mont\u00fafar - Municipalidad de San Juan Sacatep\u00e9quez\" \/>\n<meta property=\"og:description\" content=\"Recientemente la Municipalidad de San Juan Sacatep\u00e9quez hizo entrega del proyecto de construcci\u00f3n de muro de contenci\u00f3n en el cementerio de la localidad a vecinos de la Aldea Mont\u00fafar. Debido&hellip;\" \/>\n<meta property=\"og:url\" content=\"https:\/\/munisanjuansac.org\/msj\/inauguracion-de-muro-de-contencion-en-cementerio-de-aldea-montufar\/\" \/>\n<meta property=\"og:site_name\" content=\"Municipalidad de San Juan Sacatep\u00e9quez\" \/>\n<meta property=\"article:publisher\" content=\"https:\/\/www.facebook.com\/MunicipalidadSanJuanSacatepequez\" \/>\n<meta property=\"article:published_time\" content=\"2018-09-03T18:59:00+00:00\" \/>\n<meta property=\"article:modified_time\" content=\"2018-09-03T19:02:45+00:00\" \/>\n<meta property=\"og:image\" content=\"https:\/\/munisanjuansac.org\/msj\/wp-content\/uploads\/2018\/09\/Inauguraci\u00f3n-de-muro-cementerio-aldea-montufar-San-Juan-SAc.jpg\" \/>\n\t<meta property=\"og:image:width\" content=\"4896\" \/>\n\t<meta property=\"og:image:height\" content=\"3672\" \/>\n\t<meta property=\"og:image:type\" content=\"image\/jpeg\" \/>\n<meta name=\"author\" content=\"wpmunisanj\" \/>\n<meta name=\"twitter:card\" content=\"summary_large_image\" \/>\n<meta name=\"twitter:creator\" content=\"@SanJuanSacatep1\" \/>\n<meta name=\"twitter:site\" content=\"@SanJuanSacatep1\" \/>\n<meta name=\"twitter:label1\" content=\"Escrito por\" \/>\n\t<meta name=\"twitter:data1\" content=\"wpmunisanj\" \/>\n\t<meta name=\"twitter:label2\" content=\"Tiempo de lectura\" \/>\n\t<meta name=\"twitter:data2\" content=\"1 minuto\" \/>\n<script type=\"application\/ld+json\" class=\"yoast-schema-graph\">{\"@context\":\"https:\/\/schema.org\",\"@graph\":[{\"@type\":\"Article\",\"@id\":\"https:\/\/munisanjuansac.org\/msj\/inauguracion-de-muro-de-contencion-en-cementerio-de-aldea-montufar\/#article\",\"isPartOf\":{\"@id\":\"https:\/\/munisanjuansac.org\/msj\/inauguracion-de-muro-de-contencion-en-cementerio-de-aldea-montufar\/\"},\"author\":{\"name\":\"wpmunisanj\",\"@id\":\"https:\/\/munisanjuansac.org\/msj\/#\/schema\/person\/3dbd80d788cab1303a54b46e4399e241\"},\"headline\":\"Inauguraci\u00f3n de muro de contenci\u00f3n en cementerio de aldea Mont\u00fafar\",\"datePublished\":\"2018-09-03T18:59:00+00:00\",\"dateModified\":\"2018-09-03T19:02:45+00:00\",\"mainEntityOfPage\":{\"@id\":\"https:\/\/munisanjuansac.org\/msj\/inauguracion-de-muro-de-contencion-en-cementerio-de-aldea-montufar\/\"},\"wordCount\":220,\"publisher\":{\"@id\":\"https:\/\/munisanjuansac.org\/msj\/#organization\"},\"articleSection\":[\"CURSOS Y TALLERES\"],\"inLanguage\":\"es\"},{\"@type\":\"WebPage\",\"@id\":\"https:\/\/munisanjuansac.org\/msj\/inauguracion-de-muro-de-contencion-en-cementerio-de-aldea-montufar\/\",\"url\":\"https:\/\/munisanjuansac.org\/msj\/inauguracion-de-muro-de-contencion-en-cementerio-de-aldea-montufar\/\",\"name\":\"Inauguraci\u00f3n de muro de contenci\u00f3n en cementerio de aldea Mont\u00fafar - Municipalidad de San Juan Sacatep\u00e9quez\",\"isPartOf\":{\"@id\":\"https:\/\/munisanjuansac.org\/msj\/#website\"},\"datePublished\":\"2018-09-03T18:59:00+00:00\",\"dateModified\":\"2018-09-03T19:02:45+00:00\",\"breadcrumb\":{\"@id\":\"https:\/\/munisanjuansac.org\/msj\/inauguracion-de-muro-de-contencion-en-cementerio-de-aldea-montufar\/#breadcrumb\"},\"inLanguage\":\"es\",\"potentialAction\":[{\"@type\":\"ReadAction\",\"target\":[\"https:\/\/munisanjuansac.org\/msj\/inauguracion-de-muro-de-contencion-en-cementerio-de-aldea-montufar\/\"]}]},{\"@type\":\"BreadcrumbList\",\"@id\":\"https:\/\/munisanjuansac.org\/msj\/inauguracion-de-muro-de-contencion-en-cementerio-de-aldea-montufar\/#breadcrumb\",\"itemListElement\":[{\"@type\":\"ListItem\",\"position\":1,\"name\":\"Portada\",\"item\":\"https:\/\/munisanjuansac.org\/msj\/\"},{\"@type\":\"ListItem\",\"position\":2,\"name\":\"Inauguraci\u00f3n de muro de contenci\u00f3n en cementerio de aldea Mont\u00fafar\"}]},{\"@type\":\"WebSite\",\"@id\":\"https:\/\/munisanjuansac.org\/msj\/#website\",\"url\":\"https:\/\/munisanjuansac.org\/msj\/\",\"name\":\"Municipalidad de San Juan Sacatep\u00e9quez\",\"description\":\"\",\"publisher\":{\"@id\":\"https:\/\/munisanjuansac.org\/msj\/#organization\"},\"potentialAction\":[{\"@type\":\"SearchAction\",\"target\":{\"@type\":\"EntryPoint\",\"urlTemplate\":\"https:\/\/munisanjuansac.org\/msj\/?s={search_term_string}\"},\"query-input\":\"required name=search_term_string\"}],\"inLanguage\":\"es\"},{\"@type\":\"Organization\",\"@id\":\"https:\/\/munisanjuansac.org\/msj\/#organization\",\"name\":\"Municipalidad de San Juan Sacatep\u00e9quez\",\"url\":\"https:\/\/munisanjuansac.org\/msj\/\",\"logo\":{\"@type\":\"ImageObject\",\"inLanguage\":\"es\",\"@id\":\"https:\/\/munisanjuansac.org\/msj\/#\/schema\/logo\/image\/\",\"url\":\"https:\/\/munisanjuansac.org\/msj\/wp-content\/uploads\/2023\/11\/LOGO-45-DE-ANCHO-POR-50-DE-ALTO-DERECHO-E-IZQUIERDO-921x1024.png\",\"contentUrl\":\"https:\/\/munisanjuansac.org\/msj\/wp-content\/uploads\/2023\/11\/LOGO-45-DE-ANCHO-POR-50-DE-ALTO-DERECHO-E-IZQUIERDO-921x1024.png\",\"width\":921,\"height\":1024,\"caption\":\"Municipalidad de San Juan Sacatep\u00e9quez\"},\"image\":{\"@id\":\"https:\/\/munisanjuansac.org\/msj\/#\/schema\/logo\/image\/\"},\"sameAs\":[\"https:\/\/www.facebook.com\/MunicipalidadSanJuanSacatepequez\",\"https:\/\/twitter.com\/SanJuanSacatep1\",\"https:\/\/www.youtube.com\/@municipalidadsanjuansacate2849\/videos\",\"https:\/\/www.tiktok.com\/@munisanjuansac?lang=es\",\"https:\/\/www.tiktok.com\/@jc_pellecer?lang=es\"]},{\"@type\":\"Person\",\"@id\":\"https:\/\/munisanjuansac.org\/msj\/#\/schema\/person\/3dbd80d788cab1303a54b46e4399e241\",\"name\":\"wpmunisanj\",\"image\":{\"@type\":\"ImageObject\",\"inLanguage\":\"es\",\"@id\":\"https:\/\/munisanjuansac.org\/msj\/#\/schema\/person\/image\/\",\"url\":\"https:\/\/secure.gravatar.com\/avatar\/88e003d6973f13207bb665a46805695a95cd03126642904f376105f4ae40c297?s=96&d=mm&r=g\",\"contentUrl\":\"https:\/\/secure.gravatar.com\/avatar\/88e003d6973f13207bb665a46805695a95cd03126642904f376105f4ae40c297?s=96&d=mm&r=g\",\"caption\":\"wpmunisanj\"},\"url\":\"https:\/\/munisanjuansac.org\/msj\/author\/wpmunisanj\/\"}]}<\/script>\n<!-- \/ Yoast SEO plugin. -->","yoast_head_json":{"title":"Inauguraci\u00f3n de muro de contenci\u00f3n en cementerio de aldea Mont\u00fafar - Municipalidad de San Juan Sacatep\u00e9quez","robots":{"index":"index","follow":"follow","max-snippet":"max-snippet:-1","max-image-preview":"max-image-preview:large","max-video-preview":"max-video-preview:-1"},"canonical":"https:\/\/munisanjuansac.org\/msj\/inauguracion-de-muro-de-contencion-en-cementerio-de-aldea-montufar\/","og_locale":"es_ES","og_type":"article","og_title":"Inauguraci\u00f3n de muro de contenci\u00f3n en cementerio de aldea Mont\u00fafar - Municipalidad de San Juan Sacatep\u00e9quez","og_description":"Recientemente la Municipalidad de San Juan Sacatep\u00e9quez hizo entrega del proyecto de construcci\u00f3n de muro de contenci\u00f3n en el cementerio de la localidad a vecinos de la Aldea Mont\u00fafar. Debido&hellip;","og_url":"https:\/\/munisanjuansac.org\/msj\/inauguracion-de-muro-de-contencion-en-cementerio-de-aldea-montufar\/","og_site_name":"Municipalidad de San Juan Sacatep\u00e9quez","article_publisher":"https:\/\/www.facebook.com\/MunicipalidadSanJuanSacatepequez","article_published_time":"2018-09-03T18:59:00+00:00","article_modified_time":"2018-09-03T19:02:45+00:00","og_image":[{"width":4896,"height":3672,"url":"https:\/\/munisanjuansac.org\/msj\/wp-content\/uploads\/2018\/09\/Inauguraci\u00f3n-de-muro-cementerio-aldea-montufar-San-Juan-SAc.jpg","type":"image\/jpeg"}],"author":"wpmunisanj","twitter_card":"summary_large_image","twitter_creator":"@SanJuanSacatep1","twitter_site":"@SanJuanSacatep1","twitter_misc":{"Escrito por":"wpmunisanj","Tiempo de lectura":"1 minuto"},"schema":{"@context":"https:\/\/schema.org","@graph":[{"@type":"Article","@id":"https:\/\/munisanjuansac.org\/msj\/inauguracion-de-muro-de-contencion-en-cementerio-de-aldea-montufar\/#article","isPartOf":{"@id":"https:\/\/munisanjuansac.org\/msj\/inauguracion-de-muro-de-contencion-en-cementerio-de-aldea-montufar\/"},"author":{"name":"wpmunisanj","@id":"https:\/\/munisanjuansac.org\/msj\/#\/schema\/person\/3dbd80d788cab1303a54b46e4399e241"},"headline":"Inauguraci\u00f3n de muro de contenci\u00f3n en cementerio de aldea Mont\u00fafar","datePublished":"2018-09-03T18:59:00+00:00","dateModified":"2018-09-03T19:02:45+00:00","mainEntityOfPage":{"@id":"https:\/\/munisanjuansac.org\/msj\/inauguracion-de-muro-de-contencion-en-cementerio-de-aldea-montufar\/"},"wordCount":220,"publisher":{"@id":"https:\/\/munisanjuansac.org\/msj\/#organization"},"articleSection":["CURSOS Y TALLERES"],"inLanguage":"es"},{"@type":"WebPage","@id":"https:\/\/munisanjuansac.org\/msj\/inauguracion-de-muro-de-contencion-en-cementerio-de-aldea-montufar\/","url":"https:\/\/munisanjuansac.org\/msj\/inauguracion-de-muro-de-contencion-en-cementerio-de-aldea-montufar\/","name":"Inauguraci\u00f3n de muro de contenci\u00f3n en cementerio de aldea Mont\u00fafar - Municipalidad de San Juan Sacatep\u00e9quez","isPartOf":{"@id":"https:\/\/munisanjuansac.org\/msj\/#website"},"datePublished":"2018-09-03T18:59:00+00:00","dateModified":"2018-09-03T19:02:45+00:00","breadcrumb":{"@id":"https:\/\/munisanjuansac.org\/msj\/inauguracion-de-muro-de-contencion-en-cementerio-de-aldea-montufar\/#breadcrumb"},"inLanguage":"es","potentialAction":[{"@type":"ReadAction","target":["https:\/\/munisanjuansac.org\/msj\/inauguracion-de-muro-de-contencion-en-cementerio-de-aldea-montufar\/"]}]},{"@type":"BreadcrumbList","@id":"https:\/\/munisanjuansac.org\/msj\/inauguracion-de-muro-de-contencion-en-cementerio-de-aldea-montufar\/#breadcrumb","itemListElement":[{"@type":"ListItem","position":1,"name":"Portada","item":"https:\/\/munisanjuansac.org\/msj\/"},{"@type":"ListItem","position":2,"name":"Inauguraci\u00f3n de muro de contenci\u00f3n en cementerio de aldea Mont\u00fafar"}]},{"@type":"WebSite","@id":"https:\/\/munisanjuansac.org\/msj\/#website","url":"https:\/\/munisanjuansac.org\/msj\/","name":"Municipalidad de San Juan Sacatep\u00e9quez","description":"","publisher":{"@id":"https:\/\/munisanjuansac.org\/msj\/#organization"},"potentialAction":[{"@type":"SearchAction","target":{"@type":"EntryPoint","urlTemplate":"https:\/\/munisanjuansac.org\/msj\/?s={search_term_string}"},"query-input":"required name=search_term_string"}],"inLanguage":"es"},{"@type":"Organization","@id":"https:\/\/munisanjuansac.org\/msj\/#organization","name":"Municipalidad de San Juan Sacatep\u00e9quez","url":"https:\/\/munisanjuansac.org\/msj\/","logo":{"@type":"ImageObject","inLanguage":"es","@id":"https:\/\/munisanjuansac.org\/msj\/#\/schema\/logo\/image\/","url":"https:\/\/munisanjuansac.org\/msj\/wp-content\/uploads\/2023\/11\/LOGO-45-DE-ANCHO-POR-50-DE-ALTO-DERECHO-E-IZQUIERDO-921x1024.png","contentUrl":"https:\/\/munisanjuansac.org\/msj\/wp-content\/uploads\/2023\/11\/LOGO-45-DE-ANCHO-POR-50-DE-ALTO-DERECHO-E-IZQUIERDO-921x1024.png","width":921,"height":1024,"caption":"Municipalidad de San Juan Sacatep\u00e9quez"},"image":{"@id":"https:\/\/munisanjuansac.org\/msj\/#\/schema\/logo\/image\/"},"sameAs":["https:\/\/www.facebook.com\/MunicipalidadSanJuanSacatepequez","https:\/\/twitter.com\/SanJuanSacatep1","https:\/\/www.youtube.com\/@municipalidadsanjuansacate2849\/videos","https:\/\/www.tiktok.com\/@munisanjuansac?lang=es","https:\/\/www.tiktok.com\/@jc_pellecer?lang=es"]},{"@type":"Person","@id":"https:\/\/munisanjuansac.org\/msj\/#\/schema\/person\/3dbd80d788cab1303a54b46e4399e241","name":"wpmunisanj","image":{"@type":"ImageObject","inLanguage":"es","@id":"https:\/\/munisanjuansac.org\/msj\/#\/schema\/person\/image\/","url":"https:\/\/secure.gravatar.com\/avatar\/88e003d6973f13207bb665a46805695a95cd03126642904f376105f4ae40c297?s=96&d=mm&r=g","contentUrl":"https:\/\/secure.gravatar.com\/avatar\/88e003d6973f13207bb665a46805695a95cd03126642904f376105f4ae40c297?s=96&d=mm&r=g","caption":"wpmunisanj"},"url":"https:\/\/munisanjuansac.org\/msj\/author\/wpmunisanj\/"}]}},"_links":{"self":[{"href":"https:\/\/munisanjuansac.org\/msj\/wp-json\/wp\/v2\/posts\/1658","targetHints":{"allow":["GET"]}}],"collection":[{"href":"https:\/\/munisanjuansac.org\/msj\/wp-json\/wp\/v2\/posts"}],"about":[{"href":"https:\/\/munisanjuansac.org\/msj\/wp-json\/wp\/v2\/types\/post"}],"author":[{"embeddable":true,"href":"https:\/\/munisanjuansac.org\/msj\/wp-json\/wp\/v2\/users\/1"}],"replies":[{"embeddable":true,"href":"https:\/\/munisanjuansac.org\/msj\/wp-json\/wp\/v2\/comments?post=1658"}],"version-history":[{"count":2,"href":"https:\/\/munisanjuansac.org\/msj\/wp-json\/wp\/v2\/posts\/1658\/revisions"}],"predecessor-version":[{"id":1660,"href":"https:\/\/munisanjuansac.org\/msj\/wp-json\/wp\/v2\/posts\/1658\/revisions\/1660"}],"wp:featuredmedia":[{"embeddable":true,"href":"https:\/\/munisanjuansac.org\/msj\/wp-json\/wp\/v2\/media\/1655"}],"wp:attachment":[{"href":"https:\/\/munisanjuansac.org\/msj\/wp-json\/wp\/v2\/media?parent=1658"}],"wp:term":[{"taxonomy":"category","embeddable":true,"href":"https:\/\/munisanjuansac.org\/msj\/wp-json\/wp\/v2\/categories?post=1658"},{"taxonomy":"post_tag","embeddable":true,"href":"https:\/\/munisanjuansac.org\/msj\/wp-json\/wp\/v2\/tags?post=1658"}],"curies":[{"name":"wp","href":"https:\/\/api.w.org\/{rel}","templated":true}]}}