{"id":1630,"date":"2018-08-27T23:25:12","date_gmt":"2018-08-27T23:25:12","guid":{"rendered":"https:\/\/munisanjuansac.org\/msj\/?p=1630"},"modified":"2018-08-27T23:26:31","modified_gmt":"2018-08-27T23:26:31","slug":"vecinos-del-sector-1-del-caserio-los-ajvix-cuentan-con-una-calle-pavimentada","status":"publish","type":"post","link":"https:\/\/munisanjuansac.org\/msj\/vecinos-del-sector-1-del-caserio-los-ajvix-cuentan-con-una-calle-pavimentada\/","title":{"rendered":"Vecinos del sector 1 del caser\u00edo Los Ajvix, cuentan con una calle pavimentada"},"content":{"rendered":"<p style=\"text-align: justify;\"><a href=\"https:\/\/munisanjuansac.org\/msj\/wp-content\/uploads\/2018\/08\/Proyecto-de-pavimento-sector-1-Los-Ajvix-Cerro-Alto.jpg\"><img fetchpriority=\"high\" decoding=\"async\" class=\"aligncenter wp-image-1631 size-full\" src=\"https:\/\/munisanjuansac.org\/msj\/wp-content\/uploads\/2018\/08\/Proyecto-de-pavimento-sector-1-Los-Ajvix-Cerro-Alto.jpg\" alt=\"\" width=\"929\" height=\"690\" srcset=\"https:\/\/munisanjuansac.org\/msj\/wp-content\/uploads\/2018\/08\/Proyecto-de-pavimento-sector-1-Los-Ajvix-Cerro-Alto.jpg 929w, https:\/\/munisanjuansac.org\/msj\/wp-content\/uploads\/2018\/08\/Proyecto-de-pavimento-sector-1-Los-Ajvix-Cerro-Alto-300x223.jpg 300w, https:\/\/munisanjuansac.org\/msj\/wp-content\/uploads\/2018\/08\/Proyecto-de-pavimento-sector-1-Los-Ajvix-Cerro-Alto-768x570.jpg 768w\" sizes=\"(max-width: 929px) 100vw, 929px\" \/><\/a><\/p>\n<p style=\"text-align: justify;\">Con mucha satisfacci\u00f3n, vecinos del sector 1 del caser\u00edo Los Ajvix, Aldea Cerro Alto, dieron por concluido un proyecto de 300 metros de pavimento, el cual mejorar\u00e1 las condiciones de acceso a la comunidad a 300 familias.<\/p>\n<p style=\"text-align: justify;\">Para ingresar a este sector era muy complicado debido al mal estado que se encontraba la calle, lo cual dificultaba a los vecinos el desarrollo de sus actividades diarias, entre ellas el traslado de sus productos, porque en esta comunidad se dedican a la fabricaci\u00f3n de cohetes.<\/p>\n<p style=\"text-align: justify;\">\u00abEntre todos los vecinos est\u00e1bamos de acuerdo que la \u00fanica soluci\u00f3n para el mal estado del camino era el pavimento, porque existe una cuesta que costaba pasar en veh\u00edculo porque se formaba unas zanjas en \u00e9poca de invierno\u00bb, coment\u00f3 Bernardo Coc miembro del Consejo Comunitario de Desarrollo Urbano y Rural \u00a0COCODE.<\/p>\n<p style=\"text-align: justify;\">Para la ejecuci\u00f3n de esta obra,\u00a0 la Municipalidad apoyo con cemento, arena y piedr\u00edn, mientras la comunidad con la mano de obra, a trav\u00e9s de este proyecto es visible el compromiso de la actual Administraci\u00f3n Municipal en mejorar la calidad de vida de nuestros vecinos a trav\u00e9s de la gesti\u00f3n de proyectos en diferentes comunidades de San Juan Sacatep\u00e9quez.<\/p>\n<p style=\"text-align: justify;\"><a href=\"https:\/\/munisanjuansac.org\/msj\/wp-content\/uploads\/2018\/08\/Proyecto-de-pavimento-sector-1-Los-Ajvix-Cerro-Alto2.jpg\"><img decoding=\"async\" class=\"aligncenter size-full wp-image-1632\" src=\"https:\/\/munisanjuansac.org\/msj\/wp-content\/uploads\/2018\/08\/Proyecto-de-pavimento-sector-1-Los-Ajvix-Cerro-Alto2.jpg\" alt=\"\" width=\"961\" height=\"715\" srcset=\"https:\/\/munisanjuansac.org\/msj\/wp-content\/uploads\/2018\/08\/Proyecto-de-pavimento-sector-1-Los-Ajvix-Cerro-Alto2.jpg 961w, https:\/\/munisanjuansac.org\/msj\/wp-content\/uploads\/2018\/08\/Proyecto-de-pavimento-sector-1-Los-Ajvix-Cerro-Alto2-300x223.jpg 300w, https:\/\/munisanjuansac.org\/msj\/wp-content\/uploads\/2018\/08\/Proyecto-de-pavimento-sector-1-Los-Ajvix-Cerro-Alto2-768x571.jpg 768w\" sizes=\"(max-width: 961px) 100vw, 961px\" \/><\/a><\/p>\n","protected":false},"excerpt":{"rendered":"<p>Con mucha satisfacci\u00f3n, vecinos del sector 1 del caser\u00edo Los Ajvix, Aldea Cerro Alto, dieron por concluido un proyecto de 300 metros de pavimento, el cual mejorar\u00e1 las condiciones de&hellip;<\/p>\n","protected":false},"author":1,"featured_media":1631,"comment_status":"closed","ping_status":"open","sticky":false,"template":"","format":"standard","meta":{"footnotes":""},"categories":[17],"tags":[],"class_list":["post-1630","post","type-post","status-publish","format-standard","has-post-thumbnail","hentry","category-noticias"],"yoast_head":"<!-- This site is optimized with the Yoast SEO plugin v22.0 - https:\/\/yoast.com\/wordpress\/plugins\/seo\/ -->\n<title>Vecinos del sector 1 del caser\u00edo Los Ajvix, cuentan con una calle pavimentada - Municipalidad de San Juan Sacatep\u00e9quez<\/title>\n<meta name=\"robots\" content=\"index, follow, max-snippet:-1, max-image-preview:large, max-video-preview:-1\" \/>\n<link rel=\"canonical\" href=\"https:\/\/munisanjuansac.org\/msj\/vecinos-del-sector-1-del-caserio-los-ajvix-cuentan-con-una-calle-pavimentada\/\" \/>\n<meta property=\"og:locale\" content=\"es_ES\" \/>\n<meta property=\"og:type\" content=\"article\" \/>\n<meta property=\"og:title\" content=\"Vecinos del sector 1 del caser\u00edo Los Ajvix, cuentan con una calle pavimentada - Municipalidad de San Juan Sacatep\u00e9quez\" \/>\n<meta property=\"og:description\" content=\"Con mucha satisfacci\u00f3n, vecinos del sector 1 del caser\u00edo Los Ajvix, Aldea Cerro Alto, dieron por concluido un proyecto de 300 metros de pavimento, el cual mejorar\u00e1 las condiciones de&hellip;\" \/>\n<meta property=\"og:url\" content=\"https:\/\/munisanjuansac.org\/msj\/vecinos-del-sector-1-del-caserio-los-ajvix-cuentan-con-una-calle-pavimentada\/\" \/>\n<meta property=\"og:site_name\" content=\"Municipalidad de San Juan Sacatep\u00e9quez\" \/>\n<meta property=\"article:publisher\" content=\"https:\/\/www.facebook.com\/MunicipalidadSanJuanSacatepequez\" \/>\n<meta property=\"article:published_time\" content=\"2018-08-27T23:25:12+00:00\" \/>\n<meta property=\"article:modified_time\" content=\"2018-08-27T23:26:31+00:00\" \/>\n<meta property=\"og:image\" content=\"https:\/\/munisanjuansac.org\/msj\/wp-content\/uploads\/2018\/08\/Proyecto-de-pavimento-sector-1-Los-Ajvix-Cerro-Alto.jpg\" \/>\n\t<meta property=\"og:image:width\" content=\"929\" \/>\n\t<meta property=\"og:image:height\" content=\"690\" \/>\n\t<meta property=\"og:image:type\" content=\"image\/jpeg\" \/>\n<meta name=\"author\" content=\"wpmunisanj\" \/>\n<meta name=\"twitter:card\" content=\"summary_large_image\" \/>\n<meta name=\"twitter:creator\" content=\"@SanJuanSacatep1\" \/>\n<meta name=\"twitter:site\" content=\"@SanJuanSacatep1\" \/>\n<meta name=\"twitter:label1\" content=\"Escrito por\" \/>\n\t<meta name=\"twitter:data1\" content=\"wpmunisanj\" \/>\n\t<meta name=\"twitter:label2\" content=\"Tiempo de lectura\" \/>\n\t<meta name=\"twitter:data2\" content=\"1 minuto\" \/>\n<script type=\"application\/ld+json\" class=\"yoast-schema-graph\">{\"@context\":\"https:\/\/schema.org\",\"@graph\":[{\"@type\":\"Article\",\"@id\":\"https:\/\/munisanjuansac.org\/msj\/vecinos-del-sector-1-del-caserio-los-ajvix-cuentan-con-una-calle-pavimentada\/#article\",\"isPartOf\":{\"@id\":\"https:\/\/munisanjuansac.org\/msj\/vecinos-del-sector-1-del-caserio-los-ajvix-cuentan-con-una-calle-pavimentada\/\"},\"author\":{\"name\":\"wpmunisanj\",\"@id\":\"https:\/\/munisanjuansac.org\/msj\/#\/schema\/person\/3dbd80d788cab1303a54b46e4399e241\"},\"headline\":\"Vecinos del sector 1 del caser\u00edo Los Ajvix, cuentan con una calle pavimentada\",\"datePublished\":\"2018-08-27T23:25:12+00:00\",\"dateModified\":\"2018-08-27T23:26:31+00:00\",\"mainEntityOfPage\":{\"@id\":\"https:\/\/munisanjuansac.org\/msj\/vecinos-del-sector-1-del-caserio-los-ajvix-cuentan-con-una-calle-pavimentada\/\"},\"wordCount\":217,\"publisher\":{\"@id\":\"https:\/\/munisanjuansac.org\/msj\/#organization\"},\"articleSection\":[\"CURSOS Y TALLERES\"],\"inLanguage\":\"es\"},{\"@type\":\"WebPage\",\"@id\":\"https:\/\/munisanjuansac.org\/msj\/vecinos-del-sector-1-del-caserio-los-ajvix-cuentan-con-una-calle-pavimentada\/\",\"url\":\"https:\/\/munisanjuansac.org\/msj\/vecinos-del-sector-1-del-caserio-los-ajvix-cuentan-con-una-calle-pavimentada\/\",\"name\":\"Vecinos del sector 1 del caser\u00edo Los Ajvix, cuentan con una calle pavimentada - Municipalidad de San Juan Sacatep\u00e9quez\",\"isPartOf\":{\"@id\":\"https:\/\/munisanjuansac.org\/msj\/#website\"},\"datePublished\":\"2018-08-27T23:25:12+00:00\",\"dateModified\":\"2018-08-27T23:26:31+00:00\",\"breadcrumb\":{\"@id\":\"https:\/\/munisanjuansac.org\/msj\/vecinos-del-sector-1-del-caserio-los-ajvix-cuentan-con-una-calle-pavimentada\/#breadcrumb\"},\"inLanguage\":\"es\",\"potentialAction\":[{\"@type\":\"ReadAction\",\"target\":[\"https:\/\/munisanjuansac.org\/msj\/vecinos-del-sector-1-del-caserio-los-ajvix-cuentan-con-una-calle-pavimentada\/\"]}]},{\"@type\":\"BreadcrumbList\",\"@id\":\"https:\/\/munisanjuansac.org\/msj\/vecinos-del-sector-1-del-caserio-los-ajvix-cuentan-con-una-calle-pavimentada\/#breadcrumb\",\"itemListElement\":[{\"@type\":\"ListItem\",\"position\":1,\"name\":\"Portada\",\"item\":\"https:\/\/munisanjuansac.org\/msj\/\"},{\"@type\":\"ListItem\",\"position\":2,\"name\":\"Vecinos del sector 1 del caser\u00edo Los Ajvix, cuentan con una calle pavimentada\"}]},{\"@type\":\"WebSite\",\"@id\":\"https:\/\/munisanjuansac.org\/msj\/#website\",\"url\":\"https:\/\/munisanjuansac.org\/msj\/\",\"name\":\"Municipalidad de San Juan Sacatep\u00e9quez\",\"description\":\"\",\"publisher\":{\"@id\":\"https:\/\/munisanjuansac.org\/msj\/#organization\"},\"potentialAction\":[{\"@type\":\"SearchAction\",\"target\":{\"@type\":\"EntryPoint\",\"urlTemplate\":\"https:\/\/munisanjuansac.org\/msj\/?s={search_term_string}\"},\"query-input\":\"required name=search_term_string\"}],\"inLanguage\":\"es\"},{\"@type\":\"Organization\",\"@id\":\"https:\/\/munisanjuansac.org\/msj\/#organization\",\"name\":\"Municipalidad de San Juan Sacatep\u00e9quez\",\"url\":\"https:\/\/munisanjuansac.org\/msj\/\",\"logo\":{\"@type\":\"ImageObject\",\"inLanguage\":\"es\",\"@id\":\"https:\/\/munisanjuansac.org\/msj\/#\/schema\/logo\/image\/\",\"url\":\"https:\/\/munisanjuansac.org\/msj\/wp-content\/uploads\/2023\/11\/LOGO-45-DE-ANCHO-POR-50-DE-ALTO-DERECHO-E-IZQUIERDO-921x1024.png\",\"contentUrl\":\"https:\/\/munisanjuansac.org\/msj\/wp-content\/uploads\/2023\/11\/LOGO-45-DE-ANCHO-POR-50-DE-ALTO-DERECHO-E-IZQUIERDO-921x1024.png\",\"width\":921,\"height\":1024,\"caption\":\"Municipalidad de San Juan Sacatep\u00e9quez\"},\"image\":{\"@id\":\"https:\/\/munisanjuansac.org\/msj\/#\/schema\/logo\/image\/\"},\"sameAs\":[\"https:\/\/www.facebook.com\/MunicipalidadSanJuanSacatepequez\",\"https:\/\/twitter.com\/SanJuanSacatep1\",\"https:\/\/www.youtube.com\/@municipalidadsanjuansacate2849\/videos\",\"https:\/\/www.tiktok.com\/@munisanjuansac?lang=es\",\"https:\/\/www.tiktok.com\/@jc_pellecer?lang=es\"]},{\"@type\":\"Person\",\"@id\":\"https:\/\/munisanjuansac.org\/msj\/#\/schema\/person\/3dbd80d788cab1303a54b46e4399e241\",\"name\":\"wpmunisanj\",\"image\":{\"@type\":\"ImageObject\",\"inLanguage\":\"es\",\"@id\":\"https:\/\/munisanjuansac.org\/msj\/#\/schema\/person\/image\/\",\"url\":\"https:\/\/secure.gravatar.com\/avatar\/88e003d6973f13207bb665a46805695a95cd03126642904f376105f4ae40c297?s=96&d=mm&r=g\",\"contentUrl\":\"https:\/\/secure.gravatar.com\/avatar\/88e003d6973f13207bb665a46805695a95cd03126642904f376105f4ae40c297?s=96&d=mm&r=g\",\"caption\":\"wpmunisanj\"},\"url\":\"https:\/\/munisanjuansac.org\/msj\/author\/wpmunisanj\/\"}]}<\/script>\n<!-- \/ Yoast SEO plugin. -->","yoast_head_json":{"title":"Vecinos del sector 1 del caser\u00edo Los Ajvix, cuentan con una calle pavimentada - Municipalidad de San Juan Sacatep\u00e9quez","robots":{"index":"index","follow":"follow","max-snippet":"max-snippet:-1","max-image-preview":"max-image-preview:large","max-video-preview":"max-video-preview:-1"},"canonical":"https:\/\/munisanjuansac.org\/msj\/vecinos-del-sector-1-del-caserio-los-ajvix-cuentan-con-una-calle-pavimentada\/","og_locale":"es_ES","og_type":"article","og_title":"Vecinos del sector 1 del caser\u00edo Los Ajvix, cuentan con una calle pavimentada - Municipalidad de San Juan Sacatep\u00e9quez","og_description":"Con mucha satisfacci\u00f3n, vecinos del sector 1 del caser\u00edo Los Ajvix, Aldea Cerro Alto, dieron por concluido un proyecto de 300 metros de pavimento, el cual mejorar\u00e1 las condiciones de&hellip;","og_url":"https:\/\/munisanjuansac.org\/msj\/vecinos-del-sector-1-del-caserio-los-ajvix-cuentan-con-una-calle-pavimentada\/","og_site_name":"Municipalidad de San Juan Sacatep\u00e9quez","article_publisher":"https:\/\/www.facebook.com\/MunicipalidadSanJuanSacatepequez","article_published_time":"2018-08-27T23:25:12+00:00","article_modified_time":"2018-08-27T23:26:31+00:00","og_image":[{"width":929,"height":690,"url":"https:\/\/munisanjuansac.org\/msj\/wp-content\/uploads\/2018\/08\/Proyecto-de-pavimento-sector-1-Los-Ajvix-Cerro-Alto.jpg","type":"image\/jpeg"}],"author":"wpmunisanj","twitter_card":"summary_large_image","twitter_creator":"@SanJuanSacatep1","twitter_site":"@SanJuanSacatep1","twitter_misc":{"Escrito por":"wpmunisanj","Tiempo de lectura":"1 minuto"},"schema":{"@context":"https:\/\/schema.org","@graph":[{"@type":"Article","@id":"https:\/\/munisanjuansac.org\/msj\/vecinos-del-sector-1-del-caserio-los-ajvix-cuentan-con-una-calle-pavimentada\/#article","isPartOf":{"@id":"https:\/\/munisanjuansac.org\/msj\/vecinos-del-sector-1-del-caserio-los-ajvix-cuentan-con-una-calle-pavimentada\/"},"author":{"name":"wpmunisanj","@id":"https:\/\/munisanjuansac.org\/msj\/#\/schema\/person\/3dbd80d788cab1303a54b46e4399e241"},"headline":"Vecinos del sector 1 del caser\u00edo Los Ajvix, cuentan con una calle pavimentada","datePublished":"2018-08-27T23:25:12+00:00","dateModified":"2018-08-27T23:26:31+00:00","mainEntityOfPage":{"@id":"https:\/\/munisanjuansac.org\/msj\/vecinos-del-sector-1-del-caserio-los-ajvix-cuentan-con-una-calle-pavimentada\/"},"wordCount":217,"publisher":{"@id":"https:\/\/munisanjuansac.org\/msj\/#organization"},"articleSection":["CURSOS Y TALLERES"],"inLanguage":"es"},{"@type":"WebPage","@id":"https:\/\/munisanjuansac.org\/msj\/vecinos-del-sector-1-del-caserio-los-ajvix-cuentan-con-una-calle-pavimentada\/","url":"https:\/\/munisanjuansac.org\/msj\/vecinos-del-sector-1-del-caserio-los-ajvix-cuentan-con-una-calle-pavimentada\/","name":"Vecinos del sector 1 del caser\u00edo Los Ajvix, cuentan con una calle pavimentada - Municipalidad de San Juan Sacatep\u00e9quez","isPartOf":{"@id":"https:\/\/munisanjuansac.org\/msj\/#website"},"datePublished":"2018-08-27T23:25:12+00:00","dateModified":"2018-08-27T23:26:31+00:00","breadcrumb":{"@id":"https:\/\/munisanjuansac.org\/msj\/vecinos-del-sector-1-del-caserio-los-ajvix-cuentan-con-una-calle-pavimentada\/#breadcrumb"},"inLanguage":"es","potentialAction":[{"@type":"ReadAction","target":["https:\/\/munisanjuansac.org\/msj\/vecinos-del-sector-1-del-caserio-los-ajvix-cuentan-con-una-calle-pavimentada\/"]}]},{"@type":"BreadcrumbList","@id":"https:\/\/munisanjuansac.org\/msj\/vecinos-del-sector-1-del-caserio-los-ajvix-cuentan-con-una-calle-pavimentada\/#breadcrumb","itemListElement":[{"@type":"ListItem","position":1,"name":"Portada","item":"https:\/\/munisanjuansac.org\/msj\/"},{"@type":"ListItem","position":2,"name":"Vecinos del sector 1 del caser\u00edo Los Ajvix, cuentan con una calle pavimentada"}]},{"@type":"WebSite","@id":"https:\/\/munisanjuansac.org\/msj\/#website","url":"https:\/\/munisanjuansac.org\/msj\/","name":"Municipalidad de San Juan Sacatep\u00e9quez","description":"","publisher":{"@id":"https:\/\/munisanjuansac.org\/msj\/#organization"},"potentialAction":[{"@type":"SearchAction","target":{"@type":"EntryPoint","urlTemplate":"https:\/\/munisanjuansac.org\/msj\/?s={search_term_string}"},"query-input":"required name=search_term_string"}],"inLanguage":"es"},{"@type":"Organization","@id":"https:\/\/munisanjuansac.org\/msj\/#organization","name":"Municipalidad de San Juan Sacatep\u00e9quez","url":"https:\/\/munisanjuansac.org\/msj\/","logo":{"@type":"ImageObject","inLanguage":"es","@id":"https:\/\/munisanjuansac.org\/msj\/#\/schema\/logo\/image\/","url":"https:\/\/munisanjuansac.org\/msj\/wp-content\/uploads\/2023\/11\/LOGO-45-DE-ANCHO-POR-50-DE-ALTO-DERECHO-E-IZQUIERDO-921x1024.png","contentUrl":"https:\/\/munisanjuansac.org\/msj\/wp-content\/uploads\/2023\/11\/LOGO-45-DE-ANCHO-POR-50-DE-ALTO-DERECHO-E-IZQUIERDO-921x1024.png","width":921,"height":1024,"caption":"Municipalidad de San Juan Sacatep\u00e9quez"},"image":{"@id":"https:\/\/munisanjuansac.org\/msj\/#\/schema\/logo\/image\/"},"sameAs":["https:\/\/www.facebook.com\/MunicipalidadSanJuanSacatepequez","https:\/\/twitter.com\/SanJuanSacatep1","https:\/\/www.youtube.com\/@municipalidadsanjuansacate2849\/videos","https:\/\/www.tiktok.com\/@munisanjuansac?lang=es","https:\/\/www.tiktok.com\/@jc_pellecer?lang=es"]},{"@type":"Person","@id":"https:\/\/munisanjuansac.org\/msj\/#\/schema\/person\/3dbd80d788cab1303a54b46e4399e241","name":"wpmunisanj","image":{"@type":"ImageObject","inLanguage":"es","@id":"https:\/\/munisanjuansac.org\/msj\/#\/schema\/person\/image\/","url":"https:\/\/secure.gravatar.com\/avatar\/88e003d6973f13207bb665a46805695a95cd03126642904f376105f4ae40c297?s=96&d=mm&r=g","contentUrl":"https:\/\/secure.gravatar.com\/avatar\/88e003d6973f13207bb665a46805695a95cd03126642904f376105f4ae40c297?s=96&d=mm&r=g","caption":"wpmunisanj"},"url":"https:\/\/munisanjuansac.org\/msj\/author\/wpmunisanj\/"}]}},"_links":{"self":[{"href":"https:\/\/munisanjuansac.org\/msj\/wp-json\/wp\/v2\/posts\/1630","targetHints":{"allow":["GET"]}}],"collection":[{"href":"https:\/\/munisanjuansac.org\/msj\/wp-json\/wp\/v2\/posts"}],"about":[{"href":"https:\/\/munisanjuansac.org\/msj\/wp-json\/wp\/v2\/types\/post"}],"author":[{"embeddable":true,"href":"https:\/\/munisanjuansac.org\/msj\/wp-json\/wp\/v2\/users\/1"}],"replies":[{"embeddable":true,"href":"https:\/\/munisanjuansac.org\/msj\/wp-json\/wp\/v2\/comments?post=1630"}],"version-history":[{"count":2,"href":"https:\/\/munisanjuansac.org\/msj\/wp-json\/wp\/v2\/posts\/1630\/revisions"}],"predecessor-version":[{"id":1640,"href":"https:\/\/munisanjuansac.org\/msj\/wp-json\/wp\/v2\/posts\/1630\/revisions\/1640"}],"wp:featuredmedia":[{"embeddable":true,"href":"https:\/\/munisanjuansac.org\/msj\/wp-json\/wp\/v2\/media\/1631"}],"wp:attachment":[{"href":"https:\/\/munisanjuansac.org\/msj\/wp-json\/wp\/v2\/media?parent=1630"}],"wp:term":[{"taxonomy":"category","embeddable":true,"href":"https:\/\/munisanjuansac.org\/msj\/wp-json\/wp\/v2\/categories?post=1630"},{"taxonomy":"post_tag","embeddable":true,"href":"https:\/\/munisanjuansac.org\/msj\/wp-json\/wp\/v2\/tags?post=1630"}],"curies":[{"name":"wp","href":"https:\/\/api.w.org\/{rel}","templated":true}]}}