{"id":1626,"date":"2018-08-27T21:26:33","date_gmt":"2018-08-27T21:26:33","guid":{"rendered":"https:\/\/munisanjuansac.org\/msj\/?p=1626"},"modified":"2018-08-27T21:28:32","modified_gmt":"2018-08-27T21:28:32","slug":"charlas-concientizan-a-estudiantes-de-san-juan-sacatepequez","status":"publish","type":"post","link":"https:\/\/munisanjuansac.org\/msj\/charlas-concientizan-a-estudiantes-de-san-juan-sacatepequez\/","title":{"rendered":"Charlas concientizan a estudiantes de San Juan Sacatep\u00e9quez"},"content":{"rendered":"<p style=\"text-align: justify;\"><a href=\"https:\/\/munisanjuansac.org\/msj\/wp-content\/uploads\/2018\/08\/Primera-feria-informativa-y-preventiva-San-Juan-Sacatep\u00e9quez2.jpg\"><img fetchpriority=\"high\" decoding=\"async\" class=\"aligncenter size-full wp-image-1625\" src=\"https:\/\/munisanjuansac.org\/msj\/wp-content\/uploads\/2018\/08\/Primera-feria-informativa-y-preventiva-San-Juan-Sacatep\u00e9quez2.jpg\" alt=\"\" width=\"4272\" height=\"2848\" srcset=\"https:\/\/munisanjuansac.org\/msj\/wp-content\/uploads\/2018\/08\/Primera-feria-informativa-y-preventiva-San-Juan-Sacatep\u00e9quez2.jpg 4272w, https:\/\/munisanjuansac.org\/msj\/wp-content\/uploads\/2018\/08\/Primera-feria-informativa-y-preventiva-San-Juan-Sacatep\u00e9quez2-300x200.jpg 300w, https:\/\/munisanjuansac.org\/msj\/wp-content\/uploads\/2018\/08\/Primera-feria-informativa-y-preventiva-San-Juan-Sacatep\u00e9quez2-768x512.jpg 768w, https:\/\/munisanjuansac.org\/msj\/wp-content\/uploads\/2018\/08\/Primera-feria-informativa-y-preventiva-San-Juan-Sacatep\u00e9quez2-1024x683.jpg 1024w, https:\/\/munisanjuansac.org\/msj\/wp-content\/uploads\/2018\/08\/Primera-feria-informativa-y-preventiva-San-Juan-Sacatep\u00e9quez2-272x182.jpg 272w\" sizes=\"(max-width: 4272px) 100vw, 4272px\" \/><\/a><\/p>\n<p style=\"text-align: justify;\">En el sal\u00f3n municipal se realiz\u00f3 la primera feria informativa y preventiva con la participaci\u00f3n de 500 estudiantes del nivel b\u00e1sico y diversificado de nuestro municipio.<\/p>\n<p style=\"text-align: justify;\">Dicha actividad fue organizada por la Oficina de Ni\u00f1ez y Adolescencia, \u00a0el cual cont\u00f3 con 17 instituciones que abordaron temas como educaci\u00f3n sexual, violencia en el hogar, acoso, uso de las redes sociales, alerta Alba Keneth y emprendimiento.<\/p>\n<p style=\"text-align: justify;\">El objetivo de las charlas, es informar y prevenir a los j\u00f3venes y adolescentes de nuestro municipio sobre diversidad de temas que aquejan a las comunidades sanjuaneras coment\u00f3 Edgar Reyes encargado de la Oficina de Ni\u00f1ez y Adolescencia.<\/p>\n<p style=\"text-align: justify;\">Rosa Lilian Sazo, docente del Instituto Rep\u00fablica de Austria dijo que le pareci\u00f3 interesante la actividad. \u00abExisten situaciones donde los j\u00f3venes hacen caso omiso a los consejos de los padres y de los maestros, es una oportunidad para los j\u00f3venes en ampliar su conocimiento en estos temas\u00bb, coment\u00f3 Sazo.<\/p>\n<p style=\"text-align: justify;\">\u00abNo est\u00e1 dem\u00e1s informarse, me llamo la atenci\u00f3n el tema del embarazo en adolescentes, muchas veces cuando una se\u00f1orita resulta embarazada sirve de burla para la sociedad\u00bb coment\u00f3 Olga Marielos G\u00e1tica estudiante de la Escuela de Ciencias Comerciales.<\/p>\n<p style=\"text-align: justify;\">Se est\u00e1 trabajando con las distintas organizaciones para la realizaci\u00f3n de una actividad similar dirigida a\u00a0la juventud de Ciudad Quetzal.<\/p>\n<p style=\"text-align: justify;\"><a href=\"https:\/\/munisanjuansac.org\/msj\/wp-content\/uploads\/2018\/08\/Primera-feria-informativa-y-preventiva-San-Juan-Sacatep\u00e9quez.jpg\"><img decoding=\"async\" class=\"aligncenter size-full wp-image-1624\" src=\"https:\/\/munisanjuansac.org\/msj\/wp-content\/uploads\/2018\/08\/Primera-feria-informativa-y-preventiva-San-Juan-Sacatep\u00e9quez.jpg\" alt=\"\" width=\"4272\" height=\"2848\" srcset=\"https:\/\/munisanjuansac.org\/msj\/wp-content\/uploads\/2018\/08\/Primera-feria-informativa-y-preventiva-San-Juan-Sacatep\u00e9quez.jpg 4272w, https:\/\/munisanjuansac.org\/msj\/wp-content\/uploads\/2018\/08\/Primera-feria-informativa-y-preventiva-San-Juan-Sacatep\u00e9quez-300x200.jpg 300w, https:\/\/munisanjuansac.org\/msj\/wp-content\/uploads\/2018\/08\/Primera-feria-informativa-y-preventiva-San-Juan-Sacatep\u00e9quez-768x512.jpg 768w, https:\/\/munisanjuansac.org\/msj\/wp-content\/uploads\/2018\/08\/Primera-feria-informativa-y-preventiva-San-Juan-Sacatep\u00e9quez-1024x683.jpg 1024w, https:\/\/munisanjuansac.org\/msj\/wp-content\/uploads\/2018\/08\/Primera-feria-informativa-y-preventiva-San-Juan-Sacatep\u00e9quez-272x182.jpg 272w\" sizes=\"(max-width: 4272px) 100vw, 4272px\" \/><\/a><\/p>\n","protected":false},"excerpt":{"rendered":"<p>En el sal\u00f3n municipal se realiz\u00f3 la primera feria informativa y preventiva con la participaci\u00f3n de 500 estudiantes del nivel b\u00e1sico y diversificado de nuestro municipio. Dicha actividad fue organizada&hellip;<\/p>\n","protected":false},"author":1,"featured_media":1625,"comment_status":"open","ping_status":"open","sticky":false,"template":"","format":"standard","meta":{"footnotes":""},"categories":[17],"tags":[],"class_list":["post-1626","post","type-post","status-publish","format-standard","has-post-thumbnail","hentry","category-noticias"],"yoast_head":"<!-- This site is optimized with the Yoast SEO plugin v22.0 - https:\/\/yoast.com\/wordpress\/plugins\/seo\/ -->\n<title>Charlas concientizan a estudiantes de San Juan Sacatep\u00e9quez - Municipalidad de San Juan Sacatep\u00e9quez<\/title>\n<meta name=\"robots\" content=\"index, follow, max-snippet:-1, max-image-preview:large, max-video-preview:-1\" \/>\n<link rel=\"canonical\" href=\"https:\/\/munisanjuansac.org\/msj\/charlas-concientizan-a-estudiantes-de-san-juan-sacatepequez\/\" \/>\n<meta property=\"og:locale\" content=\"es_ES\" \/>\n<meta property=\"og:type\" content=\"article\" \/>\n<meta property=\"og:title\" content=\"Charlas concientizan a estudiantes de San Juan Sacatep\u00e9quez - Municipalidad de San Juan Sacatep\u00e9quez\" \/>\n<meta property=\"og:description\" content=\"En el sal\u00f3n municipal se realiz\u00f3 la primera feria informativa y preventiva con la participaci\u00f3n de 500 estudiantes del nivel b\u00e1sico y diversificado de nuestro municipio. Dicha actividad fue organizada&hellip;\" \/>\n<meta property=\"og:url\" content=\"https:\/\/munisanjuansac.org\/msj\/charlas-concientizan-a-estudiantes-de-san-juan-sacatepequez\/\" \/>\n<meta property=\"og:site_name\" content=\"Municipalidad de San Juan Sacatep\u00e9quez\" \/>\n<meta property=\"article:publisher\" content=\"https:\/\/www.facebook.com\/MunicipalidadSanJuanSacatepequez\" \/>\n<meta property=\"article:published_time\" content=\"2018-08-27T21:26:33+00:00\" \/>\n<meta property=\"article:modified_time\" content=\"2018-08-27T21:28:32+00:00\" \/>\n<meta property=\"og:image\" content=\"https:\/\/munisanjuansac.org\/msj\/wp-content\/uploads\/2018\/08\/Primera-feria-informativa-y-preventiva-San-Juan-Sacatep\u00e9quez2.jpg\" \/>\n\t<meta property=\"og:image:width\" content=\"4272\" \/>\n\t<meta property=\"og:image:height\" content=\"2848\" \/>\n\t<meta property=\"og:image:type\" content=\"image\/jpeg\" \/>\n<meta name=\"author\" content=\"wpmunisanj\" \/>\n<meta name=\"twitter:card\" content=\"summary_large_image\" \/>\n<meta name=\"twitter:creator\" content=\"@SanJuanSacatep1\" \/>\n<meta name=\"twitter:site\" content=\"@SanJuanSacatep1\" \/>\n<meta name=\"twitter:label1\" content=\"Escrito por\" \/>\n\t<meta name=\"twitter:data1\" content=\"wpmunisanj\" \/>\n\t<meta name=\"twitter:label2\" content=\"Tiempo de lectura\" \/>\n\t<meta name=\"twitter:data2\" content=\"1 minuto\" \/>\n<script type=\"application\/ld+json\" class=\"yoast-schema-graph\">{\"@context\":\"https:\/\/schema.org\",\"@graph\":[{\"@type\":\"Article\",\"@id\":\"https:\/\/munisanjuansac.org\/msj\/charlas-concientizan-a-estudiantes-de-san-juan-sacatepequez\/#article\",\"isPartOf\":{\"@id\":\"https:\/\/munisanjuansac.org\/msj\/charlas-concientizan-a-estudiantes-de-san-juan-sacatepequez\/\"},\"author\":{\"name\":\"wpmunisanj\",\"@id\":\"https:\/\/munisanjuansac.org\/msj\/#\/schema\/person\/3dbd80d788cab1303a54b46e4399e241\"},\"headline\":\"Charlas concientizan a estudiantes de San Juan Sacatep\u00e9quez\",\"datePublished\":\"2018-08-27T21:26:33+00:00\",\"dateModified\":\"2018-08-27T21:28:32+00:00\",\"mainEntityOfPage\":{\"@id\":\"https:\/\/munisanjuansac.org\/msj\/charlas-concientizan-a-estudiantes-de-san-juan-sacatepequez\/\"},\"wordCount\":232,\"commentCount\":0,\"publisher\":{\"@id\":\"https:\/\/munisanjuansac.org\/msj\/#organization\"},\"articleSection\":[\"CURSOS Y TALLERES\"],\"inLanguage\":\"es\",\"potentialAction\":[{\"@type\":\"CommentAction\",\"name\":\"Comment\",\"target\":[\"https:\/\/munisanjuansac.org\/msj\/charlas-concientizan-a-estudiantes-de-san-juan-sacatepequez\/#respond\"]}]},{\"@type\":\"WebPage\",\"@id\":\"https:\/\/munisanjuansac.org\/msj\/charlas-concientizan-a-estudiantes-de-san-juan-sacatepequez\/\",\"url\":\"https:\/\/munisanjuansac.org\/msj\/charlas-concientizan-a-estudiantes-de-san-juan-sacatepequez\/\",\"name\":\"Charlas concientizan a estudiantes de San Juan Sacatep\u00e9quez - Municipalidad de San Juan Sacatep\u00e9quez\",\"isPartOf\":{\"@id\":\"https:\/\/munisanjuansac.org\/msj\/#website\"},\"datePublished\":\"2018-08-27T21:26:33+00:00\",\"dateModified\":\"2018-08-27T21:28:32+00:00\",\"breadcrumb\":{\"@id\":\"https:\/\/munisanjuansac.org\/msj\/charlas-concientizan-a-estudiantes-de-san-juan-sacatepequez\/#breadcrumb\"},\"inLanguage\":\"es\",\"potentialAction\":[{\"@type\":\"ReadAction\",\"target\":[\"https:\/\/munisanjuansac.org\/msj\/charlas-concientizan-a-estudiantes-de-san-juan-sacatepequez\/\"]}]},{\"@type\":\"BreadcrumbList\",\"@id\":\"https:\/\/munisanjuansac.org\/msj\/charlas-concientizan-a-estudiantes-de-san-juan-sacatepequez\/#breadcrumb\",\"itemListElement\":[{\"@type\":\"ListItem\",\"position\":1,\"name\":\"Portada\",\"item\":\"https:\/\/munisanjuansac.org\/msj\/\"},{\"@type\":\"ListItem\",\"position\":2,\"name\":\"Charlas concientizan a estudiantes de San Juan Sacatep\u00e9quez\"}]},{\"@type\":\"WebSite\",\"@id\":\"https:\/\/munisanjuansac.org\/msj\/#website\",\"url\":\"https:\/\/munisanjuansac.org\/msj\/\",\"name\":\"Municipalidad de San Juan Sacatep\u00e9quez\",\"description\":\"\",\"publisher\":{\"@id\":\"https:\/\/munisanjuansac.org\/msj\/#organization\"},\"potentialAction\":[{\"@type\":\"SearchAction\",\"target\":{\"@type\":\"EntryPoint\",\"urlTemplate\":\"https:\/\/munisanjuansac.org\/msj\/?s={search_term_string}\"},\"query-input\":\"required name=search_term_string\"}],\"inLanguage\":\"es\"},{\"@type\":\"Organization\",\"@id\":\"https:\/\/munisanjuansac.org\/msj\/#organization\",\"name\":\"Municipalidad de San Juan Sacatep\u00e9quez\",\"url\":\"https:\/\/munisanjuansac.org\/msj\/\",\"logo\":{\"@type\":\"ImageObject\",\"inLanguage\":\"es\",\"@id\":\"https:\/\/munisanjuansac.org\/msj\/#\/schema\/logo\/image\/\",\"url\":\"https:\/\/munisanjuansac.org\/msj\/wp-content\/uploads\/2023\/11\/LOGO-45-DE-ANCHO-POR-50-DE-ALTO-DERECHO-E-IZQUIERDO-921x1024.png\",\"contentUrl\":\"https:\/\/munisanjuansac.org\/msj\/wp-content\/uploads\/2023\/11\/LOGO-45-DE-ANCHO-POR-50-DE-ALTO-DERECHO-E-IZQUIERDO-921x1024.png\",\"width\":921,\"height\":1024,\"caption\":\"Municipalidad de San Juan Sacatep\u00e9quez\"},\"image\":{\"@id\":\"https:\/\/munisanjuansac.org\/msj\/#\/schema\/logo\/image\/\"},\"sameAs\":[\"https:\/\/www.facebook.com\/MunicipalidadSanJuanSacatepequez\",\"https:\/\/twitter.com\/SanJuanSacatep1\",\"https:\/\/www.youtube.com\/@municipalidadsanjuansacate2849\/videos\",\"https:\/\/www.tiktok.com\/@munisanjuansac?lang=es\",\"https:\/\/www.tiktok.com\/@jc_pellecer?lang=es\"]},{\"@type\":\"Person\",\"@id\":\"https:\/\/munisanjuansac.org\/msj\/#\/schema\/person\/3dbd80d788cab1303a54b46e4399e241\",\"name\":\"wpmunisanj\",\"image\":{\"@type\":\"ImageObject\",\"inLanguage\":\"es\",\"@id\":\"https:\/\/munisanjuansac.org\/msj\/#\/schema\/person\/image\/\",\"url\":\"https:\/\/secure.gravatar.com\/avatar\/88e003d6973f13207bb665a46805695a95cd03126642904f376105f4ae40c297?s=96&d=mm&r=g\",\"contentUrl\":\"https:\/\/secure.gravatar.com\/avatar\/88e003d6973f13207bb665a46805695a95cd03126642904f376105f4ae40c297?s=96&d=mm&r=g\",\"caption\":\"wpmunisanj\"},\"url\":\"https:\/\/munisanjuansac.org\/msj\/author\/wpmunisanj\/\"}]}<\/script>\n<!-- \/ Yoast SEO plugin. -->","yoast_head_json":{"title":"Charlas concientizan a estudiantes de San Juan Sacatep\u00e9quez - Municipalidad de San Juan Sacatep\u00e9quez","robots":{"index":"index","follow":"follow","max-snippet":"max-snippet:-1","max-image-preview":"max-image-preview:large","max-video-preview":"max-video-preview:-1"},"canonical":"https:\/\/munisanjuansac.org\/msj\/charlas-concientizan-a-estudiantes-de-san-juan-sacatepequez\/","og_locale":"es_ES","og_type":"article","og_title":"Charlas concientizan a estudiantes de San Juan Sacatep\u00e9quez - Municipalidad de San Juan Sacatep\u00e9quez","og_description":"En el sal\u00f3n municipal se realiz\u00f3 la primera feria informativa y preventiva con la participaci\u00f3n de 500 estudiantes del nivel b\u00e1sico y diversificado de nuestro municipio. Dicha actividad fue organizada&hellip;","og_url":"https:\/\/munisanjuansac.org\/msj\/charlas-concientizan-a-estudiantes-de-san-juan-sacatepequez\/","og_site_name":"Municipalidad de San Juan Sacatep\u00e9quez","article_publisher":"https:\/\/www.facebook.com\/MunicipalidadSanJuanSacatepequez","article_published_time":"2018-08-27T21:26:33+00:00","article_modified_time":"2018-08-27T21:28:32+00:00","og_image":[{"width":4272,"height":2848,"url":"https:\/\/munisanjuansac.org\/msj\/wp-content\/uploads\/2018\/08\/Primera-feria-informativa-y-preventiva-San-Juan-Sacatep\u00e9quez2.jpg","type":"image\/jpeg"}],"author":"wpmunisanj","twitter_card":"summary_large_image","twitter_creator":"@SanJuanSacatep1","twitter_site":"@SanJuanSacatep1","twitter_misc":{"Escrito por":"wpmunisanj","Tiempo de lectura":"1 minuto"},"schema":{"@context":"https:\/\/schema.org","@graph":[{"@type":"Article","@id":"https:\/\/munisanjuansac.org\/msj\/charlas-concientizan-a-estudiantes-de-san-juan-sacatepequez\/#article","isPartOf":{"@id":"https:\/\/munisanjuansac.org\/msj\/charlas-concientizan-a-estudiantes-de-san-juan-sacatepequez\/"},"author":{"name":"wpmunisanj","@id":"https:\/\/munisanjuansac.org\/msj\/#\/schema\/person\/3dbd80d788cab1303a54b46e4399e241"},"headline":"Charlas concientizan a estudiantes de San Juan Sacatep\u00e9quez","datePublished":"2018-08-27T21:26:33+00:00","dateModified":"2018-08-27T21:28:32+00:00","mainEntityOfPage":{"@id":"https:\/\/munisanjuansac.org\/msj\/charlas-concientizan-a-estudiantes-de-san-juan-sacatepequez\/"},"wordCount":232,"commentCount":0,"publisher":{"@id":"https:\/\/munisanjuansac.org\/msj\/#organization"},"articleSection":["CURSOS Y TALLERES"],"inLanguage":"es","potentialAction":[{"@type":"CommentAction","name":"Comment","target":["https:\/\/munisanjuansac.org\/msj\/charlas-concientizan-a-estudiantes-de-san-juan-sacatepequez\/#respond"]}]},{"@type":"WebPage","@id":"https:\/\/munisanjuansac.org\/msj\/charlas-concientizan-a-estudiantes-de-san-juan-sacatepequez\/","url":"https:\/\/munisanjuansac.org\/msj\/charlas-concientizan-a-estudiantes-de-san-juan-sacatepequez\/","name":"Charlas concientizan a estudiantes de San Juan Sacatep\u00e9quez - Municipalidad de San Juan Sacatep\u00e9quez","isPartOf":{"@id":"https:\/\/munisanjuansac.org\/msj\/#website"},"datePublished":"2018-08-27T21:26:33+00:00","dateModified":"2018-08-27T21:28:32+00:00","breadcrumb":{"@id":"https:\/\/munisanjuansac.org\/msj\/charlas-concientizan-a-estudiantes-de-san-juan-sacatepequez\/#breadcrumb"},"inLanguage":"es","potentialAction":[{"@type":"ReadAction","target":["https:\/\/munisanjuansac.org\/msj\/charlas-concientizan-a-estudiantes-de-san-juan-sacatepequez\/"]}]},{"@type":"BreadcrumbList","@id":"https:\/\/munisanjuansac.org\/msj\/charlas-concientizan-a-estudiantes-de-san-juan-sacatepequez\/#breadcrumb","itemListElement":[{"@type":"ListItem","position":1,"name":"Portada","item":"https:\/\/munisanjuansac.org\/msj\/"},{"@type":"ListItem","position":2,"name":"Charlas concientizan a estudiantes de San Juan Sacatep\u00e9quez"}]},{"@type":"WebSite","@id":"https:\/\/munisanjuansac.org\/msj\/#website","url":"https:\/\/munisanjuansac.org\/msj\/","name":"Municipalidad de San Juan Sacatep\u00e9quez","description":"","publisher":{"@id":"https:\/\/munisanjuansac.org\/msj\/#organization"},"potentialAction":[{"@type":"SearchAction","target":{"@type":"EntryPoint","urlTemplate":"https:\/\/munisanjuansac.org\/msj\/?s={search_term_string}"},"query-input":"required name=search_term_string"}],"inLanguage":"es"},{"@type":"Organization","@id":"https:\/\/munisanjuansac.org\/msj\/#organization","name":"Municipalidad de San Juan Sacatep\u00e9quez","url":"https:\/\/munisanjuansac.org\/msj\/","logo":{"@type":"ImageObject","inLanguage":"es","@id":"https:\/\/munisanjuansac.org\/msj\/#\/schema\/logo\/image\/","url":"https:\/\/munisanjuansac.org\/msj\/wp-content\/uploads\/2023\/11\/LOGO-45-DE-ANCHO-POR-50-DE-ALTO-DERECHO-E-IZQUIERDO-921x1024.png","contentUrl":"https:\/\/munisanjuansac.org\/msj\/wp-content\/uploads\/2023\/11\/LOGO-45-DE-ANCHO-POR-50-DE-ALTO-DERECHO-E-IZQUIERDO-921x1024.png","width":921,"height":1024,"caption":"Municipalidad de San Juan Sacatep\u00e9quez"},"image":{"@id":"https:\/\/munisanjuansac.org\/msj\/#\/schema\/logo\/image\/"},"sameAs":["https:\/\/www.facebook.com\/MunicipalidadSanJuanSacatepequez","https:\/\/twitter.com\/SanJuanSacatep1","https:\/\/www.youtube.com\/@municipalidadsanjuansacate2849\/videos","https:\/\/www.tiktok.com\/@munisanjuansac?lang=es","https:\/\/www.tiktok.com\/@jc_pellecer?lang=es"]},{"@type":"Person","@id":"https:\/\/munisanjuansac.org\/msj\/#\/schema\/person\/3dbd80d788cab1303a54b46e4399e241","name":"wpmunisanj","image":{"@type":"ImageObject","inLanguage":"es","@id":"https:\/\/munisanjuansac.org\/msj\/#\/schema\/person\/image\/","url":"https:\/\/secure.gravatar.com\/avatar\/88e003d6973f13207bb665a46805695a95cd03126642904f376105f4ae40c297?s=96&d=mm&r=g","contentUrl":"https:\/\/secure.gravatar.com\/avatar\/88e003d6973f13207bb665a46805695a95cd03126642904f376105f4ae40c297?s=96&d=mm&r=g","caption":"wpmunisanj"},"url":"https:\/\/munisanjuansac.org\/msj\/author\/wpmunisanj\/"}]}},"_links":{"self":[{"href":"https:\/\/munisanjuansac.org\/msj\/wp-json\/wp\/v2\/posts\/1626","targetHints":{"allow":["GET"]}}],"collection":[{"href":"https:\/\/munisanjuansac.org\/msj\/wp-json\/wp\/v2\/posts"}],"about":[{"href":"https:\/\/munisanjuansac.org\/msj\/wp-json\/wp\/v2\/types\/post"}],"author":[{"embeddable":true,"href":"https:\/\/munisanjuansac.org\/msj\/wp-json\/wp\/v2\/users\/1"}],"replies":[{"embeddable":true,"href":"https:\/\/munisanjuansac.org\/msj\/wp-json\/wp\/v2\/comments?post=1626"}],"version-history":[{"count":3,"href":"https:\/\/munisanjuansac.org\/msj\/wp-json\/wp\/v2\/posts\/1626\/revisions"}],"predecessor-version":[{"id":1629,"href":"https:\/\/munisanjuansac.org\/msj\/wp-json\/wp\/v2\/posts\/1626\/revisions\/1629"}],"wp:featuredmedia":[{"embeddable":true,"href":"https:\/\/munisanjuansac.org\/msj\/wp-json\/wp\/v2\/media\/1625"}],"wp:attachment":[{"href":"https:\/\/munisanjuansac.org\/msj\/wp-json\/wp\/v2\/media?parent=1626"}],"wp:term":[{"taxonomy":"category","embeddable":true,"href":"https:\/\/munisanjuansac.org\/msj\/wp-json\/wp\/v2\/categories?post=1626"},{"taxonomy":"post_tag","embeddable":true,"href":"https:\/\/munisanjuansac.org\/msj\/wp-json\/wp\/v2\/tags?post=1626"}],"curies":[{"name":"wp","href":"https:\/\/api.w.org\/{rel}","templated":true}]}}