{"id":1614,"date":"2018-08-21T22:02:40","date_gmt":"2018-08-21T22:02:40","guid":{"rendered":"https:\/\/munisanjuansac.org\/msj\/?p=1614"},"modified":"2018-08-21T22:24:47","modified_gmt":"2018-08-21T22:24:47","slug":"inauguracion-de-remozamiento-de-canchas-del-polideportivo-jose-carlos-raxon","status":"publish","type":"post","link":"https:\/\/munisanjuansac.org\/msj\/inauguracion-de-remozamiento-de-canchas-del-polideportivo-jose-carlos-raxon\/","title":{"rendered":"Inauguraci\u00f3n de remozamiento de canchas del Polideportivo \u00abJos\u00e9 Carlos Rax\u00f3n\u00bb"},"content":{"rendered":"<p style=\"text-align: justify;\"><a href=\"https:\/\/munisanjuansac.org\/msj\/wp-content\/uploads\/2018\/08\/Polideportivo-Jose-Carlos-Raxon.jpg\"><img fetchpriority=\"high\" decoding=\"async\" class=\"aligncenter wp-image-1616 size-full\" src=\"https:\/\/munisanjuansac.org\/msj\/wp-content\/uploads\/2018\/08\/Polideportivo-Jose-Carlos-Raxon.jpg\" alt=\"\" width=\"640\" height=\"427\" srcset=\"https:\/\/munisanjuansac.org\/msj\/wp-content\/uploads\/2018\/08\/Polideportivo-Jose-Carlos-Raxon.jpg 640w, https:\/\/munisanjuansac.org\/msj\/wp-content\/uploads\/2018\/08\/Polideportivo-Jose-Carlos-Raxon-300x200.jpg 300w, https:\/\/munisanjuansac.org\/msj\/wp-content\/uploads\/2018\/08\/Polideportivo-Jose-Carlos-Raxon-272x182.jpg 272w\" sizes=\"(max-width: 640px) 100vw, 640px\" \/><\/a><\/p>\n<p style=\"text-align: justify;\">El pasado fin de semana, ante \u00a0la presencia de vecinos se llevo a cabo la inauguraci\u00f3n de los trabajos de remozamiento de las canchas del Polideportivo \u00abJos\u00e9 Carlos Rax\u00f3n\u00bb.<\/p>\n<p style=\"text-align: justify;\">Como parte de la actividad se llevo a cabo una cuadrangular, como invitado estuvo el equipo de futsal de la Universidad de San Carlos USAC, siendo el ganador del torneo, el segundo lugar lo obtuvo el equipo de Ecosaba, tercer lugar B\u00e9lgica y por \u00faltimo Niupi a quienes se les premio con trofeos.<\/p>\n<figure id=\"attachment_1615\" aria-describedby=\"caption-attachment-1615\" style=\"width: 640px\" class=\"wp-caption aligncenter\"><a href=\"https:\/\/munisanjuansac.org\/msj\/wp-content\/uploads\/2018\/08\/remozamiento-de-las-canchas-del-Polideportivo-Jos\u00e9-Carlos-Raxon.jpg\"><img decoding=\"async\" class=\"wp-image-1615 size-full\" src=\"https:\/\/munisanjuansac.org\/msj\/wp-content\/uploads\/2018\/08\/remozamiento-de-las-canchas-del-Polideportivo-Jos\u00e9-Carlos-Raxon.jpg\" alt=\"\" width=\"640\" height=\"427\" srcset=\"https:\/\/munisanjuansac.org\/msj\/wp-content\/uploads\/2018\/08\/remozamiento-de-las-canchas-del-Polideportivo-Jos\u00e9-Carlos-Raxon.jpg 640w, https:\/\/munisanjuansac.org\/msj\/wp-content\/uploads\/2018\/08\/remozamiento-de-las-canchas-del-Polideportivo-Jos\u00e9-Carlos-Raxon-300x200.jpg 300w, https:\/\/munisanjuansac.org\/msj\/wp-content\/uploads\/2018\/08\/remozamiento-de-las-canchas-del-Polideportivo-Jos\u00e9-Carlos-Raxon-272x182.jpg 272w\" sizes=\"(max-width: 640px) 100vw, 640px\" \/><\/a><figcaption id=\"caption-attachment-1615\" class=\"wp-caption-text\">Con trofeos se premio a los participantes de la cuadrangular.<\/figcaption><\/figure>\n<p style=\"text-align: justify;\">El proyecto se ejecut\u00f3 debido al deterioro que hab\u00edan sufrido las alfombras por el uso, as\u00ed como las mallas que dividen las canchas.<\/p>\n<figure id=\"attachment_1617\" aria-describedby=\"caption-attachment-1617\" style=\"width: 640px\" class=\"wp-caption aligncenter\"><a href=\"https:\/\/munisanjuansac.org\/msj\/wp-content\/uploads\/2018\/08\/Polideportivo-Jose-Carlos-Raxon2.jpg\"><img decoding=\"async\" class=\"wp-image-1617 size-full\" src=\"https:\/\/munisanjuansac.org\/msj\/wp-content\/uploads\/2018\/08\/Polideportivo-Jose-Carlos-Raxon2.jpg\" alt=\"\" width=\"640\" height=\"427\" srcset=\"https:\/\/munisanjuansac.org\/msj\/wp-content\/uploads\/2018\/08\/Polideportivo-Jose-Carlos-Raxon2.jpg 640w, https:\/\/munisanjuansac.org\/msj\/wp-content\/uploads\/2018\/08\/Polideportivo-Jose-Carlos-Raxon2-300x200.jpg 300w, https:\/\/munisanjuansac.org\/msj\/wp-content\/uploads\/2018\/08\/Polideportivo-Jose-Carlos-Raxon2-272x182.jpg 272w\" sizes=\"(max-width: 640px) 100vw, 640px\" \/><\/a><figcaption id=\"caption-attachment-1617\" class=\"wp-caption-text\">El polideportivo cuenta con un \u00e1rea de sanitarios limpio y se\u00f1alizado.<\/figcaption><\/figure>\n<p style=\"text-align: justify;\">Los trabajos incluyeron el cambio de alfombra y se\u00f1alizaci\u00f3n de dos canchas polideportivas, renovaci\u00f3n de malla y mantenimiento del \u00e1rea de sanitarios.<\/p>\n<p style=\"text-align: justify;\">De esta manera se busca ofrecerle a los ni\u00f1os, j\u00f3venes, vecinos y visitantes un espacio para la recreaci\u00f3n y el deporte.<\/p>\n<p style=\"text-align: justify;\">El polideportivo tambi\u00e9n cuenta con dos canchas de basquetbol y un \u00e1rea verde, este se ubica en la 10a. calle final de la zona 4 y est\u00e1 abierto todos los d\u00edas de 8 de la ma\u00f1ana a 9 de la noche.<\/p>\n","protected":false},"excerpt":{"rendered":"<p>El pasado fin de semana, ante \u00a0la presencia de vecinos se llevo a cabo la inauguraci\u00f3n de los trabajos de remozamiento de las canchas del Polideportivo \u00abJos\u00e9 Carlos Rax\u00f3n\u00bb. Como&hellip;<\/p>\n","protected":false},"author":1,"featured_media":1616,"comment_status":"closed","ping_status":"open","sticky":false,"template":"","format":"standard","meta":{"footnotes":""},"categories":[17],"tags":[],"class_list":["post-1614","post","type-post","status-publish","format-standard","has-post-thumbnail","hentry","category-noticias"],"yoast_head":"<!-- This site is optimized with the Yoast SEO plugin v22.0 - https:\/\/yoast.com\/wordpress\/plugins\/seo\/ -->\n<title>Inauguraci\u00f3n de remozamiento de canchas del Polideportivo &quot;Jos\u00e9 Carlos Rax\u00f3n&quot; - Municipalidad de San Juan Sacatep\u00e9quez<\/title>\n<meta name=\"robots\" content=\"index, follow, max-snippet:-1, max-image-preview:large, max-video-preview:-1\" \/>\n<link rel=\"canonical\" href=\"https:\/\/munisanjuansac.org\/msj\/inauguracion-de-remozamiento-de-canchas-del-polideportivo-jose-carlos-raxon\/\" \/>\n<meta property=\"og:locale\" content=\"es_ES\" \/>\n<meta property=\"og:type\" content=\"article\" \/>\n<meta property=\"og:title\" content=\"Inauguraci\u00f3n de remozamiento de canchas del Polideportivo &quot;Jos\u00e9 Carlos Rax\u00f3n&quot; - Municipalidad de San Juan Sacatep\u00e9quez\" \/>\n<meta property=\"og:description\" content=\"El pasado fin de semana, ante \u00a0la presencia de vecinos se llevo a cabo la inauguraci\u00f3n de los trabajos de remozamiento de las canchas del Polideportivo \u00abJos\u00e9 Carlos Rax\u00f3n\u00bb. Como&hellip;\" \/>\n<meta property=\"og:url\" content=\"https:\/\/munisanjuansac.org\/msj\/inauguracion-de-remozamiento-de-canchas-del-polideportivo-jose-carlos-raxon\/\" \/>\n<meta property=\"og:site_name\" content=\"Municipalidad de San Juan Sacatep\u00e9quez\" \/>\n<meta property=\"article:publisher\" content=\"https:\/\/www.facebook.com\/MunicipalidadSanJuanSacatepequez\" \/>\n<meta property=\"article:published_time\" content=\"2018-08-21T22:02:40+00:00\" \/>\n<meta property=\"article:modified_time\" content=\"2018-08-21T22:24:47+00:00\" \/>\n<meta property=\"og:image\" content=\"https:\/\/munisanjuansac.org\/msj\/wp-content\/uploads\/2018\/08\/Polideportivo-Jose-Carlos-Raxon.jpg\" \/>\n\t<meta property=\"og:image:width\" content=\"640\" \/>\n\t<meta property=\"og:image:height\" content=\"427\" \/>\n\t<meta property=\"og:image:type\" content=\"image\/jpeg\" \/>\n<meta name=\"author\" content=\"wpmunisanj\" \/>\n<meta name=\"twitter:card\" content=\"summary_large_image\" \/>\n<meta name=\"twitter:creator\" content=\"@SanJuanSacatep1\" \/>\n<meta name=\"twitter:site\" content=\"@SanJuanSacatep1\" \/>\n<meta name=\"twitter:label1\" content=\"Escrito por\" \/>\n\t<meta name=\"twitter:data1\" content=\"wpmunisanj\" \/>\n\t<meta name=\"twitter:label2\" content=\"Tiempo de lectura\" \/>\n\t<meta name=\"twitter:data2\" content=\"1 minuto\" \/>\n<script type=\"application\/ld+json\" class=\"yoast-schema-graph\">{\"@context\":\"https:\/\/schema.org\",\"@graph\":[{\"@type\":\"Article\",\"@id\":\"https:\/\/munisanjuansac.org\/msj\/inauguracion-de-remozamiento-de-canchas-del-polideportivo-jose-carlos-raxon\/#article\",\"isPartOf\":{\"@id\":\"https:\/\/munisanjuansac.org\/msj\/inauguracion-de-remozamiento-de-canchas-del-polideportivo-jose-carlos-raxon\/\"},\"author\":{\"name\":\"wpmunisanj\",\"@id\":\"https:\/\/munisanjuansac.org\/msj\/#\/schema\/person\/3dbd80d788cab1303a54b46e4399e241\"},\"headline\":\"Inauguraci\u00f3n de remozamiento de canchas del Polideportivo \u00abJos\u00e9 Carlos Rax\u00f3n\u00bb\",\"datePublished\":\"2018-08-21T22:02:40+00:00\",\"dateModified\":\"2018-08-21T22:24:47+00:00\",\"mainEntityOfPage\":{\"@id\":\"https:\/\/munisanjuansac.org\/msj\/inauguracion-de-remozamiento-de-canchas-del-polideportivo-jose-carlos-raxon\/\"},\"wordCount\":247,\"publisher\":{\"@id\":\"https:\/\/munisanjuansac.org\/msj\/#organization\"},\"articleSection\":[\"CURSOS Y TALLERES\"],\"inLanguage\":\"es\"},{\"@type\":\"WebPage\",\"@id\":\"https:\/\/munisanjuansac.org\/msj\/inauguracion-de-remozamiento-de-canchas-del-polideportivo-jose-carlos-raxon\/\",\"url\":\"https:\/\/munisanjuansac.org\/msj\/inauguracion-de-remozamiento-de-canchas-del-polideportivo-jose-carlos-raxon\/\",\"name\":\"Inauguraci\u00f3n de remozamiento de canchas del Polideportivo \\\"Jos\u00e9 Carlos Rax\u00f3n\\\" - Municipalidad de San Juan Sacatep\u00e9quez\",\"isPartOf\":{\"@id\":\"https:\/\/munisanjuansac.org\/msj\/#website\"},\"datePublished\":\"2018-08-21T22:02:40+00:00\",\"dateModified\":\"2018-08-21T22:24:47+00:00\",\"breadcrumb\":{\"@id\":\"https:\/\/munisanjuansac.org\/msj\/inauguracion-de-remozamiento-de-canchas-del-polideportivo-jose-carlos-raxon\/#breadcrumb\"},\"inLanguage\":\"es\",\"potentialAction\":[{\"@type\":\"ReadAction\",\"target\":[\"https:\/\/munisanjuansac.org\/msj\/inauguracion-de-remozamiento-de-canchas-del-polideportivo-jose-carlos-raxon\/\"]}]},{\"@type\":\"BreadcrumbList\",\"@id\":\"https:\/\/munisanjuansac.org\/msj\/inauguracion-de-remozamiento-de-canchas-del-polideportivo-jose-carlos-raxon\/#breadcrumb\",\"itemListElement\":[{\"@type\":\"ListItem\",\"position\":1,\"name\":\"Portada\",\"item\":\"https:\/\/munisanjuansac.org\/msj\/\"},{\"@type\":\"ListItem\",\"position\":2,\"name\":\"Inauguraci\u00f3n de remozamiento de canchas del Polideportivo \u00abJos\u00e9 Carlos Rax\u00f3n\u00bb\"}]},{\"@type\":\"WebSite\",\"@id\":\"https:\/\/munisanjuansac.org\/msj\/#website\",\"url\":\"https:\/\/munisanjuansac.org\/msj\/\",\"name\":\"Municipalidad de San Juan Sacatep\u00e9quez\",\"description\":\"\",\"publisher\":{\"@id\":\"https:\/\/munisanjuansac.org\/msj\/#organization\"},\"potentialAction\":[{\"@type\":\"SearchAction\",\"target\":{\"@type\":\"EntryPoint\",\"urlTemplate\":\"https:\/\/munisanjuansac.org\/msj\/?s={search_term_string}\"},\"query-input\":\"required name=search_term_string\"}],\"inLanguage\":\"es\"},{\"@type\":\"Organization\",\"@id\":\"https:\/\/munisanjuansac.org\/msj\/#organization\",\"name\":\"Municipalidad de San Juan Sacatep\u00e9quez\",\"url\":\"https:\/\/munisanjuansac.org\/msj\/\",\"logo\":{\"@type\":\"ImageObject\",\"inLanguage\":\"es\",\"@id\":\"https:\/\/munisanjuansac.org\/msj\/#\/schema\/logo\/image\/\",\"url\":\"https:\/\/munisanjuansac.org\/msj\/wp-content\/uploads\/2023\/11\/LOGO-45-DE-ANCHO-POR-50-DE-ALTO-DERECHO-E-IZQUIERDO-921x1024.png\",\"contentUrl\":\"https:\/\/munisanjuansac.org\/msj\/wp-content\/uploads\/2023\/11\/LOGO-45-DE-ANCHO-POR-50-DE-ALTO-DERECHO-E-IZQUIERDO-921x1024.png\",\"width\":921,\"height\":1024,\"caption\":\"Municipalidad de San Juan Sacatep\u00e9quez\"},\"image\":{\"@id\":\"https:\/\/munisanjuansac.org\/msj\/#\/schema\/logo\/image\/\"},\"sameAs\":[\"https:\/\/www.facebook.com\/MunicipalidadSanJuanSacatepequez\",\"https:\/\/twitter.com\/SanJuanSacatep1\",\"https:\/\/www.youtube.com\/@municipalidadsanjuansacate2849\/videos\",\"https:\/\/www.tiktok.com\/@munisanjuansac?lang=es\",\"https:\/\/www.tiktok.com\/@jc_pellecer?lang=es\"]},{\"@type\":\"Person\",\"@id\":\"https:\/\/munisanjuansac.org\/msj\/#\/schema\/person\/3dbd80d788cab1303a54b46e4399e241\",\"name\":\"wpmunisanj\",\"image\":{\"@type\":\"ImageObject\",\"inLanguage\":\"es\",\"@id\":\"https:\/\/munisanjuansac.org\/msj\/#\/schema\/person\/image\/\",\"url\":\"https:\/\/secure.gravatar.com\/avatar\/88e003d6973f13207bb665a46805695a95cd03126642904f376105f4ae40c297?s=96&d=mm&r=g\",\"contentUrl\":\"https:\/\/secure.gravatar.com\/avatar\/88e003d6973f13207bb665a46805695a95cd03126642904f376105f4ae40c297?s=96&d=mm&r=g\",\"caption\":\"wpmunisanj\"},\"url\":\"https:\/\/munisanjuansac.org\/msj\/author\/wpmunisanj\/\"}]}<\/script>\n<!-- \/ Yoast SEO plugin. -->","yoast_head_json":{"title":"Inauguraci\u00f3n de remozamiento de canchas del Polideportivo \"Jos\u00e9 Carlos Rax\u00f3n\" - Municipalidad de San Juan Sacatep\u00e9quez","robots":{"index":"index","follow":"follow","max-snippet":"max-snippet:-1","max-image-preview":"max-image-preview:large","max-video-preview":"max-video-preview:-1"},"canonical":"https:\/\/munisanjuansac.org\/msj\/inauguracion-de-remozamiento-de-canchas-del-polideportivo-jose-carlos-raxon\/","og_locale":"es_ES","og_type":"article","og_title":"Inauguraci\u00f3n de remozamiento de canchas del Polideportivo \"Jos\u00e9 Carlos Rax\u00f3n\" - Municipalidad de San Juan Sacatep\u00e9quez","og_description":"El pasado fin de semana, ante \u00a0la presencia de vecinos se llevo a cabo la inauguraci\u00f3n de los trabajos de remozamiento de las canchas del Polideportivo \u00abJos\u00e9 Carlos Rax\u00f3n\u00bb. Como&hellip;","og_url":"https:\/\/munisanjuansac.org\/msj\/inauguracion-de-remozamiento-de-canchas-del-polideportivo-jose-carlos-raxon\/","og_site_name":"Municipalidad de San Juan Sacatep\u00e9quez","article_publisher":"https:\/\/www.facebook.com\/MunicipalidadSanJuanSacatepequez","article_published_time":"2018-08-21T22:02:40+00:00","article_modified_time":"2018-08-21T22:24:47+00:00","og_image":[{"width":640,"height":427,"url":"https:\/\/munisanjuansac.org\/msj\/wp-content\/uploads\/2018\/08\/Polideportivo-Jose-Carlos-Raxon.jpg","type":"image\/jpeg"}],"author":"wpmunisanj","twitter_card":"summary_large_image","twitter_creator":"@SanJuanSacatep1","twitter_site":"@SanJuanSacatep1","twitter_misc":{"Escrito por":"wpmunisanj","Tiempo de lectura":"1 minuto"},"schema":{"@context":"https:\/\/schema.org","@graph":[{"@type":"Article","@id":"https:\/\/munisanjuansac.org\/msj\/inauguracion-de-remozamiento-de-canchas-del-polideportivo-jose-carlos-raxon\/#article","isPartOf":{"@id":"https:\/\/munisanjuansac.org\/msj\/inauguracion-de-remozamiento-de-canchas-del-polideportivo-jose-carlos-raxon\/"},"author":{"name":"wpmunisanj","@id":"https:\/\/munisanjuansac.org\/msj\/#\/schema\/person\/3dbd80d788cab1303a54b46e4399e241"},"headline":"Inauguraci\u00f3n de remozamiento de canchas del Polideportivo \u00abJos\u00e9 Carlos Rax\u00f3n\u00bb","datePublished":"2018-08-21T22:02:40+00:00","dateModified":"2018-08-21T22:24:47+00:00","mainEntityOfPage":{"@id":"https:\/\/munisanjuansac.org\/msj\/inauguracion-de-remozamiento-de-canchas-del-polideportivo-jose-carlos-raxon\/"},"wordCount":247,"publisher":{"@id":"https:\/\/munisanjuansac.org\/msj\/#organization"},"articleSection":["CURSOS Y TALLERES"],"inLanguage":"es"},{"@type":"WebPage","@id":"https:\/\/munisanjuansac.org\/msj\/inauguracion-de-remozamiento-de-canchas-del-polideportivo-jose-carlos-raxon\/","url":"https:\/\/munisanjuansac.org\/msj\/inauguracion-de-remozamiento-de-canchas-del-polideportivo-jose-carlos-raxon\/","name":"Inauguraci\u00f3n de remozamiento de canchas del Polideportivo \"Jos\u00e9 Carlos Rax\u00f3n\" - Municipalidad de San Juan Sacatep\u00e9quez","isPartOf":{"@id":"https:\/\/munisanjuansac.org\/msj\/#website"},"datePublished":"2018-08-21T22:02:40+00:00","dateModified":"2018-08-21T22:24:47+00:00","breadcrumb":{"@id":"https:\/\/munisanjuansac.org\/msj\/inauguracion-de-remozamiento-de-canchas-del-polideportivo-jose-carlos-raxon\/#breadcrumb"},"inLanguage":"es","potentialAction":[{"@type":"ReadAction","target":["https:\/\/munisanjuansac.org\/msj\/inauguracion-de-remozamiento-de-canchas-del-polideportivo-jose-carlos-raxon\/"]}]},{"@type":"BreadcrumbList","@id":"https:\/\/munisanjuansac.org\/msj\/inauguracion-de-remozamiento-de-canchas-del-polideportivo-jose-carlos-raxon\/#breadcrumb","itemListElement":[{"@type":"ListItem","position":1,"name":"Portada","item":"https:\/\/munisanjuansac.org\/msj\/"},{"@type":"ListItem","position":2,"name":"Inauguraci\u00f3n de remozamiento de canchas del Polideportivo \u00abJos\u00e9 Carlos Rax\u00f3n\u00bb"}]},{"@type":"WebSite","@id":"https:\/\/munisanjuansac.org\/msj\/#website","url":"https:\/\/munisanjuansac.org\/msj\/","name":"Municipalidad de San Juan Sacatep\u00e9quez","description":"","publisher":{"@id":"https:\/\/munisanjuansac.org\/msj\/#organization"},"potentialAction":[{"@type":"SearchAction","target":{"@type":"EntryPoint","urlTemplate":"https:\/\/munisanjuansac.org\/msj\/?s={search_term_string}"},"query-input":"required name=search_term_string"}],"inLanguage":"es"},{"@type":"Organization","@id":"https:\/\/munisanjuansac.org\/msj\/#organization","name":"Municipalidad de San Juan Sacatep\u00e9quez","url":"https:\/\/munisanjuansac.org\/msj\/","logo":{"@type":"ImageObject","inLanguage":"es","@id":"https:\/\/munisanjuansac.org\/msj\/#\/schema\/logo\/image\/","url":"https:\/\/munisanjuansac.org\/msj\/wp-content\/uploads\/2023\/11\/LOGO-45-DE-ANCHO-POR-50-DE-ALTO-DERECHO-E-IZQUIERDO-921x1024.png","contentUrl":"https:\/\/munisanjuansac.org\/msj\/wp-content\/uploads\/2023\/11\/LOGO-45-DE-ANCHO-POR-50-DE-ALTO-DERECHO-E-IZQUIERDO-921x1024.png","width":921,"height":1024,"caption":"Municipalidad de San Juan Sacatep\u00e9quez"},"image":{"@id":"https:\/\/munisanjuansac.org\/msj\/#\/schema\/logo\/image\/"},"sameAs":["https:\/\/www.facebook.com\/MunicipalidadSanJuanSacatepequez","https:\/\/twitter.com\/SanJuanSacatep1","https:\/\/www.youtube.com\/@municipalidadsanjuansacate2849\/videos","https:\/\/www.tiktok.com\/@munisanjuansac?lang=es","https:\/\/www.tiktok.com\/@jc_pellecer?lang=es"]},{"@type":"Person","@id":"https:\/\/munisanjuansac.org\/msj\/#\/schema\/person\/3dbd80d788cab1303a54b46e4399e241","name":"wpmunisanj","image":{"@type":"ImageObject","inLanguage":"es","@id":"https:\/\/munisanjuansac.org\/msj\/#\/schema\/person\/image\/","url":"https:\/\/secure.gravatar.com\/avatar\/88e003d6973f13207bb665a46805695a95cd03126642904f376105f4ae40c297?s=96&d=mm&r=g","contentUrl":"https:\/\/secure.gravatar.com\/avatar\/88e003d6973f13207bb665a46805695a95cd03126642904f376105f4ae40c297?s=96&d=mm&r=g","caption":"wpmunisanj"},"url":"https:\/\/munisanjuansac.org\/msj\/author\/wpmunisanj\/"}]}},"_links":{"self":[{"href":"https:\/\/munisanjuansac.org\/msj\/wp-json\/wp\/v2\/posts\/1614","targetHints":{"allow":["GET"]}}],"collection":[{"href":"https:\/\/munisanjuansac.org\/msj\/wp-json\/wp\/v2\/posts"}],"about":[{"href":"https:\/\/munisanjuansac.org\/msj\/wp-json\/wp\/v2\/types\/post"}],"author":[{"embeddable":true,"href":"https:\/\/munisanjuansac.org\/msj\/wp-json\/wp\/v2\/users\/1"}],"replies":[{"embeddable":true,"href":"https:\/\/munisanjuansac.org\/msj\/wp-json\/wp\/v2\/comments?post=1614"}],"version-history":[{"count":5,"href":"https:\/\/munisanjuansac.org\/msj\/wp-json\/wp\/v2\/posts\/1614\/revisions"}],"predecessor-version":[{"id":1622,"href":"https:\/\/munisanjuansac.org\/msj\/wp-json\/wp\/v2\/posts\/1614\/revisions\/1622"}],"wp:featuredmedia":[{"embeddable":true,"href":"https:\/\/munisanjuansac.org\/msj\/wp-json\/wp\/v2\/media\/1616"}],"wp:attachment":[{"href":"https:\/\/munisanjuansac.org\/msj\/wp-json\/wp\/v2\/media?parent=1614"}],"wp:term":[{"taxonomy":"category","embeddable":true,"href":"https:\/\/munisanjuansac.org\/msj\/wp-json\/wp\/v2\/categories?post=1614"},{"taxonomy":"post_tag","embeddable":true,"href":"https:\/\/munisanjuansac.org\/msj\/wp-json\/wp\/v2\/tags?post=1614"}],"curies":[{"name":"wp","href":"https:\/\/api.w.org\/{rel}","templated":true}]}}