{"id":1568,"date":"2018-07-25T18:05:49","date_gmt":"2018-07-25T18:05:49","guid":{"rendered":"https:\/\/munisanjuansac.org\/msj\/?p=1568"},"modified":"2018-08-06T20:49:46","modified_gmt":"2018-08-06T20:49:46","slug":"inauguracion-de-planta-de-tratamiento-en-aldea-cerro-alto","status":"publish","type":"post","link":"https:\/\/munisanjuansac.org\/msj\/inauguracion-de-planta-de-tratamiento-en-aldea-cerro-alto\/","title":{"rendered":"Inauguraci\u00f3n de Planta de Tratamiento en Aldea Cerro Alto"},"content":{"rendered":"<p style=\"text-align: justify;\"><a href=\"https:\/\/munisanjuansac.org\/msj\/wp-content\/uploads\/2018\/07\/Inauguracion-de-planta-de-tratamiento-en-Caserio-Pasajoc-y-Sector-La-Esperanza-Cerro-Alto2.jpg\"><img fetchpriority=\"high\" decoding=\"async\" class=\"aligncenter size-full wp-image-1567\" src=\"https:\/\/munisanjuansac.org\/msj\/wp-content\/uploads\/2018\/07\/Inauguracion-de-planta-de-tratamiento-en-Caserio-Pasajoc-y-Sector-La-Esperanza-Cerro-Alto2.jpg\" alt=\"\" width=\"4272\" height=\"2848\" srcset=\"https:\/\/munisanjuansac.org\/msj\/wp-content\/uploads\/2018\/07\/Inauguracion-de-planta-de-tratamiento-en-Caserio-Pasajoc-y-Sector-La-Esperanza-Cerro-Alto2.jpg 4272w, https:\/\/munisanjuansac.org\/msj\/wp-content\/uploads\/2018\/07\/Inauguracion-de-planta-de-tratamiento-en-Caserio-Pasajoc-y-Sector-La-Esperanza-Cerro-Alto2-300x200.jpg 300w, https:\/\/munisanjuansac.org\/msj\/wp-content\/uploads\/2018\/07\/Inauguracion-de-planta-de-tratamiento-en-Caserio-Pasajoc-y-Sector-La-Esperanza-Cerro-Alto2-768x512.jpg 768w, https:\/\/munisanjuansac.org\/msj\/wp-content\/uploads\/2018\/07\/Inauguracion-de-planta-de-tratamiento-en-Caserio-Pasajoc-y-Sector-La-Esperanza-Cerro-Alto2-1024x683.jpg 1024w, https:\/\/munisanjuansac.org\/msj\/wp-content\/uploads\/2018\/07\/Inauguracion-de-planta-de-tratamiento-en-Caserio-Pasajoc-y-Sector-La-Esperanza-Cerro-Alto2-272x182.jpg 272w\" sizes=\"(max-width: 4272px) 100vw, 4272px\" \/><\/a><\/p>\n<p style=\"text-align: justify;\">La Municipalidad de San Juan Sacatep\u00e9quez por medio de la gesti\u00f3n del Alcalde Municipal L\u00e1zaro Pirir, hizo entrega a los vecinos del Caser\u00edo Pasajoc y Sector la Esperanza, Aldea Cerro Alto, una planta de tratamiento de aguas residuales y un sistema de drenaje.<\/p>\n<p style=\"text-align: justify;\">Esta planta tendr\u00e1 como funci\u00f3n, eliminar los contaminantes de las aguas negras o residuales de las comunidades de Cerro Alto, con ello se busca contribuir al cuidado del medio ambiente y a la salud de 200 familias que habitan en el \u00e1rea.<\/p>\n<p style=\"text-align: justify;\">\u00abEste proyecto es de mucho beneficio, evitar\u00e1 la contaminaci\u00f3n en nuestras comunidades, los vecinos estamos muy satisfechos con la labor que realiza la Municipalidad en nuestra aldea\u00bb, coment\u00f3 Roberto Chin Chamal\u00e9, miembro del Consejo Comunitario de Desarrollo Urbano y Rural COCODE.<\/p>\n<p style=\"text-align: justify;\">La actual Administraci\u00f3n Municipal tambi\u00e9n ha ejecutado otras obras en la Aldea Cerro Alto,\u00a0 como la pavimentaci\u00f3n de la calle principal que conduce al Caser\u00edo Pasajoc, construcci\u00f3n de escuela en Los Borores, Los Patzanes,\u00a0tambi\u00e9n\u00a0la conformaci\u00f3n de caminos en varios caser\u00edos.<\/p>\n<p style=\"text-align: justify;\">\n","protected":false},"excerpt":{"rendered":"<p>La Municipalidad de San Juan Sacatep\u00e9quez por medio de la gesti\u00f3n del Alcalde Municipal L\u00e1zaro Pirir, hizo entrega a los vecinos del Caser\u00edo Pasajoc y Sector la Esperanza, Aldea Cerro&hellip;<\/p>\n","protected":false},"author":1,"featured_media":1567,"comment_status":"closed","ping_status":"open","sticky":false,"template":"","format":"standard","meta":{"footnotes":""},"categories":[17],"tags":[],"class_list":["post-1568","post","type-post","status-publish","format-standard","has-post-thumbnail","hentry","category-noticias"],"yoast_head":"<!-- This site is optimized with the Yoast SEO plugin v22.0 - https:\/\/yoast.com\/wordpress\/plugins\/seo\/ -->\n<title>Inauguraci\u00f3n de Planta de Tratamiento en Aldea Cerro Alto - Municipalidad de San Juan Sacatep\u00e9quez<\/title>\n<meta name=\"robots\" content=\"index, follow, max-snippet:-1, max-image-preview:large, max-video-preview:-1\" \/>\n<link rel=\"canonical\" href=\"https:\/\/munisanjuansac.org\/msj\/inauguracion-de-planta-de-tratamiento-en-aldea-cerro-alto\/\" \/>\n<meta property=\"og:locale\" content=\"es_ES\" \/>\n<meta property=\"og:type\" content=\"article\" \/>\n<meta property=\"og:title\" content=\"Inauguraci\u00f3n de Planta de Tratamiento en Aldea Cerro Alto - Municipalidad de San Juan Sacatep\u00e9quez\" \/>\n<meta property=\"og:description\" content=\"La Municipalidad de San Juan Sacatep\u00e9quez por medio de la gesti\u00f3n del Alcalde Municipal L\u00e1zaro Pirir, hizo entrega a los vecinos del Caser\u00edo Pasajoc y Sector la Esperanza, Aldea Cerro&hellip;\" \/>\n<meta property=\"og:url\" content=\"https:\/\/munisanjuansac.org\/msj\/inauguracion-de-planta-de-tratamiento-en-aldea-cerro-alto\/\" \/>\n<meta property=\"og:site_name\" content=\"Municipalidad de San Juan Sacatep\u00e9quez\" \/>\n<meta property=\"article:publisher\" content=\"https:\/\/www.facebook.com\/MunicipalidadSanJuanSacatepequez\" \/>\n<meta property=\"article:published_time\" content=\"2018-07-25T18:05:49+00:00\" \/>\n<meta property=\"article:modified_time\" content=\"2018-08-06T20:49:46+00:00\" \/>\n<meta property=\"og:image\" content=\"https:\/\/munisanjuansac.org\/msj\/wp-content\/uploads\/2018\/07\/Inauguracion-de-planta-de-tratamiento-en-Caserio-Pasajoc-y-Sector-La-Esperanza-Cerro-Alto2.jpg\" \/>\n\t<meta property=\"og:image:width\" content=\"4272\" \/>\n\t<meta property=\"og:image:height\" content=\"2848\" \/>\n\t<meta property=\"og:image:type\" content=\"image\/jpeg\" \/>\n<meta name=\"author\" content=\"wpmunisanj\" \/>\n<meta name=\"twitter:card\" content=\"summary_large_image\" \/>\n<meta name=\"twitter:creator\" content=\"@SanJuanSacatep1\" \/>\n<meta name=\"twitter:site\" content=\"@SanJuanSacatep1\" \/>\n<meta name=\"twitter:label1\" content=\"Escrito por\" \/>\n\t<meta name=\"twitter:data1\" content=\"wpmunisanj\" \/>\n\t<meta name=\"twitter:label2\" content=\"Tiempo de lectura\" \/>\n\t<meta name=\"twitter:data2\" content=\"1 minuto\" \/>\n<script type=\"application\/ld+json\" class=\"yoast-schema-graph\">{\"@context\":\"https:\/\/schema.org\",\"@graph\":[{\"@type\":\"Article\",\"@id\":\"https:\/\/munisanjuansac.org\/msj\/inauguracion-de-planta-de-tratamiento-en-aldea-cerro-alto\/#article\",\"isPartOf\":{\"@id\":\"https:\/\/munisanjuansac.org\/msj\/inauguracion-de-planta-de-tratamiento-en-aldea-cerro-alto\/\"},\"author\":{\"name\":\"wpmunisanj\",\"@id\":\"https:\/\/munisanjuansac.org\/msj\/#\/schema\/person\/3dbd80d788cab1303a54b46e4399e241\"},\"headline\":\"Inauguraci\u00f3n de Planta de Tratamiento en Aldea Cerro Alto\",\"datePublished\":\"2018-07-25T18:05:49+00:00\",\"dateModified\":\"2018-08-06T20:49:46+00:00\",\"mainEntityOfPage\":{\"@id\":\"https:\/\/munisanjuansac.org\/msj\/inauguracion-de-planta-de-tratamiento-en-aldea-cerro-alto\/\"},\"wordCount\":191,\"publisher\":{\"@id\":\"https:\/\/munisanjuansac.org\/msj\/#organization\"},\"articleSection\":[\"CURSOS Y TALLERES\"],\"inLanguage\":\"es\"},{\"@type\":\"WebPage\",\"@id\":\"https:\/\/munisanjuansac.org\/msj\/inauguracion-de-planta-de-tratamiento-en-aldea-cerro-alto\/\",\"url\":\"https:\/\/munisanjuansac.org\/msj\/inauguracion-de-planta-de-tratamiento-en-aldea-cerro-alto\/\",\"name\":\"Inauguraci\u00f3n de Planta de Tratamiento en Aldea Cerro Alto - Municipalidad de San Juan Sacatep\u00e9quez\",\"isPartOf\":{\"@id\":\"https:\/\/munisanjuansac.org\/msj\/#website\"},\"datePublished\":\"2018-07-25T18:05:49+00:00\",\"dateModified\":\"2018-08-06T20:49:46+00:00\",\"breadcrumb\":{\"@id\":\"https:\/\/munisanjuansac.org\/msj\/inauguracion-de-planta-de-tratamiento-en-aldea-cerro-alto\/#breadcrumb\"},\"inLanguage\":\"es\",\"potentialAction\":[{\"@type\":\"ReadAction\",\"target\":[\"https:\/\/munisanjuansac.org\/msj\/inauguracion-de-planta-de-tratamiento-en-aldea-cerro-alto\/\"]}]},{\"@type\":\"BreadcrumbList\",\"@id\":\"https:\/\/munisanjuansac.org\/msj\/inauguracion-de-planta-de-tratamiento-en-aldea-cerro-alto\/#breadcrumb\",\"itemListElement\":[{\"@type\":\"ListItem\",\"position\":1,\"name\":\"Portada\",\"item\":\"https:\/\/munisanjuansac.org\/msj\/\"},{\"@type\":\"ListItem\",\"position\":2,\"name\":\"Inauguraci\u00f3n de Planta de Tratamiento en Aldea Cerro Alto\"}]},{\"@type\":\"WebSite\",\"@id\":\"https:\/\/munisanjuansac.org\/msj\/#website\",\"url\":\"https:\/\/munisanjuansac.org\/msj\/\",\"name\":\"Municipalidad de San Juan Sacatep\u00e9quez\",\"description\":\"\",\"publisher\":{\"@id\":\"https:\/\/munisanjuansac.org\/msj\/#organization\"},\"potentialAction\":[{\"@type\":\"SearchAction\",\"target\":{\"@type\":\"EntryPoint\",\"urlTemplate\":\"https:\/\/munisanjuansac.org\/msj\/?s={search_term_string}\"},\"query-input\":\"required name=search_term_string\"}],\"inLanguage\":\"es\"},{\"@type\":\"Organization\",\"@id\":\"https:\/\/munisanjuansac.org\/msj\/#organization\",\"name\":\"Municipalidad de San Juan Sacatep\u00e9quez\",\"url\":\"https:\/\/munisanjuansac.org\/msj\/\",\"logo\":{\"@type\":\"ImageObject\",\"inLanguage\":\"es\",\"@id\":\"https:\/\/munisanjuansac.org\/msj\/#\/schema\/logo\/image\/\",\"url\":\"https:\/\/munisanjuansac.org\/msj\/wp-content\/uploads\/2023\/11\/LOGO-45-DE-ANCHO-POR-50-DE-ALTO-DERECHO-E-IZQUIERDO-921x1024.png\",\"contentUrl\":\"https:\/\/munisanjuansac.org\/msj\/wp-content\/uploads\/2023\/11\/LOGO-45-DE-ANCHO-POR-50-DE-ALTO-DERECHO-E-IZQUIERDO-921x1024.png\",\"width\":921,\"height\":1024,\"caption\":\"Municipalidad de San Juan Sacatep\u00e9quez\"},\"image\":{\"@id\":\"https:\/\/munisanjuansac.org\/msj\/#\/schema\/logo\/image\/\"},\"sameAs\":[\"https:\/\/www.facebook.com\/MunicipalidadSanJuanSacatepequez\",\"https:\/\/twitter.com\/SanJuanSacatep1\",\"https:\/\/www.youtube.com\/@municipalidadsanjuansacate2849\/videos\",\"https:\/\/www.tiktok.com\/@munisanjuansac?lang=es\",\"https:\/\/www.tiktok.com\/@jc_pellecer?lang=es\"]},{\"@type\":\"Person\",\"@id\":\"https:\/\/munisanjuansac.org\/msj\/#\/schema\/person\/3dbd80d788cab1303a54b46e4399e241\",\"name\":\"wpmunisanj\",\"image\":{\"@type\":\"ImageObject\",\"inLanguage\":\"es\",\"@id\":\"https:\/\/munisanjuansac.org\/msj\/#\/schema\/person\/image\/\",\"url\":\"https:\/\/secure.gravatar.com\/avatar\/88e003d6973f13207bb665a46805695a95cd03126642904f376105f4ae40c297?s=96&d=mm&r=g\",\"contentUrl\":\"https:\/\/secure.gravatar.com\/avatar\/88e003d6973f13207bb665a46805695a95cd03126642904f376105f4ae40c297?s=96&d=mm&r=g\",\"caption\":\"wpmunisanj\"},\"url\":\"https:\/\/munisanjuansac.org\/msj\/author\/wpmunisanj\/\"}]}<\/script>\n<!-- \/ Yoast SEO plugin. -->","yoast_head_json":{"title":"Inauguraci\u00f3n de Planta de Tratamiento en Aldea Cerro Alto - Municipalidad de San Juan Sacatep\u00e9quez","robots":{"index":"index","follow":"follow","max-snippet":"max-snippet:-1","max-image-preview":"max-image-preview:large","max-video-preview":"max-video-preview:-1"},"canonical":"https:\/\/munisanjuansac.org\/msj\/inauguracion-de-planta-de-tratamiento-en-aldea-cerro-alto\/","og_locale":"es_ES","og_type":"article","og_title":"Inauguraci\u00f3n de Planta de Tratamiento en Aldea Cerro Alto - Municipalidad de San Juan Sacatep\u00e9quez","og_description":"La Municipalidad de San Juan Sacatep\u00e9quez por medio de la gesti\u00f3n del Alcalde Municipal L\u00e1zaro Pirir, hizo entrega a los vecinos del Caser\u00edo Pasajoc y Sector la Esperanza, Aldea Cerro&hellip;","og_url":"https:\/\/munisanjuansac.org\/msj\/inauguracion-de-planta-de-tratamiento-en-aldea-cerro-alto\/","og_site_name":"Municipalidad de San Juan Sacatep\u00e9quez","article_publisher":"https:\/\/www.facebook.com\/MunicipalidadSanJuanSacatepequez","article_published_time":"2018-07-25T18:05:49+00:00","article_modified_time":"2018-08-06T20:49:46+00:00","og_image":[{"width":4272,"height":2848,"url":"https:\/\/munisanjuansac.org\/msj\/wp-content\/uploads\/2018\/07\/Inauguracion-de-planta-de-tratamiento-en-Caserio-Pasajoc-y-Sector-La-Esperanza-Cerro-Alto2.jpg","type":"image\/jpeg"}],"author":"wpmunisanj","twitter_card":"summary_large_image","twitter_creator":"@SanJuanSacatep1","twitter_site":"@SanJuanSacatep1","twitter_misc":{"Escrito por":"wpmunisanj","Tiempo de lectura":"1 minuto"},"schema":{"@context":"https:\/\/schema.org","@graph":[{"@type":"Article","@id":"https:\/\/munisanjuansac.org\/msj\/inauguracion-de-planta-de-tratamiento-en-aldea-cerro-alto\/#article","isPartOf":{"@id":"https:\/\/munisanjuansac.org\/msj\/inauguracion-de-planta-de-tratamiento-en-aldea-cerro-alto\/"},"author":{"name":"wpmunisanj","@id":"https:\/\/munisanjuansac.org\/msj\/#\/schema\/person\/3dbd80d788cab1303a54b46e4399e241"},"headline":"Inauguraci\u00f3n de Planta de Tratamiento en Aldea Cerro Alto","datePublished":"2018-07-25T18:05:49+00:00","dateModified":"2018-08-06T20:49:46+00:00","mainEntityOfPage":{"@id":"https:\/\/munisanjuansac.org\/msj\/inauguracion-de-planta-de-tratamiento-en-aldea-cerro-alto\/"},"wordCount":191,"publisher":{"@id":"https:\/\/munisanjuansac.org\/msj\/#organization"},"articleSection":["CURSOS Y TALLERES"],"inLanguage":"es"},{"@type":"WebPage","@id":"https:\/\/munisanjuansac.org\/msj\/inauguracion-de-planta-de-tratamiento-en-aldea-cerro-alto\/","url":"https:\/\/munisanjuansac.org\/msj\/inauguracion-de-planta-de-tratamiento-en-aldea-cerro-alto\/","name":"Inauguraci\u00f3n de Planta de Tratamiento en Aldea Cerro Alto - Municipalidad de San Juan Sacatep\u00e9quez","isPartOf":{"@id":"https:\/\/munisanjuansac.org\/msj\/#website"},"datePublished":"2018-07-25T18:05:49+00:00","dateModified":"2018-08-06T20:49:46+00:00","breadcrumb":{"@id":"https:\/\/munisanjuansac.org\/msj\/inauguracion-de-planta-de-tratamiento-en-aldea-cerro-alto\/#breadcrumb"},"inLanguage":"es","potentialAction":[{"@type":"ReadAction","target":["https:\/\/munisanjuansac.org\/msj\/inauguracion-de-planta-de-tratamiento-en-aldea-cerro-alto\/"]}]},{"@type":"BreadcrumbList","@id":"https:\/\/munisanjuansac.org\/msj\/inauguracion-de-planta-de-tratamiento-en-aldea-cerro-alto\/#breadcrumb","itemListElement":[{"@type":"ListItem","position":1,"name":"Portada","item":"https:\/\/munisanjuansac.org\/msj\/"},{"@type":"ListItem","position":2,"name":"Inauguraci\u00f3n de Planta de Tratamiento en Aldea Cerro Alto"}]},{"@type":"WebSite","@id":"https:\/\/munisanjuansac.org\/msj\/#website","url":"https:\/\/munisanjuansac.org\/msj\/","name":"Municipalidad de San Juan Sacatep\u00e9quez","description":"","publisher":{"@id":"https:\/\/munisanjuansac.org\/msj\/#organization"},"potentialAction":[{"@type":"SearchAction","target":{"@type":"EntryPoint","urlTemplate":"https:\/\/munisanjuansac.org\/msj\/?s={search_term_string}"},"query-input":"required name=search_term_string"}],"inLanguage":"es"},{"@type":"Organization","@id":"https:\/\/munisanjuansac.org\/msj\/#organization","name":"Municipalidad de San Juan Sacatep\u00e9quez","url":"https:\/\/munisanjuansac.org\/msj\/","logo":{"@type":"ImageObject","inLanguage":"es","@id":"https:\/\/munisanjuansac.org\/msj\/#\/schema\/logo\/image\/","url":"https:\/\/munisanjuansac.org\/msj\/wp-content\/uploads\/2023\/11\/LOGO-45-DE-ANCHO-POR-50-DE-ALTO-DERECHO-E-IZQUIERDO-921x1024.png","contentUrl":"https:\/\/munisanjuansac.org\/msj\/wp-content\/uploads\/2023\/11\/LOGO-45-DE-ANCHO-POR-50-DE-ALTO-DERECHO-E-IZQUIERDO-921x1024.png","width":921,"height":1024,"caption":"Municipalidad de San Juan Sacatep\u00e9quez"},"image":{"@id":"https:\/\/munisanjuansac.org\/msj\/#\/schema\/logo\/image\/"},"sameAs":["https:\/\/www.facebook.com\/MunicipalidadSanJuanSacatepequez","https:\/\/twitter.com\/SanJuanSacatep1","https:\/\/www.youtube.com\/@municipalidadsanjuansacate2849\/videos","https:\/\/www.tiktok.com\/@munisanjuansac?lang=es","https:\/\/www.tiktok.com\/@jc_pellecer?lang=es"]},{"@type":"Person","@id":"https:\/\/munisanjuansac.org\/msj\/#\/schema\/person\/3dbd80d788cab1303a54b46e4399e241","name":"wpmunisanj","image":{"@type":"ImageObject","inLanguage":"es","@id":"https:\/\/munisanjuansac.org\/msj\/#\/schema\/person\/image\/","url":"https:\/\/secure.gravatar.com\/avatar\/88e003d6973f13207bb665a46805695a95cd03126642904f376105f4ae40c297?s=96&d=mm&r=g","contentUrl":"https:\/\/secure.gravatar.com\/avatar\/88e003d6973f13207bb665a46805695a95cd03126642904f376105f4ae40c297?s=96&d=mm&r=g","caption":"wpmunisanj"},"url":"https:\/\/munisanjuansac.org\/msj\/author\/wpmunisanj\/"}]}},"_links":{"self":[{"href":"https:\/\/munisanjuansac.org\/msj\/wp-json\/wp\/v2\/posts\/1568","targetHints":{"allow":["GET"]}}],"collection":[{"href":"https:\/\/munisanjuansac.org\/msj\/wp-json\/wp\/v2\/posts"}],"about":[{"href":"https:\/\/munisanjuansac.org\/msj\/wp-json\/wp\/v2\/types\/post"}],"author":[{"embeddable":true,"href":"https:\/\/munisanjuansac.org\/msj\/wp-json\/wp\/v2\/users\/1"}],"replies":[{"embeddable":true,"href":"https:\/\/munisanjuansac.org\/msj\/wp-json\/wp\/v2\/comments?post=1568"}],"version-history":[{"count":5,"href":"https:\/\/munisanjuansac.org\/msj\/wp-json\/wp\/v2\/posts\/1568\/revisions"}],"predecessor-version":[{"id":1588,"href":"https:\/\/munisanjuansac.org\/msj\/wp-json\/wp\/v2\/posts\/1568\/revisions\/1588"}],"wp:featuredmedia":[{"embeddable":true,"href":"https:\/\/munisanjuansac.org\/msj\/wp-json\/wp\/v2\/media\/1567"}],"wp:attachment":[{"href":"https:\/\/munisanjuansac.org\/msj\/wp-json\/wp\/v2\/media?parent=1568"}],"wp:term":[{"taxonomy":"category","embeddable":true,"href":"https:\/\/munisanjuansac.org\/msj\/wp-json\/wp\/v2\/categories?post=1568"},{"taxonomy":"post_tag","embeddable":true,"href":"https:\/\/munisanjuansac.org\/msj\/wp-json\/wp\/v2\/tags?post=1568"}],"curies":[{"name":"wp","href":"https:\/\/api.w.org\/{rel}","templated":true}]}}