{"id":1483,"date":"2018-05-30T23:04:21","date_gmt":"2018-05-30T23:04:21","guid":{"rendered":"https:\/\/munisanjuansac.org\/msj\/?p=1483"},"modified":"2018-05-30T23:05:11","modified_gmt":"2018-05-30T23:05:11","slug":"conformacion-y-balasto-de-camino-en-pachun-y-caneles","status":"publish","type":"post","link":"https:\/\/munisanjuansac.org\/msj\/conformacion-y-balasto-de-camino-en-pachun-y-caneles\/","title":{"rendered":"Conformaci\u00f3n y balasto de camino en Pach\u00fan y Caneles"},"content":{"rendered":"<p style=\"text-align: justify;\"><a href=\"https:\/\/munisanjuansac.org\/msj\/wp-content\/uploads\/2018\/05\/Conformaci\u00f3n-y-balasto-de-camino-pachun-y-caneles-Aldea-Montufar.jpg\"><img fetchpriority=\"high\" decoding=\"async\" class=\"aligncenter size-full wp-image-1482\" src=\"https:\/\/munisanjuansac.org\/msj\/wp-content\/uploads\/2018\/05\/Conformaci\u00f3n-y-balasto-de-camino-pachun-y-caneles-Aldea-Montufar.jpg\" alt=\"\" width=\"4272\" height=\"2848\" srcset=\"https:\/\/munisanjuansac.org\/msj\/wp-content\/uploads\/2018\/05\/Conformaci\u00f3n-y-balasto-de-camino-pachun-y-caneles-Aldea-Montufar.jpg 4272w, https:\/\/munisanjuansac.org\/msj\/wp-content\/uploads\/2018\/05\/Conformaci\u00f3n-y-balasto-de-camino-pachun-y-caneles-Aldea-Montufar-300x200.jpg 300w, https:\/\/munisanjuansac.org\/msj\/wp-content\/uploads\/2018\/05\/Conformaci\u00f3n-y-balasto-de-camino-pachun-y-caneles-Aldea-Montufar-768x512.jpg 768w, https:\/\/munisanjuansac.org\/msj\/wp-content\/uploads\/2018\/05\/Conformaci\u00f3n-y-balasto-de-camino-pachun-y-caneles-Aldea-Montufar-1024x683.jpg 1024w, https:\/\/munisanjuansac.org\/msj\/wp-content\/uploads\/2018\/05\/Conformaci\u00f3n-y-balasto-de-camino-pachun-y-caneles-Aldea-Montufar-272x182.jpg 272w\" sizes=\"(max-width: 4272px) 100vw, 4272px\" \/><\/a><\/p>\n<p style=\"text-align: justify;\">Maquinaria y personal de la Municipalidad de San Juan Sacatep\u00e9quez, trabajaron en la conformaci\u00f3n y balasto de 6 kil\u00f3metros de camino que comprende desde el ingreso al Caser\u00edo Pach\u00fan hac\u00eda Caneles, Aldea Mont\u00fafar.<\/p>\n<p style=\"text-align: justify;\">\u00abDesde hace 8 a\u00f1os que el camino no se le brindaba mantenimiento. En invierno tenemos que caminar hasta la carretera principal para trasladarnos, porque los buses no pueden ingresar, se quedaban atascados\u00bb, dijo Francisco Boch Sequ\u00e8n, presidente del Consejo Comunitario de Desarrollo Urbano y Rural, COCODE del Caser\u00edo Los Caneles.<\/p>\n<p style=\"text-align: justify;\">Estas labores se vienen intensificando especialmente en apoyo a las comunidades de nuestro municipio, cuyos pobladores requieren de caminos en buenas condiciones para poder desplazarse.<\/p>\n<p style=\"text-align: justify;\"><a href=\"https:\/\/munisanjuansac.org\/msj\/wp-content\/uploads\/2018\/05\/Conformaci\u00f3n-y-balasto-de-camino-pachun-y-caneles-Aldea-Montufar2.jpg\"><img decoding=\"async\" class=\"aligncenter size-full wp-image-1481\" src=\"https:\/\/munisanjuansac.org\/msj\/wp-content\/uploads\/2018\/05\/Conformaci\u00f3n-y-balasto-de-camino-pachun-y-caneles-Aldea-Montufar2.jpg\" alt=\"\" width=\"4272\" height=\"2848\" srcset=\"https:\/\/munisanjuansac.org\/msj\/wp-content\/uploads\/2018\/05\/Conformaci\u00f3n-y-balasto-de-camino-pachun-y-caneles-Aldea-Montufar2.jpg 4272w, https:\/\/munisanjuansac.org\/msj\/wp-content\/uploads\/2018\/05\/Conformaci\u00f3n-y-balasto-de-camino-pachun-y-caneles-Aldea-Montufar2-300x200.jpg 300w, https:\/\/munisanjuansac.org\/msj\/wp-content\/uploads\/2018\/05\/Conformaci\u00f3n-y-balasto-de-camino-pachun-y-caneles-Aldea-Montufar2-768x512.jpg 768w, https:\/\/munisanjuansac.org\/msj\/wp-content\/uploads\/2018\/05\/Conformaci\u00f3n-y-balasto-de-camino-pachun-y-caneles-Aldea-Montufar2-1024x683.jpg 1024w, https:\/\/munisanjuansac.org\/msj\/wp-content\/uploads\/2018\/05\/Conformaci\u00f3n-y-balasto-de-camino-pachun-y-caneles-Aldea-Montufar2-272x182.jpg 272w\" sizes=\"(max-width: 4272px) 100vw, 4272px\" \/><\/a><\/p>\n","protected":false},"excerpt":{"rendered":"<p>Maquinaria y personal de la Municipalidad de San Juan Sacatep\u00e9quez, trabajaron en la conformaci\u00f3n y balasto de 6 kil\u00f3metros de camino que comprende desde el ingreso al Caser\u00edo Pach\u00fan hac\u00eda&hellip;<\/p>\n","protected":false},"author":1,"featured_media":1482,"comment_status":"closed","ping_status":"open","sticky":false,"template":"","format":"standard","meta":{"footnotes":""},"categories":[17],"tags":[],"class_list":["post-1483","post","type-post","status-publish","format-standard","has-post-thumbnail","hentry","category-noticias"],"yoast_head":"<!-- This site is optimized with the Yoast SEO plugin v22.0 - https:\/\/yoast.com\/wordpress\/plugins\/seo\/ -->\n<title>Conformaci\u00f3n y balasto de camino en Pach\u00fan y Caneles - Municipalidad de San Juan Sacatep\u00e9quez<\/title>\n<meta name=\"robots\" content=\"index, follow, max-snippet:-1, max-image-preview:large, max-video-preview:-1\" \/>\n<link rel=\"canonical\" href=\"https:\/\/munisanjuansac.org\/msj\/conformacion-y-balasto-de-camino-en-pachun-y-caneles\/\" \/>\n<meta property=\"og:locale\" content=\"es_ES\" \/>\n<meta property=\"og:type\" content=\"article\" \/>\n<meta property=\"og:title\" content=\"Conformaci\u00f3n y balasto de camino en Pach\u00fan y Caneles - Municipalidad de San Juan Sacatep\u00e9quez\" \/>\n<meta property=\"og:description\" content=\"Maquinaria y personal de la Municipalidad de San Juan Sacatep\u00e9quez, trabajaron en la conformaci\u00f3n y balasto de 6 kil\u00f3metros de camino que comprende desde el ingreso al Caser\u00edo Pach\u00fan hac\u00eda&hellip;\" \/>\n<meta property=\"og:url\" content=\"https:\/\/munisanjuansac.org\/msj\/conformacion-y-balasto-de-camino-en-pachun-y-caneles\/\" \/>\n<meta property=\"og:site_name\" content=\"Municipalidad de San Juan Sacatep\u00e9quez\" \/>\n<meta property=\"article:publisher\" content=\"https:\/\/www.facebook.com\/MunicipalidadSanJuanSacatepequez\" \/>\n<meta property=\"article:published_time\" content=\"2018-05-30T23:04:21+00:00\" \/>\n<meta property=\"article:modified_time\" content=\"2018-05-30T23:05:11+00:00\" \/>\n<meta property=\"og:image\" content=\"https:\/\/munisanjuansac.org\/msj\/wp-content\/uploads\/2018\/05\/Conformaci\u00f3n-y-balasto-de-camino-pachun-y-caneles-Aldea-Montufar.jpg\" \/>\n\t<meta property=\"og:image:width\" content=\"4272\" \/>\n\t<meta property=\"og:image:height\" content=\"2848\" \/>\n\t<meta property=\"og:image:type\" content=\"image\/jpeg\" \/>\n<meta name=\"author\" content=\"wpmunisanj\" \/>\n<meta name=\"twitter:card\" content=\"summary_large_image\" \/>\n<meta name=\"twitter:creator\" content=\"@SanJuanSacatep1\" \/>\n<meta name=\"twitter:site\" content=\"@SanJuanSacatep1\" \/>\n<meta name=\"twitter:label1\" content=\"Escrito por\" \/>\n\t<meta name=\"twitter:data1\" content=\"wpmunisanj\" \/>\n\t<meta name=\"twitter:label2\" content=\"Tiempo de lectura\" \/>\n\t<meta name=\"twitter:data2\" content=\"1 minuto\" \/>\n<script type=\"application\/ld+json\" class=\"yoast-schema-graph\">{\"@context\":\"https:\/\/schema.org\",\"@graph\":[{\"@type\":\"Article\",\"@id\":\"https:\/\/munisanjuansac.org\/msj\/conformacion-y-balasto-de-camino-en-pachun-y-caneles\/#article\",\"isPartOf\":{\"@id\":\"https:\/\/munisanjuansac.org\/msj\/conformacion-y-balasto-de-camino-en-pachun-y-caneles\/\"},\"author\":{\"name\":\"wpmunisanj\",\"@id\":\"https:\/\/munisanjuansac.org\/msj\/#\/schema\/person\/3dbd80d788cab1303a54b46e4399e241\"},\"headline\":\"Conformaci\u00f3n y balasto de camino en Pach\u00fan y Caneles\",\"datePublished\":\"2018-05-30T23:04:21+00:00\",\"dateModified\":\"2018-05-30T23:05:11+00:00\",\"mainEntityOfPage\":{\"@id\":\"https:\/\/munisanjuansac.org\/msj\/conformacion-y-balasto-de-camino-en-pachun-y-caneles\/\"},\"wordCount\":127,\"publisher\":{\"@id\":\"https:\/\/munisanjuansac.org\/msj\/#organization\"},\"articleSection\":[\"CURSOS Y TALLERES\"],\"inLanguage\":\"es\"},{\"@type\":\"WebPage\",\"@id\":\"https:\/\/munisanjuansac.org\/msj\/conformacion-y-balasto-de-camino-en-pachun-y-caneles\/\",\"url\":\"https:\/\/munisanjuansac.org\/msj\/conformacion-y-balasto-de-camino-en-pachun-y-caneles\/\",\"name\":\"Conformaci\u00f3n y balasto de camino en Pach\u00fan y Caneles - Municipalidad de San Juan Sacatep\u00e9quez\",\"isPartOf\":{\"@id\":\"https:\/\/munisanjuansac.org\/msj\/#website\"},\"datePublished\":\"2018-05-30T23:04:21+00:00\",\"dateModified\":\"2018-05-30T23:05:11+00:00\",\"breadcrumb\":{\"@id\":\"https:\/\/munisanjuansac.org\/msj\/conformacion-y-balasto-de-camino-en-pachun-y-caneles\/#breadcrumb\"},\"inLanguage\":\"es\",\"potentialAction\":[{\"@type\":\"ReadAction\",\"target\":[\"https:\/\/munisanjuansac.org\/msj\/conformacion-y-balasto-de-camino-en-pachun-y-caneles\/\"]}]},{\"@type\":\"BreadcrumbList\",\"@id\":\"https:\/\/munisanjuansac.org\/msj\/conformacion-y-balasto-de-camino-en-pachun-y-caneles\/#breadcrumb\",\"itemListElement\":[{\"@type\":\"ListItem\",\"position\":1,\"name\":\"Portada\",\"item\":\"https:\/\/munisanjuansac.org\/msj\/\"},{\"@type\":\"ListItem\",\"position\":2,\"name\":\"Conformaci\u00f3n y balasto de camino en Pach\u00fan y Caneles\"}]},{\"@type\":\"WebSite\",\"@id\":\"https:\/\/munisanjuansac.org\/msj\/#website\",\"url\":\"https:\/\/munisanjuansac.org\/msj\/\",\"name\":\"Municipalidad de San Juan Sacatep\u00e9quez\",\"description\":\"\",\"publisher\":{\"@id\":\"https:\/\/munisanjuansac.org\/msj\/#organization\"},\"potentialAction\":[{\"@type\":\"SearchAction\",\"target\":{\"@type\":\"EntryPoint\",\"urlTemplate\":\"https:\/\/munisanjuansac.org\/msj\/?s={search_term_string}\"},\"query-input\":\"required name=search_term_string\"}],\"inLanguage\":\"es\"},{\"@type\":\"Organization\",\"@id\":\"https:\/\/munisanjuansac.org\/msj\/#organization\",\"name\":\"Municipalidad de San Juan Sacatep\u00e9quez\",\"url\":\"https:\/\/munisanjuansac.org\/msj\/\",\"logo\":{\"@type\":\"ImageObject\",\"inLanguage\":\"es\",\"@id\":\"https:\/\/munisanjuansac.org\/msj\/#\/schema\/logo\/image\/\",\"url\":\"https:\/\/munisanjuansac.org\/msj\/wp-content\/uploads\/2023\/11\/LOGO-45-DE-ANCHO-POR-50-DE-ALTO-DERECHO-E-IZQUIERDO-921x1024.png\",\"contentUrl\":\"https:\/\/munisanjuansac.org\/msj\/wp-content\/uploads\/2023\/11\/LOGO-45-DE-ANCHO-POR-50-DE-ALTO-DERECHO-E-IZQUIERDO-921x1024.png\",\"width\":921,\"height\":1024,\"caption\":\"Municipalidad de San Juan Sacatep\u00e9quez\"},\"image\":{\"@id\":\"https:\/\/munisanjuansac.org\/msj\/#\/schema\/logo\/image\/\"},\"sameAs\":[\"https:\/\/www.facebook.com\/MunicipalidadSanJuanSacatepequez\",\"https:\/\/twitter.com\/SanJuanSacatep1\",\"https:\/\/www.youtube.com\/@municipalidadsanjuansacate2849\/videos\",\"https:\/\/www.tiktok.com\/@munisanjuansac?lang=es\",\"https:\/\/www.tiktok.com\/@jc_pellecer?lang=es\"]},{\"@type\":\"Person\",\"@id\":\"https:\/\/munisanjuansac.org\/msj\/#\/schema\/person\/3dbd80d788cab1303a54b46e4399e241\",\"name\":\"wpmunisanj\",\"image\":{\"@type\":\"ImageObject\",\"inLanguage\":\"es\",\"@id\":\"https:\/\/munisanjuansac.org\/msj\/#\/schema\/person\/image\/\",\"url\":\"https:\/\/secure.gravatar.com\/avatar\/88e003d6973f13207bb665a46805695a95cd03126642904f376105f4ae40c297?s=96&d=mm&r=g\",\"contentUrl\":\"https:\/\/secure.gravatar.com\/avatar\/88e003d6973f13207bb665a46805695a95cd03126642904f376105f4ae40c297?s=96&d=mm&r=g\",\"caption\":\"wpmunisanj\"},\"url\":\"https:\/\/munisanjuansac.org\/msj\/author\/wpmunisanj\/\"}]}<\/script>\n<!-- \/ Yoast SEO plugin. -->","yoast_head_json":{"title":"Conformaci\u00f3n y balasto de camino en Pach\u00fan y Caneles - Municipalidad de San Juan Sacatep\u00e9quez","robots":{"index":"index","follow":"follow","max-snippet":"max-snippet:-1","max-image-preview":"max-image-preview:large","max-video-preview":"max-video-preview:-1"},"canonical":"https:\/\/munisanjuansac.org\/msj\/conformacion-y-balasto-de-camino-en-pachun-y-caneles\/","og_locale":"es_ES","og_type":"article","og_title":"Conformaci\u00f3n y balasto de camino en Pach\u00fan y Caneles - Municipalidad de San Juan Sacatep\u00e9quez","og_description":"Maquinaria y personal de la Municipalidad de San Juan Sacatep\u00e9quez, trabajaron en la conformaci\u00f3n y balasto de 6 kil\u00f3metros de camino que comprende desde el ingreso al Caser\u00edo Pach\u00fan hac\u00eda&hellip;","og_url":"https:\/\/munisanjuansac.org\/msj\/conformacion-y-balasto-de-camino-en-pachun-y-caneles\/","og_site_name":"Municipalidad de San Juan Sacatep\u00e9quez","article_publisher":"https:\/\/www.facebook.com\/MunicipalidadSanJuanSacatepequez","article_published_time":"2018-05-30T23:04:21+00:00","article_modified_time":"2018-05-30T23:05:11+00:00","og_image":[{"width":4272,"height":2848,"url":"https:\/\/munisanjuansac.org\/msj\/wp-content\/uploads\/2018\/05\/Conformaci\u00f3n-y-balasto-de-camino-pachun-y-caneles-Aldea-Montufar.jpg","type":"image\/jpeg"}],"author":"wpmunisanj","twitter_card":"summary_large_image","twitter_creator":"@SanJuanSacatep1","twitter_site":"@SanJuanSacatep1","twitter_misc":{"Escrito por":"wpmunisanj","Tiempo de lectura":"1 minuto"},"schema":{"@context":"https:\/\/schema.org","@graph":[{"@type":"Article","@id":"https:\/\/munisanjuansac.org\/msj\/conformacion-y-balasto-de-camino-en-pachun-y-caneles\/#article","isPartOf":{"@id":"https:\/\/munisanjuansac.org\/msj\/conformacion-y-balasto-de-camino-en-pachun-y-caneles\/"},"author":{"name":"wpmunisanj","@id":"https:\/\/munisanjuansac.org\/msj\/#\/schema\/person\/3dbd80d788cab1303a54b46e4399e241"},"headline":"Conformaci\u00f3n y balasto de camino en Pach\u00fan y Caneles","datePublished":"2018-05-30T23:04:21+00:00","dateModified":"2018-05-30T23:05:11+00:00","mainEntityOfPage":{"@id":"https:\/\/munisanjuansac.org\/msj\/conformacion-y-balasto-de-camino-en-pachun-y-caneles\/"},"wordCount":127,"publisher":{"@id":"https:\/\/munisanjuansac.org\/msj\/#organization"},"articleSection":["CURSOS Y TALLERES"],"inLanguage":"es"},{"@type":"WebPage","@id":"https:\/\/munisanjuansac.org\/msj\/conformacion-y-balasto-de-camino-en-pachun-y-caneles\/","url":"https:\/\/munisanjuansac.org\/msj\/conformacion-y-balasto-de-camino-en-pachun-y-caneles\/","name":"Conformaci\u00f3n y balasto de camino en Pach\u00fan y Caneles - Municipalidad de San Juan Sacatep\u00e9quez","isPartOf":{"@id":"https:\/\/munisanjuansac.org\/msj\/#website"},"datePublished":"2018-05-30T23:04:21+00:00","dateModified":"2018-05-30T23:05:11+00:00","breadcrumb":{"@id":"https:\/\/munisanjuansac.org\/msj\/conformacion-y-balasto-de-camino-en-pachun-y-caneles\/#breadcrumb"},"inLanguage":"es","potentialAction":[{"@type":"ReadAction","target":["https:\/\/munisanjuansac.org\/msj\/conformacion-y-balasto-de-camino-en-pachun-y-caneles\/"]}]},{"@type":"BreadcrumbList","@id":"https:\/\/munisanjuansac.org\/msj\/conformacion-y-balasto-de-camino-en-pachun-y-caneles\/#breadcrumb","itemListElement":[{"@type":"ListItem","position":1,"name":"Portada","item":"https:\/\/munisanjuansac.org\/msj\/"},{"@type":"ListItem","position":2,"name":"Conformaci\u00f3n y balasto de camino en Pach\u00fan y Caneles"}]},{"@type":"WebSite","@id":"https:\/\/munisanjuansac.org\/msj\/#website","url":"https:\/\/munisanjuansac.org\/msj\/","name":"Municipalidad de San Juan Sacatep\u00e9quez","description":"","publisher":{"@id":"https:\/\/munisanjuansac.org\/msj\/#organization"},"potentialAction":[{"@type":"SearchAction","target":{"@type":"EntryPoint","urlTemplate":"https:\/\/munisanjuansac.org\/msj\/?s={search_term_string}"},"query-input":"required name=search_term_string"}],"inLanguage":"es"},{"@type":"Organization","@id":"https:\/\/munisanjuansac.org\/msj\/#organization","name":"Municipalidad de San Juan Sacatep\u00e9quez","url":"https:\/\/munisanjuansac.org\/msj\/","logo":{"@type":"ImageObject","inLanguage":"es","@id":"https:\/\/munisanjuansac.org\/msj\/#\/schema\/logo\/image\/","url":"https:\/\/munisanjuansac.org\/msj\/wp-content\/uploads\/2023\/11\/LOGO-45-DE-ANCHO-POR-50-DE-ALTO-DERECHO-E-IZQUIERDO-921x1024.png","contentUrl":"https:\/\/munisanjuansac.org\/msj\/wp-content\/uploads\/2023\/11\/LOGO-45-DE-ANCHO-POR-50-DE-ALTO-DERECHO-E-IZQUIERDO-921x1024.png","width":921,"height":1024,"caption":"Municipalidad de San Juan Sacatep\u00e9quez"},"image":{"@id":"https:\/\/munisanjuansac.org\/msj\/#\/schema\/logo\/image\/"},"sameAs":["https:\/\/www.facebook.com\/MunicipalidadSanJuanSacatepequez","https:\/\/twitter.com\/SanJuanSacatep1","https:\/\/www.youtube.com\/@municipalidadsanjuansacate2849\/videos","https:\/\/www.tiktok.com\/@munisanjuansac?lang=es","https:\/\/www.tiktok.com\/@jc_pellecer?lang=es"]},{"@type":"Person","@id":"https:\/\/munisanjuansac.org\/msj\/#\/schema\/person\/3dbd80d788cab1303a54b46e4399e241","name":"wpmunisanj","image":{"@type":"ImageObject","inLanguage":"es","@id":"https:\/\/munisanjuansac.org\/msj\/#\/schema\/person\/image\/","url":"https:\/\/secure.gravatar.com\/avatar\/88e003d6973f13207bb665a46805695a95cd03126642904f376105f4ae40c297?s=96&d=mm&r=g","contentUrl":"https:\/\/secure.gravatar.com\/avatar\/88e003d6973f13207bb665a46805695a95cd03126642904f376105f4ae40c297?s=96&d=mm&r=g","caption":"wpmunisanj"},"url":"https:\/\/munisanjuansac.org\/msj\/author\/wpmunisanj\/"}]}},"_links":{"self":[{"href":"https:\/\/munisanjuansac.org\/msj\/wp-json\/wp\/v2\/posts\/1483","targetHints":{"allow":["GET"]}}],"collection":[{"href":"https:\/\/munisanjuansac.org\/msj\/wp-json\/wp\/v2\/posts"}],"about":[{"href":"https:\/\/munisanjuansac.org\/msj\/wp-json\/wp\/v2\/types\/post"}],"author":[{"embeddable":true,"href":"https:\/\/munisanjuansac.org\/msj\/wp-json\/wp\/v2\/users\/1"}],"replies":[{"embeddable":true,"href":"https:\/\/munisanjuansac.org\/msj\/wp-json\/wp\/v2\/comments?post=1483"}],"version-history":[{"count":1,"href":"https:\/\/munisanjuansac.org\/msj\/wp-json\/wp\/v2\/posts\/1483\/revisions"}],"predecessor-version":[{"id":1484,"href":"https:\/\/munisanjuansac.org\/msj\/wp-json\/wp\/v2\/posts\/1483\/revisions\/1484"}],"wp:featuredmedia":[{"embeddable":true,"href":"https:\/\/munisanjuansac.org\/msj\/wp-json\/wp\/v2\/media\/1482"}],"wp:attachment":[{"href":"https:\/\/munisanjuansac.org\/msj\/wp-json\/wp\/v2\/media?parent=1483"}],"wp:term":[{"taxonomy":"category","embeddable":true,"href":"https:\/\/munisanjuansac.org\/msj\/wp-json\/wp\/v2\/categories?post=1483"},{"taxonomy":"post_tag","embeddable":true,"href":"https:\/\/munisanjuansac.org\/msj\/wp-json\/wp\/v2\/tags?post=1483"}],"curies":[{"name":"wp","href":"https:\/\/api.w.org\/{rel}","templated":true}]}}