{"id":1479,"date":"2018-05-30T20:13:01","date_gmt":"2018-05-30T20:13:01","guid":{"rendered":"https:\/\/munisanjuansac.org\/msj\/?p=1479"},"modified":"2018-05-30T20:13:34","modified_gmt":"2018-05-30T20:13:34","slug":"inauguracion-de-proyecto-de-pavimento-en-callejon-los-perales-aldea-camino-a-san-pedro","status":"publish","type":"post","link":"https:\/\/munisanjuansac.org\/msj\/inauguracion-de-proyecto-de-pavimento-en-callejon-los-perales-aldea-camino-a-san-pedro\/","title":{"rendered":"Inauguraci\u00f3n de proyecto de pavimento en Callej\u00f3n Los Perales, Aldea Camino a San Pedro"},"content":{"rendered":"<p style=\"text-align: justify;\"><a href=\"https:\/\/munisanjuansac.org\/msj\/wp-content\/uploads\/2018\/05\/Inauguraci\u00f3n-de-pavimento-callejon-los-perales-Aldea-Camino-a-San-Pedro-Sacatep\u00e9quez.jpg\"><img fetchpriority=\"high\" decoding=\"async\" class=\"aligncenter size-full wp-image-1478\" src=\"https:\/\/munisanjuansac.org\/msj\/wp-content\/uploads\/2018\/05\/Inauguraci\u00f3n-de-pavimento-callejon-los-perales-Aldea-Camino-a-San-Pedro-Sacatep\u00e9quez.jpg\" alt=\"\" width=\"4272\" height=\"2848\" srcset=\"https:\/\/munisanjuansac.org\/msj\/wp-content\/uploads\/2018\/05\/Inauguraci\u00f3n-de-pavimento-callejon-los-perales-Aldea-Camino-a-San-Pedro-Sacatep\u00e9quez.jpg 4272w, https:\/\/munisanjuansac.org\/msj\/wp-content\/uploads\/2018\/05\/Inauguraci\u00f3n-de-pavimento-callejon-los-perales-Aldea-Camino-a-San-Pedro-Sacatep\u00e9quez-300x200.jpg 300w, https:\/\/munisanjuansac.org\/msj\/wp-content\/uploads\/2018\/05\/Inauguraci\u00f3n-de-pavimento-callejon-los-perales-Aldea-Camino-a-San-Pedro-Sacatep\u00e9quez-768x512.jpg 768w, https:\/\/munisanjuansac.org\/msj\/wp-content\/uploads\/2018\/05\/Inauguraci\u00f3n-de-pavimento-callejon-los-perales-Aldea-Camino-a-San-Pedro-Sacatep\u00e9quez-1024x683.jpg 1024w, https:\/\/munisanjuansac.org\/msj\/wp-content\/uploads\/2018\/05\/Inauguraci\u00f3n-de-pavimento-callejon-los-perales-Aldea-Camino-a-San-Pedro-Sacatep\u00e9quez-272x182.jpg 272w\" sizes=\"(max-width: 4272px) 100vw, 4272px\" \/><\/a><\/p>\n<p style=\"text-align: justify;\">Desde hace varios a\u00f1os, los habitantes del \u00a0callej\u00f3n Los Perales, Aldea Camino a San Pedro, esperaban que el ingreso a sus hogares no fuera complicado, gracias a la gesti\u00f3n del Alcalde Municipal L\u00e1zaro Pirir, se brind\u00f3 a nuestros vecinos el material necesario para la pavimentaci\u00f3n de 187 metros lineales de calle.<\/p>\n<p style=\"text-align: justify;\">\u00abLa \u00e9poca de lluvia nos afectaba demasiado, los veh\u00edculos solo llegaban al puente, porque se quedaban atascados, a ra\u00edz de ese problema nos motivamos para gestionar el proyecto, el cual hoy se inaugura\u00bb, coment\u00f3 Maynor Alberto Chaj\u00f3n, vecino del lugar, quien al mismo tiempo agradeci\u00f3 a los vecinos por el apoyo con la mano de obra.<\/p>\n<p style=\"text-align: justify;\">Para la ejecuci\u00f3n de esta obra, la Municipalidad brind\u00f3 arena, piedr\u00edn, cemento y tubos para las barandas del puente, vale mencionar que con la entrega de este proyecto se beneficia a 40 familias que viven en el sector.<\/p>\n<p style=\"text-align: justify;\">Estas obras se ejecutan en varias comunidades de San Juan Sacatep\u00e9quez, con el fin de mejorar la calidad de vida de nuestros vecinos.<\/p>\n<p style=\"text-align: justify;\"><a href=\"https:\/\/munisanjuansac.org\/msj\/wp-content\/uploads\/2018\/05\/Inauguraci\u00f3n-de-pavimento-callejon-los-perales-Aldea-Camino-a-San-Pedro-Sacatep\u00e9quez2.jpg\"><img decoding=\"async\" class=\"aligncenter size-full wp-image-1477\" src=\"https:\/\/munisanjuansac.org\/msj\/wp-content\/uploads\/2018\/05\/Inauguraci\u00f3n-de-pavimento-callejon-los-perales-Aldea-Camino-a-San-Pedro-Sacatep\u00e9quez2.jpg\" alt=\"\" width=\"4272\" height=\"2848\" \/><\/a><\/p>\n","protected":false},"excerpt":{"rendered":"<p>Desde hace varios a\u00f1os, los habitantes del \u00a0callej\u00f3n Los Perales, Aldea Camino a San Pedro, esperaban que el ingreso a sus hogares no fuera complicado, gracias a la gesti\u00f3n del&hellip;<\/p>\n","protected":false},"author":1,"featured_media":1478,"comment_status":"closed","ping_status":"open","sticky":false,"template":"","format":"standard","meta":{"footnotes":""},"categories":[17],"tags":[],"class_list":["post-1479","post","type-post","status-publish","format-standard","has-post-thumbnail","hentry","category-noticias"],"yoast_head":"<!-- This site is optimized with the Yoast SEO plugin v22.0 - https:\/\/yoast.com\/wordpress\/plugins\/seo\/ -->\n<title>Inauguraci\u00f3n de proyecto de pavimento en Callej\u00f3n Los Perales, Aldea Camino a San Pedro - Municipalidad de San Juan Sacatep\u00e9quez<\/title>\n<meta name=\"robots\" content=\"index, follow, max-snippet:-1, max-image-preview:large, max-video-preview:-1\" \/>\n<link rel=\"canonical\" href=\"https:\/\/munisanjuansac.org\/msj\/inauguracion-de-proyecto-de-pavimento-en-callejon-los-perales-aldea-camino-a-san-pedro\/\" \/>\n<meta property=\"og:locale\" content=\"es_ES\" \/>\n<meta property=\"og:type\" content=\"article\" \/>\n<meta property=\"og:title\" content=\"Inauguraci\u00f3n de proyecto de pavimento en Callej\u00f3n Los Perales, Aldea Camino a San Pedro - Municipalidad de San Juan Sacatep\u00e9quez\" \/>\n<meta property=\"og:description\" content=\"Desde hace varios a\u00f1os, los habitantes del \u00a0callej\u00f3n Los Perales, Aldea Camino a San Pedro, esperaban que el ingreso a sus hogares no fuera complicado, gracias a la gesti\u00f3n del&hellip;\" \/>\n<meta property=\"og:url\" content=\"https:\/\/munisanjuansac.org\/msj\/inauguracion-de-proyecto-de-pavimento-en-callejon-los-perales-aldea-camino-a-san-pedro\/\" \/>\n<meta property=\"og:site_name\" content=\"Municipalidad de San Juan Sacatep\u00e9quez\" \/>\n<meta property=\"article:publisher\" content=\"https:\/\/www.facebook.com\/MunicipalidadSanJuanSacatepequez\" \/>\n<meta property=\"article:published_time\" content=\"2018-05-30T20:13:01+00:00\" \/>\n<meta property=\"article:modified_time\" content=\"2018-05-30T20:13:34+00:00\" \/>\n<meta property=\"og:image\" content=\"https:\/\/munisanjuansac.org\/msj\/wp-content\/uploads\/2018\/05\/Inauguraci\u00f3n-de-pavimento-callejon-los-perales-Aldea-Camino-a-San-Pedro-Sacatep\u00e9quez.jpg\" \/>\n\t<meta property=\"og:image:width\" content=\"4272\" \/>\n\t<meta property=\"og:image:height\" content=\"2848\" \/>\n\t<meta property=\"og:image:type\" content=\"image\/jpeg\" \/>\n<meta name=\"author\" content=\"wpmunisanj\" \/>\n<meta name=\"twitter:card\" content=\"summary_large_image\" \/>\n<meta name=\"twitter:creator\" content=\"@SanJuanSacatep1\" \/>\n<meta name=\"twitter:site\" content=\"@SanJuanSacatep1\" \/>\n<meta name=\"twitter:label1\" content=\"Escrito por\" \/>\n\t<meta name=\"twitter:data1\" content=\"wpmunisanj\" \/>\n\t<meta name=\"twitter:label2\" content=\"Tiempo de lectura\" \/>\n\t<meta name=\"twitter:data2\" content=\"1 minuto\" \/>\n<script type=\"application\/ld+json\" class=\"yoast-schema-graph\">{\"@context\":\"https:\/\/schema.org\",\"@graph\":[{\"@type\":\"Article\",\"@id\":\"https:\/\/munisanjuansac.org\/msj\/inauguracion-de-proyecto-de-pavimento-en-callejon-los-perales-aldea-camino-a-san-pedro\/#article\",\"isPartOf\":{\"@id\":\"https:\/\/munisanjuansac.org\/msj\/inauguracion-de-proyecto-de-pavimento-en-callejon-los-perales-aldea-camino-a-san-pedro\/\"},\"author\":{\"name\":\"wpmunisanj\",\"@id\":\"https:\/\/munisanjuansac.org\/msj\/#\/schema\/person\/3dbd80d788cab1303a54b46e4399e241\"},\"headline\":\"Inauguraci\u00f3n de proyecto de pavimento en Callej\u00f3n Los Perales, Aldea Camino a San Pedro\",\"datePublished\":\"2018-05-30T20:13:01+00:00\",\"dateModified\":\"2018-05-30T20:13:34+00:00\",\"mainEntityOfPage\":{\"@id\":\"https:\/\/munisanjuansac.org\/msj\/inauguracion-de-proyecto-de-pavimento-en-callejon-los-perales-aldea-camino-a-san-pedro\/\"},\"wordCount\":193,\"publisher\":{\"@id\":\"https:\/\/munisanjuansac.org\/msj\/#organization\"},\"articleSection\":[\"CURSOS Y TALLERES\"],\"inLanguage\":\"es\"},{\"@type\":\"WebPage\",\"@id\":\"https:\/\/munisanjuansac.org\/msj\/inauguracion-de-proyecto-de-pavimento-en-callejon-los-perales-aldea-camino-a-san-pedro\/\",\"url\":\"https:\/\/munisanjuansac.org\/msj\/inauguracion-de-proyecto-de-pavimento-en-callejon-los-perales-aldea-camino-a-san-pedro\/\",\"name\":\"Inauguraci\u00f3n de proyecto de pavimento en Callej\u00f3n Los Perales, Aldea Camino a San Pedro - Municipalidad de San Juan Sacatep\u00e9quez\",\"isPartOf\":{\"@id\":\"https:\/\/munisanjuansac.org\/msj\/#website\"},\"datePublished\":\"2018-05-30T20:13:01+00:00\",\"dateModified\":\"2018-05-30T20:13:34+00:00\",\"breadcrumb\":{\"@id\":\"https:\/\/munisanjuansac.org\/msj\/inauguracion-de-proyecto-de-pavimento-en-callejon-los-perales-aldea-camino-a-san-pedro\/#breadcrumb\"},\"inLanguage\":\"es\",\"potentialAction\":[{\"@type\":\"ReadAction\",\"target\":[\"https:\/\/munisanjuansac.org\/msj\/inauguracion-de-proyecto-de-pavimento-en-callejon-los-perales-aldea-camino-a-san-pedro\/\"]}]},{\"@type\":\"BreadcrumbList\",\"@id\":\"https:\/\/munisanjuansac.org\/msj\/inauguracion-de-proyecto-de-pavimento-en-callejon-los-perales-aldea-camino-a-san-pedro\/#breadcrumb\",\"itemListElement\":[{\"@type\":\"ListItem\",\"position\":1,\"name\":\"Portada\",\"item\":\"https:\/\/munisanjuansac.org\/msj\/\"},{\"@type\":\"ListItem\",\"position\":2,\"name\":\"Inauguraci\u00f3n de proyecto de pavimento en Callej\u00f3n Los Perales, Aldea Camino a San Pedro\"}]},{\"@type\":\"WebSite\",\"@id\":\"https:\/\/munisanjuansac.org\/msj\/#website\",\"url\":\"https:\/\/munisanjuansac.org\/msj\/\",\"name\":\"Municipalidad de San Juan Sacatep\u00e9quez\",\"description\":\"\",\"publisher\":{\"@id\":\"https:\/\/munisanjuansac.org\/msj\/#organization\"},\"potentialAction\":[{\"@type\":\"SearchAction\",\"target\":{\"@type\":\"EntryPoint\",\"urlTemplate\":\"https:\/\/munisanjuansac.org\/msj\/?s={search_term_string}\"},\"query-input\":\"required name=search_term_string\"}],\"inLanguage\":\"es\"},{\"@type\":\"Organization\",\"@id\":\"https:\/\/munisanjuansac.org\/msj\/#organization\",\"name\":\"Municipalidad de San Juan Sacatep\u00e9quez\",\"url\":\"https:\/\/munisanjuansac.org\/msj\/\",\"logo\":{\"@type\":\"ImageObject\",\"inLanguage\":\"es\",\"@id\":\"https:\/\/munisanjuansac.org\/msj\/#\/schema\/logo\/image\/\",\"url\":\"https:\/\/munisanjuansac.org\/msj\/wp-content\/uploads\/2023\/11\/LOGO-45-DE-ANCHO-POR-50-DE-ALTO-DERECHO-E-IZQUIERDO-921x1024.png\",\"contentUrl\":\"https:\/\/munisanjuansac.org\/msj\/wp-content\/uploads\/2023\/11\/LOGO-45-DE-ANCHO-POR-50-DE-ALTO-DERECHO-E-IZQUIERDO-921x1024.png\",\"width\":921,\"height\":1024,\"caption\":\"Municipalidad de San Juan Sacatep\u00e9quez\"},\"image\":{\"@id\":\"https:\/\/munisanjuansac.org\/msj\/#\/schema\/logo\/image\/\"},\"sameAs\":[\"https:\/\/www.facebook.com\/MunicipalidadSanJuanSacatepequez\",\"https:\/\/twitter.com\/SanJuanSacatep1\",\"https:\/\/www.youtube.com\/@municipalidadsanjuansacate2849\/videos\",\"https:\/\/www.tiktok.com\/@munisanjuansac?lang=es\",\"https:\/\/www.tiktok.com\/@jc_pellecer?lang=es\"]},{\"@type\":\"Person\",\"@id\":\"https:\/\/munisanjuansac.org\/msj\/#\/schema\/person\/3dbd80d788cab1303a54b46e4399e241\",\"name\":\"wpmunisanj\",\"image\":{\"@type\":\"ImageObject\",\"inLanguage\":\"es\",\"@id\":\"https:\/\/munisanjuansac.org\/msj\/#\/schema\/person\/image\/\",\"url\":\"https:\/\/secure.gravatar.com\/avatar\/88e003d6973f13207bb665a46805695a95cd03126642904f376105f4ae40c297?s=96&d=mm&r=g\",\"contentUrl\":\"https:\/\/secure.gravatar.com\/avatar\/88e003d6973f13207bb665a46805695a95cd03126642904f376105f4ae40c297?s=96&d=mm&r=g\",\"caption\":\"wpmunisanj\"},\"url\":\"https:\/\/munisanjuansac.org\/msj\/author\/wpmunisanj\/\"}]}<\/script>\n<!-- \/ Yoast SEO plugin. -->","yoast_head_json":{"title":"Inauguraci\u00f3n de proyecto de pavimento en Callej\u00f3n Los Perales, Aldea Camino a San Pedro - Municipalidad de San Juan Sacatep\u00e9quez","robots":{"index":"index","follow":"follow","max-snippet":"max-snippet:-1","max-image-preview":"max-image-preview:large","max-video-preview":"max-video-preview:-1"},"canonical":"https:\/\/munisanjuansac.org\/msj\/inauguracion-de-proyecto-de-pavimento-en-callejon-los-perales-aldea-camino-a-san-pedro\/","og_locale":"es_ES","og_type":"article","og_title":"Inauguraci\u00f3n de proyecto de pavimento en Callej\u00f3n Los Perales, Aldea Camino a San Pedro - Municipalidad de San Juan Sacatep\u00e9quez","og_description":"Desde hace varios a\u00f1os, los habitantes del \u00a0callej\u00f3n Los Perales, Aldea Camino a San Pedro, esperaban que el ingreso a sus hogares no fuera complicado, gracias a la gesti\u00f3n del&hellip;","og_url":"https:\/\/munisanjuansac.org\/msj\/inauguracion-de-proyecto-de-pavimento-en-callejon-los-perales-aldea-camino-a-san-pedro\/","og_site_name":"Municipalidad de San Juan Sacatep\u00e9quez","article_publisher":"https:\/\/www.facebook.com\/MunicipalidadSanJuanSacatepequez","article_published_time":"2018-05-30T20:13:01+00:00","article_modified_time":"2018-05-30T20:13:34+00:00","og_image":[{"width":4272,"height":2848,"url":"https:\/\/munisanjuansac.org\/msj\/wp-content\/uploads\/2018\/05\/Inauguraci\u00f3n-de-pavimento-callejon-los-perales-Aldea-Camino-a-San-Pedro-Sacatep\u00e9quez.jpg","type":"image\/jpeg"}],"author":"wpmunisanj","twitter_card":"summary_large_image","twitter_creator":"@SanJuanSacatep1","twitter_site":"@SanJuanSacatep1","twitter_misc":{"Escrito por":"wpmunisanj","Tiempo de lectura":"1 minuto"},"schema":{"@context":"https:\/\/schema.org","@graph":[{"@type":"Article","@id":"https:\/\/munisanjuansac.org\/msj\/inauguracion-de-proyecto-de-pavimento-en-callejon-los-perales-aldea-camino-a-san-pedro\/#article","isPartOf":{"@id":"https:\/\/munisanjuansac.org\/msj\/inauguracion-de-proyecto-de-pavimento-en-callejon-los-perales-aldea-camino-a-san-pedro\/"},"author":{"name":"wpmunisanj","@id":"https:\/\/munisanjuansac.org\/msj\/#\/schema\/person\/3dbd80d788cab1303a54b46e4399e241"},"headline":"Inauguraci\u00f3n de proyecto de pavimento en Callej\u00f3n Los Perales, Aldea Camino a San Pedro","datePublished":"2018-05-30T20:13:01+00:00","dateModified":"2018-05-30T20:13:34+00:00","mainEntityOfPage":{"@id":"https:\/\/munisanjuansac.org\/msj\/inauguracion-de-proyecto-de-pavimento-en-callejon-los-perales-aldea-camino-a-san-pedro\/"},"wordCount":193,"publisher":{"@id":"https:\/\/munisanjuansac.org\/msj\/#organization"},"articleSection":["CURSOS Y TALLERES"],"inLanguage":"es"},{"@type":"WebPage","@id":"https:\/\/munisanjuansac.org\/msj\/inauguracion-de-proyecto-de-pavimento-en-callejon-los-perales-aldea-camino-a-san-pedro\/","url":"https:\/\/munisanjuansac.org\/msj\/inauguracion-de-proyecto-de-pavimento-en-callejon-los-perales-aldea-camino-a-san-pedro\/","name":"Inauguraci\u00f3n de proyecto de pavimento en Callej\u00f3n Los Perales, Aldea Camino a San Pedro - Municipalidad de San Juan Sacatep\u00e9quez","isPartOf":{"@id":"https:\/\/munisanjuansac.org\/msj\/#website"},"datePublished":"2018-05-30T20:13:01+00:00","dateModified":"2018-05-30T20:13:34+00:00","breadcrumb":{"@id":"https:\/\/munisanjuansac.org\/msj\/inauguracion-de-proyecto-de-pavimento-en-callejon-los-perales-aldea-camino-a-san-pedro\/#breadcrumb"},"inLanguage":"es","potentialAction":[{"@type":"ReadAction","target":["https:\/\/munisanjuansac.org\/msj\/inauguracion-de-proyecto-de-pavimento-en-callejon-los-perales-aldea-camino-a-san-pedro\/"]}]},{"@type":"BreadcrumbList","@id":"https:\/\/munisanjuansac.org\/msj\/inauguracion-de-proyecto-de-pavimento-en-callejon-los-perales-aldea-camino-a-san-pedro\/#breadcrumb","itemListElement":[{"@type":"ListItem","position":1,"name":"Portada","item":"https:\/\/munisanjuansac.org\/msj\/"},{"@type":"ListItem","position":2,"name":"Inauguraci\u00f3n de proyecto de pavimento en Callej\u00f3n Los Perales, Aldea Camino a San Pedro"}]},{"@type":"WebSite","@id":"https:\/\/munisanjuansac.org\/msj\/#website","url":"https:\/\/munisanjuansac.org\/msj\/","name":"Municipalidad de San Juan Sacatep\u00e9quez","description":"","publisher":{"@id":"https:\/\/munisanjuansac.org\/msj\/#organization"},"potentialAction":[{"@type":"SearchAction","target":{"@type":"EntryPoint","urlTemplate":"https:\/\/munisanjuansac.org\/msj\/?s={search_term_string}"},"query-input":"required name=search_term_string"}],"inLanguage":"es"},{"@type":"Organization","@id":"https:\/\/munisanjuansac.org\/msj\/#organization","name":"Municipalidad de San Juan Sacatep\u00e9quez","url":"https:\/\/munisanjuansac.org\/msj\/","logo":{"@type":"ImageObject","inLanguage":"es","@id":"https:\/\/munisanjuansac.org\/msj\/#\/schema\/logo\/image\/","url":"https:\/\/munisanjuansac.org\/msj\/wp-content\/uploads\/2023\/11\/LOGO-45-DE-ANCHO-POR-50-DE-ALTO-DERECHO-E-IZQUIERDO-921x1024.png","contentUrl":"https:\/\/munisanjuansac.org\/msj\/wp-content\/uploads\/2023\/11\/LOGO-45-DE-ANCHO-POR-50-DE-ALTO-DERECHO-E-IZQUIERDO-921x1024.png","width":921,"height":1024,"caption":"Municipalidad de San Juan Sacatep\u00e9quez"},"image":{"@id":"https:\/\/munisanjuansac.org\/msj\/#\/schema\/logo\/image\/"},"sameAs":["https:\/\/www.facebook.com\/MunicipalidadSanJuanSacatepequez","https:\/\/twitter.com\/SanJuanSacatep1","https:\/\/www.youtube.com\/@municipalidadsanjuansacate2849\/videos","https:\/\/www.tiktok.com\/@munisanjuansac?lang=es","https:\/\/www.tiktok.com\/@jc_pellecer?lang=es"]},{"@type":"Person","@id":"https:\/\/munisanjuansac.org\/msj\/#\/schema\/person\/3dbd80d788cab1303a54b46e4399e241","name":"wpmunisanj","image":{"@type":"ImageObject","inLanguage":"es","@id":"https:\/\/munisanjuansac.org\/msj\/#\/schema\/person\/image\/","url":"https:\/\/secure.gravatar.com\/avatar\/88e003d6973f13207bb665a46805695a95cd03126642904f376105f4ae40c297?s=96&d=mm&r=g","contentUrl":"https:\/\/secure.gravatar.com\/avatar\/88e003d6973f13207bb665a46805695a95cd03126642904f376105f4ae40c297?s=96&d=mm&r=g","caption":"wpmunisanj"},"url":"https:\/\/munisanjuansac.org\/msj\/author\/wpmunisanj\/"}]}},"_links":{"self":[{"href":"https:\/\/munisanjuansac.org\/msj\/wp-json\/wp\/v2\/posts\/1479","targetHints":{"allow":["GET"]}}],"collection":[{"href":"https:\/\/munisanjuansac.org\/msj\/wp-json\/wp\/v2\/posts"}],"about":[{"href":"https:\/\/munisanjuansac.org\/msj\/wp-json\/wp\/v2\/types\/post"}],"author":[{"embeddable":true,"href":"https:\/\/munisanjuansac.org\/msj\/wp-json\/wp\/v2\/users\/1"}],"replies":[{"embeddable":true,"href":"https:\/\/munisanjuansac.org\/msj\/wp-json\/wp\/v2\/comments?post=1479"}],"version-history":[{"count":1,"href":"https:\/\/munisanjuansac.org\/msj\/wp-json\/wp\/v2\/posts\/1479\/revisions"}],"predecessor-version":[{"id":1480,"href":"https:\/\/munisanjuansac.org\/msj\/wp-json\/wp\/v2\/posts\/1479\/revisions\/1480"}],"wp:featuredmedia":[{"embeddable":true,"href":"https:\/\/munisanjuansac.org\/msj\/wp-json\/wp\/v2\/media\/1478"}],"wp:attachment":[{"href":"https:\/\/munisanjuansac.org\/msj\/wp-json\/wp\/v2\/media?parent=1479"}],"wp:term":[{"taxonomy":"category","embeddable":true,"href":"https:\/\/munisanjuansac.org\/msj\/wp-json\/wp\/v2\/categories?post=1479"},{"taxonomy":"post_tag","embeddable":true,"href":"https:\/\/munisanjuansac.org\/msj\/wp-json\/wp\/v2\/tags?post=1479"}],"curies":[{"name":"wp","href":"https:\/\/api.w.org\/{rel}","templated":true}]}}