{"id":1449,"date":"2018-05-21T21:50:36","date_gmt":"2018-05-21T21:50:36","guid":{"rendered":"https:\/\/munisanjuansac.org\/msj\/?p=1449"},"modified":"2018-05-21T21:51:25","modified_gmt":"2018-05-21T21:51:25","slug":"pavimentacion-de-callejon-en-sector-5-caserio-pacajay-es-una-realidad","status":"publish","type":"post","link":"https:\/\/munisanjuansac.org\/msj\/pavimentacion-de-callejon-en-sector-5-caserio-pacajay-es-una-realidad\/","title":{"rendered":"Pavimentaci\u00f3n de callej\u00f3n en sector 5, Caser\u00edo Pacajay, es una realidad"},"content":{"rendered":"<p style=\"text-align: justify;\"><a href=\"https:\/\/munisanjuansac.org\/msj\/wp-content\/uploads\/2018\/05\/Inauguraci\u00f3n-de-callej\u00f3n-en-sector-5-Caser\u00edo-Pajacay.jpg\"><img fetchpriority=\"high\" decoding=\"async\" class=\"aligncenter size-full wp-image-1451\" src=\"https:\/\/munisanjuansac.org\/msj\/wp-content\/uploads\/2018\/05\/Inauguraci\u00f3n-de-callej\u00f3n-en-sector-5-Caser\u00edo-Pajacay.jpg\" alt=\"\" width=\"4272\" height=\"2848\" srcset=\"https:\/\/munisanjuansac.org\/msj\/wp-content\/uploads\/2018\/05\/Inauguraci\u00f3n-de-callej\u00f3n-en-sector-5-Caser\u00edo-Pajacay.jpg 4272w, https:\/\/munisanjuansac.org\/msj\/wp-content\/uploads\/2018\/05\/Inauguraci\u00f3n-de-callej\u00f3n-en-sector-5-Caser\u00edo-Pajacay-300x200.jpg 300w, https:\/\/munisanjuansac.org\/msj\/wp-content\/uploads\/2018\/05\/Inauguraci\u00f3n-de-callej\u00f3n-en-sector-5-Caser\u00edo-Pajacay-768x512.jpg 768w, https:\/\/munisanjuansac.org\/msj\/wp-content\/uploads\/2018\/05\/Inauguraci\u00f3n-de-callej\u00f3n-en-sector-5-Caser\u00edo-Pajacay-1024x683.jpg 1024w, https:\/\/munisanjuansac.org\/msj\/wp-content\/uploads\/2018\/05\/Inauguraci\u00f3n-de-callej\u00f3n-en-sector-5-Caser\u00edo-Pajacay-272x182.jpg 272w\" sizes=\"(max-width: 4272px) 100vw, 4272px\" \/><\/a><\/p>\n<p style=\"text-align: justify;\">Vecinos del sector 5, Caser\u00edo Pajacay, han visto con gusto el cambio que ha tenido su callej\u00f3n, el cual ha sido pavimentado y permitir\u00e1 desplazarse sin dificultades.<\/p>\n<p style=\"text-align: justify;\">El proyecto consta de 300 metros, el cual se realiz\u00f3 de manera bipartita, entre la Municipalidad y vecinos, ya que dicha arteria en tiempo de verano e invierno ocasionaba problemas a quienes transitaban por la misma, debido al lodo y polvo.<\/p>\n<p style=\"text-align: justify;\">En esta obra, la Municipalidad de San Juan Sacatep\u00e9quez presidida por el Alcalde L\u00e1zaro Pirir, hizo entrega a los pobladores de esta comunidad los materiales necesarios como: arena, piedr\u00edn y cemento, mientras los vecinos aportaron la mano de obra.<\/p>\n<p style=\"text-align: justify;\">\u00abEn tiempo de lluvia, era dif\u00edcil caminar en el callej\u00f3n debido a la cantidad de agua, estamos muy contentos porque este proyecto no solo beneficia a los que vivimos ac\u00e1, sino a los que utilizan este camino para dirigirse a la Aldea Cruz Blanca\u00bb, coment\u00f3 Pablo Pirir, vecino del sector.<\/p>\n<p style=\"text-align: justify;\">De esta manera, se sigue trabajando en la ejecuci\u00f3n de obras, provenientes de los impuestos de los vecinos, con el objetivo de mejorar la calidad de vida de los habitantes nuestro municipio.<\/p>\n<p style=\"text-align: justify;\"><a href=\"https:\/\/munisanjuansac.org\/msj\/wp-content\/uploads\/2018\/05\/Inauguraci\u00f3n-de-callej\u00f3n-en-sector-5-Caser\u00edo-Pajacay-Alcalde-Municipal-L\u00e1zaro-Pirir.jpg\"><img decoding=\"async\" class=\"aligncenter size-full wp-image-1450\" src=\"https:\/\/munisanjuansac.org\/msj\/wp-content\/uploads\/2018\/05\/Inauguraci\u00f3n-de-callej\u00f3n-en-sector-5-Caser\u00edo-Pajacay-Alcalde-Municipal-L\u00e1zaro-Pirir.jpg\" alt=\"\" width=\"4272\" height=\"2848\" \/><\/a><\/p>\n","protected":false},"excerpt":{"rendered":"<p>Vecinos del sector 5, Caser\u00edo Pajacay, han visto con gusto el cambio que ha tenido su callej\u00f3n, el cual ha sido pavimentado y permitir\u00e1 desplazarse sin dificultades. El proyecto consta&hellip;<\/p>\n","protected":false},"author":1,"featured_media":1451,"comment_status":"closed","ping_status":"open","sticky":false,"template":"","format":"standard","meta":{"footnotes":""},"categories":[17],"tags":[],"class_list":["post-1449","post","type-post","status-publish","format-standard","has-post-thumbnail","hentry","category-noticias"],"yoast_head":"<!-- This site is optimized with the Yoast SEO plugin v22.0 - https:\/\/yoast.com\/wordpress\/plugins\/seo\/ -->\n<title>Pavimentaci\u00f3n de callej\u00f3n en sector 5, Caser\u00edo Pacajay, es una realidad - Municipalidad de San Juan Sacatep\u00e9quez<\/title>\n<meta name=\"robots\" content=\"index, follow, max-snippet:-1, max-image-preview:large, max-video-preview:-1\" \/>\n<link rel=\"canonical\" href=\"https:\/\/munisanjuansac.org\/msj\/pavimentacion-de-callejon-en-sector-5-caserio-pacajay-es-una-realidad\/\" \/>\n<meta property=\"og:locale\" content=\"es_ES\" \/>\n<meta property=\"og:type\" content=\"article\" \/>\n<meta property=\"og:title\" content=\"Pavimentaci\u00f3n de callej\u00f3n en sector 5, Caser\u00edo Pacajay, es una realidad - Municipalidad de San Juan Sacatep\u00e9quez\" \/>\n<meta property=\"og:description\" content=\"Vecinos del sector 5, Caser\u00edo Pajacay, han visto con gusto el cambio que ha tenido su callej\u00f3n, el cual ha sido pavimentado y permitir\u00e1 desplazarse sin dificultades. El proyecto consta&hellip;\" \/>\n<meta property=\"og:url\" content=\"https:\/\/munisanjuansac.org\/msj\/pavimentacion-de-callejon-en-sector-5-caserio-pacajay-es-una-realidad\/\" \/>\n<meta property=\"og:site_name\" content=\"Municipalidad de San Juan Sacatep\u00e9quez\" \/>\n<meta property=\"article:publisher\" content=\"https:\/\/www.facebook.com\/MunicipalidadSanJuanSacatepequez\" \/>\n<meta property=\"article:published_time\" content=\"2018-05-21T21:50:36+00:00\" \/>\n<meta property=\"article:modified_time\" content=\"2018-05-21T21:51:25+00:00\" \/>\n<meta property=\"og:image\" content=\"https:\/\/munisanjuansac.org\/msj\/wp-content\/uploads\/2018\/05\/Inauguraci\u00f3n-de-callej\u00f3n-en-sector-5-Caser\u00edo-Pajacay.jpg\" \/>\n\t<meta property=\"og:image:width\" content=\"4272\" \/>\n\t<meta property=\"og:image:height\" content=\"2848\" \/>\n\t<meta property=\"og:image:type\" content=\"image\/jpeg\" \/>\n<meta name=\"author\" content=\"wpmunisanj\" \/>\n<meta name=\"twitter:card\" content=\"summary_large_image\" \/>\n<meta name=\"twitter:creator\" content=\"@SanJuanSacatep1\" \/>\n<meta name=\"twitter:site\" content=\"@SanJuanSacatep1\" \/>\n<meta name=\"twitter:label1\" content=\"Escrito por\" \/>\n\t<meta name=\"twitter:data1\" content=\"wpmunisanj\" \/>\n\t<meta name=\"twitter:label2\" content=\"Tiempo de lectura\" \/>\n\t<meta name=\"twitter:data2\" content=\"1 minuto\" \/>\n<script type=\"application\/ld+json\" class=\"yoast-schema-graph\">{\"@context\":\"https:\/\/schema.org\",\"@graph\":[{\"@type\":\"Article\",\"@id\":\"https:\/\/munisanjuansac.org\/msj\/pavimentacion-de-callejon-en-sector-5-caserio-pacajay-es-una-realidad\/#article\",\"isPartOf\":{\"@id\":\"https:\/\/munisanjuansac.org\/msj\/pavimentacion-de-callejon-en-sector-5-caserio-pacajay-es-una-realidad\/\"},\"author\":{\"name\":\"wpmunisanj\",\"@id\":\"https:\/\/munisanjuansac.org\/msj\/#\/schema\/person\/3dbd80d788cab1303a54b46e4399e241\"},\"headline\":\"Pavimentaci\u00f3n de callej\u00f3n en sector 5, Caser\u00edo Pacajay, es una realidad\",\"datePublished\":\"2018-05-21T21:50:36+00:00\",\"dateModified\":\"2018-05-21T21:51:25+00:00\",\"mainEntityOfPage\":{\"@id\":\"https:\/\/munisanjuansac.org\/msj\/pavimentacion-de-callejon-en-sector-5-caserio-pacajay-es-una-realidad\/\"},\"wordCount\":208,\"publisher\":{\"@id\":\"https:\/\/munisanjuansac.org\/msj\/#organization\"},\"articleSection\":[\"CURSOS Y TALLERES\"],\"inLanguage\":\"es\"},{\"@type\":\"WebPage\",\"@id\":\"https:\/\/munisanjuansac.org\/msj\/pavimentacion-de-callejon-en-sector-5-caserio-pacajay-es-una-realidad\/\",\"url\":\"https:\/\/munisanjuansac.org\/msj\/pavimentacion-de-callejon-en-sector-5-caserio-pacajay-es-una-realidad\/\",\"name\":\"Pavimentaci\u00f3n de callej\u00f3n en sector 5, Caser\u00edo Pacajay, es una realidad - Municipalidad de San Juan Sacatep\u00e9quez\",\"isPartOf\":{\"@id\":\"https:\/\/munisanjuansac.org\/msj\/#website\"},\"datePublished\":\"2018-05-21T21:50:36+00:00\",\"dateModified\":\"2018-05-21T21:51:25+00:00\",\"breadcrumb\":{\"@id\":\"https:\/\/munisanjuansac.org\/msj\/pavimentacion-de-callejon-en-sector-5-caserio-pacajay-es-una-realidad\/#breadcrumb\"},\"inLanguage\":\"es\",\"potentialAction\":[{\"@type\":\"ReadAction\",\"target\":[\"https:\/\/munisanjuansac.org\/msj\/pavimentacion-de-callejon-en-sector-5-caserio-pacajay-es-una-realidad\/\"]}]},{\"@type\":\"BreadcrumbList\",\"@id\":\"https:\/\/munisanjuansac.org\/msj\/pavimentacion-de-callejon-en-sector-5-caserio-pacajay-es-una-realidad\/#breadcrumb\",\"itemListElement\":[{\"@type\":\"ListItem\",\"position\":1,\"name\":\"Portada\",\"item\":\"https:\/\/munisanjuansac.org\/msj\/\"},{\"@type\":\"ListItem\",\"position\":2,\"name\":\"Pavimentaci\u00f3n de callej\u00f3n en sector 5, Caser\u00edo Pacajay, es una realidad\"}]},{\"@type\":\"WebSite\",\"@id\":\"https:\/\/munisanjuansac.org\/msj\/#website\",\"url\":\"https:\/\/munisanjuansac.org\/msj\/\",\"name\":\"Municipalidad de San Juan Sacatep\u00e9quez\",\"description\":\"\",\"publisher\":{\"@id\":\"https:\/\/munisanjuansac.org\/msj\/#organization\"},\"potentialAction\":[{\"@type\":\"SearchAction\",\"target\":{\"@type\":\"EntryPoint\",\"urlTemplate\":\"https:\/\/munisanjuansac.org\/msj\/?s={search_term_string}\"},\"query-input\":\"required name=search_term_string\"}],\"inLanguage\":\"es\"},{\"@type\":\"Organization\",\"@id\":\"https:\/\/munisanjuansac.org\/msj\/#organization\",\"name\":\"Municipalidad de San Juan Sacatep\u00e9quez\",\"url\":\"https:\/\/munisanjuansac.org\/msj\/\",\"logo\":{\"@type\":\"ImageObject\",\"inLanguage\":\"es\",\"@id\":\"https:\/\/munisanjuansac.org\/msj\/#\/schema\/logo\/image\/\",\"url\":\"https:\/\/munisanjuansac.org\/msj\/wp-content\/uploads\/2023\/11\/LOGO-45-DE-ANCHO-POR-50-DE-ALTO-DERECHO-E-IZQUIERDO-921x1024.png\",\"contentUrl\":\"https:\/\/munisanjuansac.org\/msj\/wp-content\/uploads\/2023\/11\/LOGO-45-DE-ANCHO-POR-50-DE-ALTO-DERECHO-E-IZQUIERDO-921x1024.png\",\"width\":921,\"height\":1024,\"caption\":\"Municipalidad de San Juan Sacatep\u00e9quez\"},\"image\":{\"@id\":\"https:\/\/munisanjuansac.org\/msj\/#\/schema\/logo\/image\/\"},\"sameAs\":[\"https:\/\/www.facebook.com\/MunicipalidadSanJuanSacatepequez\",\"https:\/\/twitter.com\/SanJuanSacatep1\",\"https:\/\/www.youtube.com\/@municipalidadsanjuansacate2849\/videos\",\"https:\/\/www.tiktok.com\/@munisanjuansac?lang=es\",\"https:\/\/www.tiktok.com\/@jc_pellecer?lang=es\"]},{\"@type\":\"Person\",\"@id\":\"https:\/\/munisanjuansac.org\/msj\/#\/schema\/person\/3dbd80d788cab1303a54b46e4399e241\",\"name\":\"wpmunisanj\",\"image\":{\"@type\":\"ImageObject\",\"inLanguage\":\"es\",\"@id\":\"https:\/\/munisanjuansac.org\/msj\/#\/schema\/person\/image\/\",\"url\":\"https:\/\/secure.gravatar.com\/avatar\/88e003d6973f13207bb665a46805695a95cd03126642904f376105f4ae40c297?s=96&d=mm&r=g\",\"contentUrl\":\"https:\/\/secure.gravatar.com\/avatar\/88e003d6973f13207bb665a46805695a95cd03126642904f376105f4ae40c297?s=96&d=mm&r=g\",\"caption\":\"wpmunisanj\"},\"url\":\"https:\/\/munisanjuansac.org\/msj\/author\/wpmunisanj\/\"}]}<\/script>\n<!-- \/ Yoast SEO plugin. -->","yoast_head_json":{"title":"Pavimentaci\u00f3n de callej\u00f3n en sector 5, Caser\u00edo Pacajay, es una realidad - Municipalidad de San Juan Sacatep\u00e9quez","robots":{"index":"index","follow":"follow","max-snippet":"max-snippet:-1","max-image-preview":"max-image-preview:large","max-video-preview":"max-video-preview:-1"},"canonical":"https:\/\/munisanjuansac.org\/msj\/pavimentacion-de-callejon-en-sector-5-caserio-pacajay-es-una-realidad\/","og_locale":"es_ES","og_type":"article","og_title":"Pavimentaci\u00f3n de callej\u00f3n en sector 5, Caser\u00edo Pacajay, es una realidad - Municipalidad de San Juan Sacatep\u00e9quez","og_description":"Vecinos del sector 5, Caser\u00edo Pajacay, han visto con gusto el cambio que ha tenido su callej\u00f3n, el cual ha sido pavimentado y permitir\u00e1 desplazarse sin dificultades. El proyecto consta&hellip;","og_url":"https:\/\/munisanjuansac.org\/msj\/pavimentacion-de-callejon-en-sector-5-caserio-pacajay-es-una-realidad\/","og_site_name":"Municipalidad de San Juan Sacatep\u00e9quez","article_publisher":"https:\/\/www.facebook.com\/MunicipalidadSanJuanSacatepequez","article_published_time":"2018-05-21T21:50:36+00:00","article_modified_time":"2018-05-21T21:51:25+00:00","og_image":[{"width":4272,"height":2848,"url":"https:\/\/munisanjuansac.org\/msj\/wp-content\/uploads\/2018\/05\/Inauguraci\u00f3n-de-callej\u00f3n-en-sector-5-Caser\u00edo-Pajacay.jpg","type":"image\/jpeg"}],"author":"wpmunisanj","twitter_card":"summary_large_image","twitter_creator":"@SanJuanSacatep1","twitter_site":"@SanJuanSacatep1","twitter_misc":{"Escrito por":"wpmunisanj","Tiempo de lectura":"1 minuto"},"schema":{"@context":"https:\/\/schema.org","@graph":[{"@type":"Article","@id":"https:\/\/munisanjuansac.org\/msj\/pavimentacion-de-callejon-en-sector-5-caserio-pacajay-es-una-realidad\/#article","isPartOf":{"@id":"https:\/\/munisanjuansac.org\/msj\/pavimentacion-de-callejon-en-sector-5-caserio-pacajay-es-una-realidad\/"},"author":{"name":"wpmunisanj","@id":"https:\/\/munisanjuansac.org\/msj\/#\/schema\/person\/3dbd80d788cab1303a54b46e4399e241"},"headline":"Pavimentaci\u00f3n de callej\u00f3n en sector 5, Caser\u00edo Pacajay, es una realidad","datePublished":"2018-05-21T21:50:36+00:00","dateModified":"2018-05-21T21:51:25+00:00","mainEntityOfPage":{"@id":"https:\/\/munisanjuansac.org\/msj\/pavimentacion-de-callejon-en-sector-5-caserio-pacajay-es-una-realidad\/"},"wordCount":208,"publisher":{"@id":"https:\/\/munisanjuansac.org\/msj\/#organization"},"articleSection":["CURSOS Y TALLERES"],"inLanguage":"es"},{"@type":"WebPage","@id":"https:\/\/munisanjuansac.org\/msj\/pavimentacion-de-callejon-en-sector-5-caserio-pacajay-es-una-realidad\/","url":"https:\/\/munisanjuansac.org\/msj\/pavimentacion-de-callejon-en-sector-5-caserio-pacajay-es-una-realidad\/","name":"Pavimentaci\u00f3n de callej\u00f3n en sector 5, Caser\u00edo Pacajay, es una realidad - Municipalidad de San Juan Sacatep\u00e9quez","isPartOf":{"@id":"https:\/\/munisanjuansac.org\/msj\/#website"},"datePublished":"2018-05-21T21:50:36+00:00","dateModified":"2018-05-21T21:51:25+00:00","breadcrumb":{"@id":"https:\/\/munisanjuansac.org\/msj\/pavimentacion-de-callejon-en-sector-5-caserio-pacajay-es-una-realidad\/#breadcrumb"},"inLanguage":"es","potentialAction":[{"@type":"ReadAction","target":["https:\/\/munisanjuansac.org\/msj\/pavimentacion-de-callejon-en-sector-5-caserio-pacajay-es-una-realidad\/"]}]},{"@type":"BreadcrumbList","@id":"https:\/\/munisanjuansac.org\/msj\/pavimentacion-de-callejon-en-sector-5-caserio-pacajay-es-una-realidad\/#breadcrumb","itemListElement":[{"@type":"ListItem","position":1,"name":"Portada","item":"https:\/\/munisanjuansac.org\/msj\/"},{"@type":"ListItem","position":2,"name":"Pavimentaci\u00f3n de callej\u00f3n en sector 5, Caser\u00edo Pacajay, es una realidad"}]},{"@type":"WebSite","@id":"https:\/\/munisanjuansac.org\/msj\/#website","url":"https:\/\/munisanjuansac.org\/msj\/","name":"Municipalidad de San Juan Sacatep\u00e9quez","description":"","publisher":{"@id":"https:\/\/munisanjuansac.org\/msj\/#organization"},"potentialAction":[{"@type":"SearchAction","target":{"@type":"EntryPoint","urlTemplate":"https:\/\/munisanjuansac.org\/msj\/?s={search_term_string}"},"query-input":"required name=search_term_string"}],"inLanguage":"es"},{"@type":"Organization","@id":"https:\/\/munisanjuansac.org\/msj\/#organization","name":"Municipalidad de San Juan Sacatep\u00e9quez","url":"https:\/\/munisanjuansac.org\/msj\/","logo":{"@type":"ImageObject","inLanguage":"es","@id":"https:\/\/munisanjuansac.org\/msj\/#\/schema\/logo\/image\/","url":"https:\/\/munisanjuansac.org\/msj\/wp-content\/uploads\/2023\/11\/LOGO-45-DE-ANCHO-POR-50-DE-ALTO-DERECHO-E-IZQUIERDO-921x1024.png","contentUrl":"https:\/\/munisanjuansac.org\/msj\/wp-content\/uploads\/2023\/11\/LOGO-45-DE-ANCHO-POR-50-DE-ALTO-DERECHO-E-IZQUIERDO-921x1024.png","width":921,"height":1024,"caption":"Municipalidad de San Juan Sacatep\u00e9quez"},"image":{"@id":"https:\/\/munisanjuansac.org\/msj\/#\/schema\/logo\/image\/"},"sameAs":["https:\/\/www.facebook.com\/MunicipalidadSanJuanSacatepequez","https:\/\/twitter.com\/SanJuanSacatep1","https:\/\/www.youtube.com\/@municipalidadsanjuansacate2849\/videos","https:\/\/www.tiktok.com\/@munisanjuansac?lang=es","https:\/\/www.tiktok.com\/@jc_pellecer?lang=es"]},{"@type":"Person","@id":"https:\/\/munisanjuansac.org\/msj\/#\/schema\/person\/3dbd80d788cab1303a54b46e4399e241","name":"wpmunisanj","image":{"@type":"ImageObject","inLanguage":"es","@id":"https:\/\/munisanjuansac.org\/msj\/#\/schema\/person\/image\/","url":"https:\/\/secure.gravatar.com\/avatar\/88e003d6973f13207bb665a46805695a95cd03126642904f376105f4ae40c297?s=96&d=mm&r=g","contentUrl":"https:\/\/secure.gravatar.com\/avatar\/88e003d6973f13207bb665a46805695a95cd03126642904f376105f4ae40c297?s=96&d=mm&r=g","caption":"wpmunisanj"},"url":"https:\/\/munisanjuansac.org\/msj\/author\/wpmunisanj\/"}]}},"_links":{"self":[{"href":"https:\/\/munisanjuansac.org\/msj\/wp-json\/wp\/v2\/posts\/1449","targetHints":{"allow":["GET"]}}],"collection":[{"href":"https:\/\/munisanjuansac.org\/msj\/wp-json\/wp\/v2\/posts"}],"about":[{"href":"https:\/\/munisanjuansac.org\/msj\/wp-json\/wp\/v2\/types\/post"}],"author":[{"embeddable":true,"href":"https:\/\/munisanjuansac.org\/msj\/wp-json\/wp\/v2\/users\/1"}],"replies":[{"embeddable":true,"href":"https:\/\/munisanjuansac.org\/msj\/wp-json\/wp\/v2\/comments?post=1449"}],"version-history":[{"count":2,"href":"https:\/\/munisanjuansac.org\/msj\/wp-json\/wp\/v2\/posts\/1449\/revisions"}],"predecessor-version":[{"id":1453,"href":"https:\/\/munisanjuansac.org\/msj\/wp-json\/wp\/v2\/posts\/1449\/revisions\/1453"}],"wp:featuredmedia":[{"embeddable":true,"href":"https:\/\/munisanjuansac.org\/msj\/wp-json\/wp\/v2\/media\/1451"}],"wp:attachment":[{"href":"https:\/\/munisanjuansac.org\/msj\/wp-json\/wp\/v2\/media?parent=1449"}],"wp:term":[{"taxonomy":"category","embeddable":true,"href":"https:\/\/munisanjuansac.org\/msj\/wp-json\/wp\/v2\/categories?post=1449"},{"taxonomy":"post_tag","embeddable":true,"href":"https:\/\/munisanjuansac.org\/msj\/wp-json\/wp\/v2\/tags?post=1449"}],"curies":[{"name":"wp","href":"https:\/\/api.w.org\/{rel}","templated":true}]}}