{"id":126,"date":"2016-11-22T20:50:59","date_gmt":"2016-11-22T20:50:59","guid":{"rendered":"https:\/\/munisanjuansac.org\/msj\/?p=126"},"modified":"2017-02-08T20:59:55","modified_gmt":"2017-02-08T20:59:55","slug":"conmemoran-a-victimas-de-transito","status":"publish","type":"post","link":"https:\/\/munisanjuansac.org\/msj\/conmemoran-a-victimas-de-transito\/","title":{"rendered":"Conmemoraci\u00f3n a V\u00edctimas de Tr\u00e1nsito"},"content":{"rendered":"<p style=\"text-align: justify;\"><a href=\"https:\/\/munisanjuansac.org\/msj\/wp-content\/uploads\/2016\/11\/2.-Concemoracion-de-victimas-de-hechos-de-transito-ciudad-quetzal-san-juan-sacatepequez.jpg\"><img fetchpriority=\"high\" decoding=\"async\" class=\"aligncenter wp-image-128 size-large\" src=\"https:\/\/munisanjuansac.org\/msj\/wp-content\/uploads\/2016\/11\/2.-Concemoracion-de-victimas-de-hechos-de-transito-ciudad-quetzal-san-juan-sacatepequez-1024x683.jpg\" width=\"1024\" height=\"683\" srcset=\"https:\/\/munisanjuansac.org\/msj\/wp-content\/uploads\/2016\/11\/2.-Concemoracion-de-victimas-de-hechos-de-transito-ciudad-quetzal-san-juan-sacatepequez-1024x683.jpg 1024w, https:\/\/munisanjuansac.org\/msj\/wp-content\/uploads\/2016\/11\/2.-Concemoracion-de-victimas-de-hechos-de-transito-ciudad-quetzal-san-juan-sacatepequez-300x200.jpg 300w, https:\/\/munisanjuansac.org\/msj\/wp-content\/uploads\/2016\/11\/2.-Concemoracion-de-victimas-de-hechos-de-transito-ciudad-quetzal-san-juan-sacatepequez-768x512.jpg 768w, https:\/\/munisanjuansac.org\/msj\/wp-content\/uploads\/2016\/11\/2.-Concemoracion-de-victimas-de-hechos-de-transito-ciudad-quetzal-san-juan-sacatepequez-272x182.jpg 272w\" sizes=\"(max-width: 1024px) 100vw, 1024px\" \/><\/a><\/p>\n<p style=\"text-align: justify;\">El Domingo 20 de Noviembre se realizo una actividad por conmemoraci\u00f3n de las victimas de hechos de transito en San Juan Sacatep\u00e9quez, el objetivo de esta actividad es hacer conciencia a conductores de veh\u00edculos a reflexionar, tomar conciencia y buscar posibles soluciones para erradicar los hechos de transito.<\/p>\n<p style=\"text-align: justify;\">Dicha actividad dio inicio en el lugar conocido como cuchilla de la Aldea Lo de Mej\u00eda, en el que participaron los mototaxis y m\u00e1s de 50 motoristas, con el sonido de sus bocinas, realizaron una caravana por la carretera principal hasta el campo Proyecto Sanjuaneros,\u00a0durante la actividad se realizaron entrega de cascos certificados internacionalmente, durante la actividad directivos de la Asociaci\u00f3n de Mototaxis de Ciudad Quetzal mostraron a los presentes el chaleco que portaran los pilotos de mototaxi con el objetivo de identificarlos como miembros de la asociaci\u00f3n.<\/p>\n<p style=\"text-align: justify;\">Estamos muy contentos por el apoyo que recibimos de muchas organizaciones como el grupo de motoristas, gracias por ese esfuerzo, se que tienen conciencia de lo que se celebra, la conmemoraci\u00f3n de victimas de transito a nivel nacional. Refiri\u00f3 Rogelio Ju\u00e1rez Director de la Polic\u00eda Municipal de Transito de San Juan Sacatep\u00e9quez.<\/p>\n<p style=\"text-align: justify;\"><a href=\"https:\/\/munisanjuansac.org\/msj\/wp-content\/uploads\/2016\/11\/1.-Concemoracion-de-victimas-de-hechos-de-transito-ciudad-quetzal-san-juan-sacatepequez.jpg\"><img decoding=\"async\" class=\"aligncenter wp-image-127 size-medium\" src=\"https:\/\/munisanjuansac.org\/msj\/wp-content\/uploads\/2016\/11\/1.-Concemoracion-de-victimas-de-hechos-de-transito-ciudad-quetzal-san-juan-sacatepequez-200x300.jpg\" alt=\"1-concemoracion-de-victimas-de-hechos-de-transito-ciudad-quetzal-san-juan-sacatepequez\" width=\"200\" height=\"300\" srcset=\"https:\/\/munisanjuansac.org\/msj\/wp-content\/uploads\/2016\/11\/1.-Concemoracion-de-victimas-de-hechos-de-transito-ciudad-quetzal-san-juan-sacatepequez-200x300.jpg 200w, https:\/\/munisanjuansac.org\/msj\/wp-content\/uploads\/2016\/11\/1.-Concemoracion-de-victimas-de-hechos-de-transito-ciudad-quetzal-san-juan-sacatepequez-768x1152.jpg 768w, https:\/\/munisanjuansac.org\/msj\/wp-content\/uploads\/2016\/11\/1.-Concemoracion-de-victimas-de-hechos-de-transito-ciudad-quetzal-san-juan-sacatepequez-683x1024.jpg 683w\" sizes=\"(max-width: 200px) 100vw, 200px\" \/><\/a><\/p>\n","protected":false},"excerpt":{"rendered":"<p>El Domingo 20 de Noviembre se realizo una actividad por conmemoraci\u00f3n de las victimas de hechos de transito en San Juan Sacatep\u00e9quez, el objetivo de esta actividad es hacer conciencia&hellip;<\/p>\n","protected":false},"author":1,"featured_media":128,"comment_status":"closed","ping_status":"open","sticky":false,"template":"","format":"standard","meta":{"footnotes":""},"categories":[17],"tags":[],"class_list":["post-126","post","type-post","status-publish","format-standard","has-post-thumbnail","hentry","category-noticias"],"yoast_head":"<!-- This site is optimized with the Yoast SEO plugin v22.0 - https:\/\/yoast.com\/wordpress\/plugins\/seo\/ -->\n<title>Conmemoraci\u00f3n a V\u00edctimas de Tr\u00e1nsito - Municipalidad de San Juan Sacatep\u00e9quez<\/title>\n<meta name=\"robots\" content=\"index, follow, max-snippet:-1, max-image-preview:large, max-video-preview:-1\" \/>\n<link rel=\"canonical\" href=\"https:\/\/munisanjuansac.org\/msj\/conmemoran-a-victimas-de-transito\/\" \/>\n<meta property=\"og:locale\" content=\"es_ES\" \/>\n<meta property=\"og:type\" content=\"article\" \/>\n<meta property=\"og:title\" content=\"Conmemoraci\u00f3n a V\u00edctimas de Tr\u00e1nsito - Municipalidad de San Juan Sacatep\u00e9quez\" \/>\n<meta property=\"og:description\" content=\"El Domingo 20 de Noviembre se realizo una actividad por conmemoraci\u00f3n de las victimas de hechos de transito en San Juan Sacatep\u00e9quez, el objetivo de esta actividad es hacer conciencia&hellip;\" \/>\n<meta property=\"og:url\" content=\"https:\/\/munisanjuansac.org\/msj\/conmemoran-a-victimas-de-transito\/\" \/>\n<meta property=\"og:site_name\" content=\"Municipalidad de San Juan Sacatep\u00e9quez\" \/>\n<meta property=\"article:publisher\" content=\"https:\/\/www.facebook.com\/MunicipalidadSanJuanSacatepequez\" \/>\n<meta property=\"article:published_time\" content=\"2016-11-22T20:50:59+00:00\" \/>\n<meta property=\"article:modified_time\" content=\"2017-02-08T20:59:55+00:00\" \/>\n<meta property=\"og:image\" content=\"https:\/\/munisanjuansac.org\/msj\/wp-content\/uploads\/2016\/11\/2.-Concemoracion-de-victimas-de-hechos-de-transito-ciudad-quetzal-san-juan-sacatepequez.jpg\" \/>\n\t<meta property=\"og:image:width\" content=\"4272\" \/>\n\t<meta property=\"og:image:height\" content=\"2848\" \/>\n\t<meta property=\"og:image:type\" content=\"image\/jpeg\" \/>\n<meta name=\"author\" content=\"wpmunisanj\" \/>\n<meta name=\"twitter:card\" content=\"summary_large_image\" \/>\n<meta name=\"twitter:creator\" content=\"@SanJuanSacatep1\" \/>\n<meta name=\"twitter:site\" content=\"@SanJuanSacatep1\" \/>\n<meta name=\"twitter:label1\" content=\"Escrito por\" \/>\n\t<meta name=\"twitter:data1\" content=\"wpmunisanj\" \/>\n\t<meta name=\"twitter:label2\" content=\"Tiempo de lectura\" \/>\n\t<meta name=\"twitter:data2\" content=\"1 minuto\" \/>\n<script type=\"application\/ld+json\" class=\"yoast-schema-graph\">{\"@context\":\"https:\/\/schema.org\",\"@graph\":[{\"@type\":\"Article\",\"@id\":\"https:\/\/munisanjuansac.org\/msj\/conmemoran-a-victimas-de-transito\/#article\",\"isPartOf\":{\"@id\":\"https:\/\/munisanjuansac.org\/msj\/conmemoran-a-victimas-de-transito\/\"},\"author\":{\"name\":\"wpmunisanj\",\"@id\":\"https:\/\/munisanjuansac.org\/msj\/#\/schema\/person\/3dbd80d788cab1303a54b46e4399e241\"},\"headline\":\"Conmemoraci\u00f3n a V\u00edctimas de Tr\u00e1nsito\",\"datePublished\":\"2016-11-22T20:50:59+00:00\",\"dateModified\":\"2017-02-08T20:59:55+00:00\",\"mainEntityOfPage\":{\"@id\":\"https:\/\/munisanjuansac.org\/msj\/conmemoran-a-victimas-de-transito\/\"},\"wordCount\":206,\"publisher\":{\"@id\":\"https:\/\/munisanjuansac.org\/msj\/#organization\"},\"articleSection\":[\"CURSOS Y TALLERES\"],\"inLanguage\":\"es\"},{\"@type\":\"WebPage\",\"@id\":\"https:\/\/munisanjuansac.org\/msj\/conmemoran-a-victimas-de-transito\/\",\"url\":\"https:\/\/munisanjuansac.org\/msj\/conmemoran-a-victimas-de-transito\/\",\"name\":\"Conmemoraci\u00f3n a V\u00edctimas de Tr\u00e1nsito - Municipalidad de San Juan Sacatep\u00e9quez\",\"isPartOf\":{\"@id\":\"https:\/\/munisanjuansac.org\/msj\/#website\"},\"datePublished\":\"2016-11-22T20:50:59+00:00\",\"dateModified\":\"2017-02-08T20:59:55+00:00\",\"breadcrumb\":{\"@id\":\"https:\/\/munisanjuansac.org\/msj\/conmemoran-a-victimas-de-transito\/#breadcrumb\"},\"inLanguage\":\"es\",\"potentialAction\":[{\"@type\":\"ReadAction\",\"target\":[\"https:\/\/munisanjuansac.org\/msj\/conmemoran-a-victimas-de-transito\/\"]}]},{\"@type\":\"BreadcrumbList\",\"@id\":\"https:\/\/munisanjuansac.org\/msj\/conmemoran-a-victimas-de-transito\/#breadcrumb\",\"itemListElement\":[{\"@type\":\"ListItem\",\"position\":1,\"name\":\"Portada\",\"item\":\"https:\/\/munisanjuansac.org\/msj\/\"},{\"@type\":\"ListItem\",\"position\":2,\"name\":\"Conmemoraci\u00f3n a V\u00edctimas de Tr\u00e1nsito\"}]},{\"@type\":\"WebSite\",\"@id\":\"https:\/\/munisanjuansac.org\/msj\/#website\",\"url\":\"https:\/\/munisanjuansac.org\/msj\/\",\"name\":\"Municipalidad de San Juan Sacatep\u00e9quez\",\"description\":\"\",\"publisher\":{\"@id\":\"https:\/\/munisanjuansac.org\/msj\/#organization\"},\"potentialAction\":[{\"@type\":\"SearchAction\",\"target\":{\"@type\":\"EntryPoint\",\"urlTemplate\":\"https:\/\/munisanjuansac.org\/msj\/?s={search_term_string}\"},\"query-input\":\"required name=search_term_string\"}],\"inLanguage\":\"es\"},{\"@type\":\"Organization\",\"@id\":\"https:\/\/munisanjuansac.org\/msj\/#organization\",\"name\":\"Municipalidad de San Juan Sacatep\u00e9quez\",\"url\":\"https:\/\/munisanjuansac.org\/msj\/\",\"logo\":{\"@type\":\"ImageObject\",\"inLanguage\":\"es\",\"@id\":\"https:\/\/munisanjuansac.org\/msj\/#\/schema\/logo\/image\/\",\"url\":\"https:\/\/munisanjuansac.org\/msj\/wp-content\/uploads\/2023\/11\/LOGO-45-DE-ANCHO-POR-50-DE-ALTO-DERECHO-E-IZQUIERDO-921x1024.png\",\"contentUrl\":\"https:\/\/munisanjuansac.org\/msj\/wp-content\/uploads\/2023\/11\/LOGO-45-DE-ANCHO-POR-50-DE-ALTO-DERECHO-E-IZQUIERDO-921x1024.png\",\"width\":921,\"height\":1024,\"caption\":\"Municipalidad de San Juan Sacatep\u00e9quez\"},\"image\":{\"@id\":\"https:\/\/munisanjuansac.org\/msj\/#\/schema\/logo\/image\/\"},\"sameAs\":[\"https:\/\/www.facebook.com\/MunicipalidadSanJuanSacatepequez\",\"https:\/\/twitter.com\/SanJuanSacatep1\",\"https:\/\/www.youtube.com\/@municipalidadsanjuansacate2849\/videos\",\"https:\/\/www.tiktok.com\/@munisanjuansac?lang=es\",\"https:\/\/www.tiktok.com\/@jc_pellecer?lang=es\"]},{\"@type\":\"Person\",\"@id\":\"https:\/\/munisanjuansac.org\/msj\/#\/schema\/person\/3dbd80d788cab1303a54b46e4399e241\",\"name\":\"wpmunisanj\",\"image\":{\"@type\":\"ImageObject\",\"inLanguage\":\"es\",\"@id\":\"https:\/\/munisanjuansac.org\/msj\/#\/schema\/person\/image\/\",\"url\":\"https:\/\/secure.gravatar.com\/avatar\/88e003d6973f13207bb665a46805695a95cd03126642904f376105f4ae40c297?s=96&d=mm&r=g\",\"contentUrl\":\"https:\/\/secure.gravatar.com\/avatar\/88e003d6973f13207bb665a46805695a95cd03126642904f376105f4ae40c297?s=96&d=mm&r=g\",\"caption\":\"wpmunisanj\"},\"url\":\"https:\/\/munisanjuansac.org\/msj\/author\/wpmunisanj\/\"}]}<\/script>\n<!-- \/ Yoast SEO plugin. -->","yoast_head_json":{"title":"Conmemoraci\u00f3n a V\u00edctimas de Tr\u00e1nsito - Municipalidad de San Juan Sacatep\u00e9quez","robots":{"index":"index","follow":"follow","max-snippet":"max-snippet:-1","max-image-preview":"max-image-preview:large","max-video-preview":"max-video-preview:-1"},"canonical":"https:\/\/munisanjuansac.org\/msj\/conmemoran-a-victimas-de-transito\/","og_locale":"es_ES","og_type":"article","og_title":"Conmemoraci\u00f3n a V\u00edctimas de Tr\u00e1nsito - Municipalidad de San Juan Sacatep\u00e9quez","og_description":"El Domingo 20 de Noviembre se realizo una actividad por conmemoraci\u00f3n de las victimas de hechos de transito en San Juan Sacatep\u00e9quez, el objetivo de esta actividad es hacer conciencia&hellip;","og_url":"https:\/\/munisanjuansac.org\/msj\/conmemoran-a-victimas-de-transito\/","og_site_name":"Municipalidad de San Juan Sacatep\u00e9quez","article_publisher":"https:\/\/www.facebook.com\/MunicipalidadSanJuanSacatepequez","article_published_time":"2016-11-22T20:50:59+00:00","article_modified_time":"2017-02-08T20:59:55+00:00","og_image":[{"width":4272,"height":2848,"url":"https:\/\/munisanjuansac.org\/msj\/wp-content\/uploads\/2016\/11\/2.-Concemoracion-de-victimas-de-hechos-de-transito-ciudad-quetzal-san-juan-sacatepequez.jpg","type":"image\/jpeg"}],"author":"wpmunisanj","twitter_card":"summary_large_image","twitter_creator":"@SanJuanSacatep1","twitter_site":"@SanJuanSacatep1","twitter_misc":{"Escrito por":"wpmunisanj","Tiempo de lectura":"1 minuto"},"schema":{"@context":"https:\/\/schema.org","@graph":[{"@type":"Article","@id":"https:\/\/munisanjuansac.org\/msj\/conmemoran-a-victimas-de-transito\/#article","isPartOf":{"@id":"https:\/\/munisanjuansac.org\/msj\/conmemoran-a-victimas-de-transito\/"},"author":{"name":"wpmunisanj","@id":"https:\/\/munisanjuansac.org\/msj\/#\/schema\/person\/3dbd80d788cab1303a54b46e4399e241"},"headline":"Conmemoraci\u00f3n a V\u00edctimas de Tr\u00e1nsito","datePublished":"2016-11-22T20:50:59+00:00","dateModified":"2017-02-08T20:59:55+00:00","mainEntityOfPage":{"@id":"https:\/\/munisanjuansac.org\/msj\/conmemoran-a-victimas-de-transito\/"},"wordCount":206,"publisher":{"@id":"https:\/\/munisanjuansac.org\/msj\/#organization"},"articleSection":["CURSOS Y TALLERES"],"inLanguage":"es"},{"@type":"WebPage","@id":"https:\/\/munisanjuansac.org\/msj\/conmemoran-a-victimas-de-transito\/","url":"https:\/\/munisanjuansac.org\/msj\/conmemoran-a-victimas-de-transito\/","name":"Conmemoraci\u00f3n a V\u00edctimas de Tr\u00e1nsito - Municipalidad de San Juan Sacatep\u00e9quez","isPartOf":{"@id":"https:\/\/munisanjuansac.org\/msj\/#website"},"datePublished":"2016-11-22T20:50:59+00:00","dateModified":"2017-02-08T20:59:55+00:00","breadcrumb":{"@id":"https:\/\/munisanjuansac.org\/msj\/conmemoran-a-victimas-de-transito\/#breadcrumb"},"inLanguage":"es","potentialAction":[{"@type":"ReadAction","target":["https:\/\/munisanjuansac.org\/msj\/conmemoran-a-victimas-de-transito\/"]}]},{"@type":"BreadcrumbList","@id":"https:\/\/munisanjuansac.org\/msj\/conmemoran-a-victimas-de-transito\/#breadcrumb","itemListElement":[{"@type":"ListItem","position":1,"name":"Portada","item":"https:\/\/munisanjuansac.org\/msj\/"},{"@type":"ListItem","position":2,"name":"Conmemoraci\u00f3n a V\u00edctimas de Tr\u00e1nsito"}]},{"@type":"WebSite","@id":"https:\/\/munisanjuansac.org\/msj\/#website","url":"https:\/\/munisanjuansac.org\/msj\/","name":"Municipalidad de San Juan Sacatep\u00e9quez","description":"","publisher":{"@id":"https:\/\/munisanjuansac.org\/msj\/#organization"},"potentialAction":[{"@type":"SearchAction","target":{"@type":"EntryPoint","urlTemplate":"https:\/\/munisanjuansac.org\/msj\/?s={search_term_string}"},"query-input":"required name=search_term_string"}],"inLanguage":"es"},{"@type":"Organization","@id":"https:\/\/munisanjuansac.org\/msj\/#organization","name":"Municipalidad de San Juan Sacatep\u00e9quez","url":"https:\/\/munisanjuansac.org\/msj\/","logo":{"@type":"ImageObject","inLanguage":"es","@id":"https:\/\/munisanjuansac.org\/msj\/#\/schema\/logo\/image\/","url":"https:\/\/munisanjuansac.org\/msj\/wp-content\/uploads\/2023\/11\/LOGO-45-DE-ANCHO-POR-50-DE-ALTO-DERECHO-E-IZQUIERDO-921x1024.png","contentUrl":"https:\/\/munisanjuansac.org\/msj\/wp-content\/uploads\/2023\/11\/LOGO-45-DE-ANCHO-POR-50-DE-ALTO-DERECHO-E-IZQUIERDO-921x1024.png","width":921,"height":1024,"caption":"Municipalidad de San Juan Sacatep\u00e9quez"},"image":{"@id":"https:\/\/munisanjuansac.org\/msj\/#\/schema\/logo\/image\/"},"sameAs":["https:\/\/www.facebook.com\/MunicipalidadSanJuanSacatepequez","https:\/\/twitter.com\/SanJuanSacatep1","https:\/\/www.youtube.com\/@municipalidadsanjuansacate2849\/videos","https:\/\/www.tiktok.com\/@munisanjuansac?lang=es","https:\/\/www.tiktok.com\/@jc_pellecer?lang=es"]},{"@type":"Person","@id":"https:\/\/munisanjuansac.org\/msj\/#\/schema\/person\/3dbd80d788cab1303a54b46e4399e241","name":"wpmunisanj","image":{"@type":"ImageObject","inLanguage":"es","@id":"https:\/\/munisanjuansac.org\/msj\/#\/schema\/person\/image\/","url":"https:\/\/secure.gravatar.com\/avatar\/88e003d6973f13207bb665a46805695a95cd03126642904f376105f4ae40c297?s=96&d=mm&r=g","contentUrl":"https:\/\/secure.gravatar.com\/avatar\/88e003d6973f13207bb665a46805695a95cd03126642904f376105f4ae40c297?s=96&d=mm&r=g","caption":"wpmunisanj"},"url":"https:\/\/munisanjuansac.org\/msj\/author\/wpmunisanj\/"}]}},"_links":{"self":[{"href":"https:\/\/munisanjuansac.org\/msj\/wp-json\/wp\/v2\/posts\/126","targetHints":{"allow":["GET"]}}],"collection":[{"href":"https:\/\/munisanjuansac.org\/msj\/wp-json\/wp\/v2\/posts"}],"about":[{"href":"https:\/\/munisanjuansac.org\/msj\/wp-json\/wp\/v2\/types\/post"}],"author":[{"embeddable":true,"href":"https:\/\/munisanjuansac.org\/msj\/wp-json\/wp\/v2\/users\/1"}],"replies":[{"embeddable":true,"href":"https:\/\/munisanjuansac.org\/msj\/wp-json\/wp\/v2\/comments?post=126"}],"version-history":[{"count":10,"href":"https:\/\/munisanjuansac.org\/msj\/wp-json\/wp\/v2\/posts\/126\/revisions"}],"predecessor-version":[{"id":582,"href":"https:\/\/munisanjuansac.org\/msj\/wp-json\/wp\/v2\/posts\/126\/revisions\/582"}],"wp:featuredmedia":[{"embeddable":true,"href":"https:\/\/munisanjuansac.org\/msj\/wp-json\/wp\/v2\/media\/128"}],"wp:attachment":[{"href":"https:\/\/munisanjuansac.org\/msj\/wp-json\/wp\/v2\/media?parent=126"}],"wp:term":[{"taxonomy":"category","embeddable":true,"href":"https:\/\/munisanjuansac.org\/msj\/wp-json\/wp\/v2\/categories?post=126"},{"taxonomy":"post_tag","embeddable":true,"href":"https:\/\/munisanjuansac.org\/msj\/wp-json\/wp\/v2\/tags?post=126"}],"curies":[{"name":"wp","href":"https:\/\/api.w.org\/{rel}","templated":true}]}}