{"id":114,"date":"2016-11-21T15:18:40","date_gmt":"2016-11-21T15:18:40","guid":{"rendered":"https:\/\/munisanjuansac.org\/msj\/?p=114"},"modified":"2016-11-23T04:10:47","modified_gmt":"2016-11-23T04:10:47","slug":"jornada-oftalmologica-comunidad-de-ruiz","status":"publish","type":"post","link":"https:\/\/munisanjuansac.org\/msj\/jornada-oftalmologica-comunidad-de-ruiz\/","title":{"rendered":"Jornada Oftalmol\u00f3gica en Aldea Comunidad de Ruiz"},"content":{"rendered":"<p style=\"text-align: justify;\">El pasado s\u00e1bado 19 de Noviembre se realizo en el Albergue San Gabriel, en la Aldea Comunidad de Ruiz, una jornada gratuita de oftalmolog\u00eda, en la que se conto con la participaci\u00f3n de m\u00e9dicos cubanos.<\/p>\n<p style=\"text-align: justify;\">La coordinaci\u00f3n estuvo a cargo de miembros de la Iglesia Adventista del S\u00e9ptimo D\u00eda y de la Secretar\u00eda de Obras Sociales de la Esposa del Alcalde SOSEA, presidida por Do\u00f1a Mar\u00eda Trinidad Pirir.<\/p>\n<p style=\"text-align: justify;\">Se realizaron\u00a0 chequeos a nuestros vecinos para detectar cataratas o carnosidades en los ojos, luego del chequeo si necesitan operaci\u00f3n, se programo para realizarse en el Centro Oftalmol\u00f3gico situado en el Municipio de Mixco, el cual ser\u00e1 gratuito.<\/p>\n<p style=\"text-align: justify;\">Las personas que participaron en esta jornada, se manifestaron muy complacidas por la atenci\u00f3n que se les brindo.<\/p>\n<p style=\"text-align: justify;\">\u201cEstamos proyectando que este tipo de jornadas se realicen cada tres meses en la Aldea Comunidad de Ru\u00edz, estamos en proceso legal que se nos conceda por 12 a\u00f1os el Albergue San Gabriel, esperamos poder administrarlo de la mejor manera para servirle a la comunidad ya que es uno de nuestros prop\u00f3sitos, agradecemos el apoyo de la Municipalidad y del Se\u00f1or Alcalde L\u00e1zaro Pirir, para la realizaci\u00f3n de estas jornadas y ayudar al municipio de San Juan Sacatep\u00e9quez\u201d agrego Eduardo Garc\u00eda, representante de la Iglesia Adventista del S\u00e9ptimo D\u00eda.<\/p>\n<p style=\"text-align: justify;\">Estas actividades se realizan con el objetivo de promover una mejor calidad de vida de los habitantes de nuestro municipio, seguiremos trabajando para llevar estas jornadas a distintas comunidades.<\/p>\n<p style=\"text-align: justify;\"><img fetchpriority=\"high\" decoding=\"async\" class=\"alignnone size-medium wp-image-117\" src=\"https:\/\/munisanjuansac.org\/msj\/wp-content\/uploads\/2016\/11\/3.-Jornada-de-Oftalmologia-Comunidad-de-Ruiz-300x200.jpg\" alt=\"3-jornada-de-oftalmologia-comunidad-de-ruiz\" width=\"300\" height=\"200\" srcset=\"https:\/\/munisanjuansac.org\/msj\/wp-content\/uploads\/2016\/11\/3.-Jornada-de-Oftalmologia-Comunidad-de-Ruiz-300x200.jpg 300w, https:\/\/munisanjuansac.org\/msj\/wp-content\/uploads\/2016\/11\/3.-Jornada-de-Oftalmologia-Comunidad-de-Ruiz-768x512.jpg 768w, https:\/\/munisanjuansac.org\/msj\/wp-content\/uploads\/2016\/11\/3.-Jornada-de-Oftalmologia-Comunidad-de-Ruiz-1024x683.jpg 1024w, https:\/\/munisanjuansac.org\/msj\/wp-content\/uploads\/2016\/11\/3.-Jornada-de-Oftalmologia-Comunidad-de-Ruiz-272x182.jpg 272w\" sizes=\"(max-width: 300px) 100vw, 300px\" \/> <img decoding=\"async\" class=\"alignnone size-medium wp-image-116\" src=\"https:\/\/munisanjuansac.org\/msj\/wp-content\/uploads\/2016\/11\/2.-Jornada-de-Oftalmologia-Comunidad-de-Ruiz-300x200.jpg\" alt=\"2-jornada-de-oftalmologia-comunidad-de-ruiz\" width=\"300\" height=\"200\" srcset=\"https:\/\/munisanjuansac.org\/msj\/wp-content\/uploads\/2016\/11\/2.-Jornada-de-Oftalmologia-Comunidad-de-Ruiz-300x200.jpg 300w, https:\/\/munisanjuansac.org\/msj\/wp-content\/uploads\/2016\/11\/2.-Jornada-de-Oftalmologia-Comunidad-de-Ruiz-768x512.jpg 768w, https:\/\/munisanjuansac.org\/msj\/wp-content\/uploads\/2016\/11\/2.-Jornada-de-Oftalmologia-Comunidad-de-Ruiz-1024x683.jpg 1024w, https:\/\/munisanjuansac.org\/msj\/wp-content\/uploads\/2016\/11\/2.-Jornada-de-Oftalmologia-Comunidad-de-Ruiz-272x182.jpg 272w\" sizes=\"(max-width: 300px) 100vw, 300px\" \/> <img decoding=\"async\" class=\"alignnone size-medium wp-image-115\" src=\"https:\/\/munisanjuansac.org\/msj\/wp-content\/uploads\/2016\/11\/1.-Jornada-de-Oftalmologia-Comunidad-de-Ruiz-300x200.jpg\" alt=\"1-jornada-de-oftalmologia-comunidad-de-ruiz\" width=\"300\" height=\"200\" srcset=\"https:\/\/munisanjuansac.org\/msj\/wp-content\/uploads\/2016\/11\/1.-Jornada-de-Oftalmologia-Comunidad-de-Ruiz-300x200.jpg 300w, https:\/\/munisanjuansac.org\/msj\/wp-content\/uploads\/2016\/11\/1.-Jornada-de-Oftalmologia-Comunidad-de-Ruiz-768x512.jpg 768w, https:\/\/munisanjuansac.org\/msj\/wp-content\/uploads\/2016\/11\/1.-Jornada-de-Oftalmologia-Comunidad-de-Ruiz-1024x683.jpg 1024w, https:\/\/munisanjuansac.org\/msj\/wp-content\/uploads\/2016\/11\/1.-Jornada-de-Oftalmologia-Comunidad-de-Ruiz-272x182.jpg 272w\" sizes=\"(max-width: 300px) 100vw, 300px\" \/><\/p>\n","protected":false},"excerpt":{"rendered":"<p>El pasado s\u00e1bado 19 de Noviembre se realizo en el Albergue San Gabriel, en la Aldea Comunidad de Ruiz, una jornada gratuita de oftalmolog\u00eda, en la que se conto con&hellip;<\/p>\n","protected":false},"author":1,"featured_media":117,"comment_status":"closed","ping_status":"open","sticky":false,"template":"","format":"standard","meta":{"footnotes":""},"categories":[17],"tags":[],"class_list":["post-114","post","type-post","status-publish","format-standard","has-post-thumbnail","hentry","category-noticias"],"yoast_head":"<!-- This site is optimized with the Yoast SEO plugin v22.0 - https:\/\/yoast.com\/wordpress\/plugins\/seo\/ -->\n<title>Jornada Oftalmol\u00f3gica en Aldea Comunidad de Ruiz - Municipalidad de San Juan Sacatep\u00e9quez<\/title>\n<meta name=\"robots\" content=\"index, follow, max-snippet:-1, max-image-preview:large, max-video-preview:-1\" \/>\n<link rel=\"canonical\" href=\"https:\/\/munisanjuansac.org\/msj\/jornada-oftalmologica-comunidad-de-ruiz\/\" \/>\n<meta property=\"og:locale\" content=\"es_ES\" \/>\n<meta property=\"og:type\" content=\"article\" \/>\n<meta property=\"og:title\" content=\"Jornada Oftalmol\u00f3gica en Aldea Comunidad de Ruiz - Municipalidad de San Juan Sacatep\u00e9quez\" \/>\n<meta property=\"og:description\" content=\"El pasado s\u00e1bado 19 de Noviembre se realizo en el Albergue San Gabriel, en la Aldea Comunidad de Ruiz, una jornada gratuita de oftalmolog\u00eda, en la que se conto con&hellip;\" \/>\n<meta property=\"og:url\" content=\"https:\/\/munisanjuansac.org\/msj\/jornada-oftalmologica-comunidad-de-ruiz\/\" \/>\n<meta property=\"og:site_name\" content=\"Municipalidad de San Juan Sacatep\u00e9quez\" \/>\n<meta property=\"article:publisher\" content=\"https:\/\/www.facebook.com\/MunicipalidadSanJuanSacatepequez\" \/>\n<meta property=\"article:published_time\" content=\"2016-11-21T15:18:40+00:00\" \/>\n<meta property=\"article:modified_time\" content=\"2016-11-23T04:10:47+00:00\" \/>\n<meta property=\"og:image\" content=\"https:\/\/munisanjuansac.org\/msj\/wp-content\/uploads\/2016\/11\/3.-Jornada-de-Oftalmologia-Comunidad-de-Ruiz.jpg\" \/>\n\t<meta property=\"og:image:width\" content=\"4272\" \/>\n\t<meta property=\"og:image:height\" content=\"2848\" \/>\n\t<meta property=\"og:image:type\" content=\"image\/jpeg\" \/>\n<meta name=\"author\" content=\"wpmunisanj\" \/>\n<meta name=\"twitter:card\" content=\"summary_large_image\" \/>\n<meta name=\"twitter:creator\" content=\"@SanJuanSacatep1\" \/>\n<meta name=\"twitter:site\" content=\"@SanJuanSacatep1\" \/>\n<meta name=\"twitter:label1\" content=\"Escrito por\" \/>\n\t<meta name=\"twitter:data1\" content=\"wpmunisanj\" \/>\n\t<meta name=\"twitter:label2\" content=\"Tiempo de lectura\" \/>\n\t<meta name=\"twitter:data2\" content=\"1 minuto\" \/>\n<script type=\"application\/ld+json\" class=\"yoast-schema-graph\">{\"@context\":\"https:\/\/schema.org\",\"@graph\":[{\"@type\":\"Article\",\"@id\":\"https:\/\/munisanjuansac.org\/msj\/jornada-oftalmologica-comunidad-de-ruiz\/#article\",\"isPartOf\":{\"@id\":\"https:\/\/munisanjuansac.org\/msj\/jornada-oftalmologica-comunidad-de-ruiz\/\"},\"author\":{\"name\":\"wpmunisanj\",\"@id\":\"https:\/\/munisanjuansac.org\/msj\/#\/schema\/person\/3dbd80d788cab1303a54b46e4399e241\"},\"headline\":\"Jornada Oftalmol\u00f3gica en Aldea Comunidad de Ruiz\",\"datePublished\":\"2016-11-21T15:18:40+00:00\",\"dateModified\":\"2016-11-23T04:10:47+00:00\",\"mainEntityOfPage\":{\"@id\":\"https:\/\/munisanjuansac.org\/msj\/jornada-oftalmologica-comunidad-de-ruiz\/\"},\"wordCount\":271,\"publisher\":{\"@id\":\"https:\/\/munisanjuansac.org\/msj\/#organization\"},\"articleSection\":[\"CURSOS Y TALLERES\"],\"inLanguage\":\"es\"},{\"@type\":\"WebPage\",\"@id\":\"https:\/\/munisanjuansac.org\/msj\/jornada-oftalmologica-comunidad-de-ruiz\/\",\"url\":\"https:\/\/munisanjuansac.org\/msj\/jornada-oftalmologica-comunidad-de-ruiz\/\",\"name\":\"Jornada Oftalmol\u00f3gica en Aldea Comunidad de Ruiz - Municipalidad de San Juan Sacatep\u00e9quez\",\"isPartOf\":{\"@id\":\"https:\/\/munisanjuansac.org\/msj\/#website\"},\"datePublished\":\"2016-11-21T15:18:40+00:00\",\"dateModified\":\"2016-11-23T04:10:47+00:00\",\"breadcrumb\":{\"@id\":\"https:\/\/munisanjuansac.org\/msj\/jornada-oftalmologica-comunidad-de-ruiz\/#breadcrumb\"},\"inLanguage\":\"es\",\"potentialAction\":[{\"@type\":\"ReadAction\",\"target\":[\"https:\/\/munisanjuansac.org\/msj\/jornada-oftalmologica-comunidad-de-ruiz\/\"]}]},{\"@type\":\"BreadcrumbList\",\"@id\":\"https:\/\/munisanjuansac.org\/msj\/jornada-oftalmologica-comunidad-de-ruiz\/#breadcrumb\",\"itemListElement\":[{\"@type\":\"ListItem\",\"position\":1,\"name\":\"Portada\",\"item\":\"https:\/\/munisanjuansac.org\/msj\/\"},{\"@type\":\"ListItem\",\"position\":2,\"name\":\"Jornada Oftalmol\u00f3gica en Aldea Comunidad de Ruiz\"}]},{\"@type\":\"WebSite\",\"@id\":\"https:\/\/munisanjuansac.org\/msj\/#website\",\"url\":\"https:\/\/munisanjuansac.org\/msj\/\",\"name\":\"Municipalidad de San Juan Sacatep\u00e9quez\",\"description\":\"\",\"publisher\":{\"@id\":\"https:\/\/munisanjuansac.org\/msj\/#organization\"},\"potentialAction\":[{\"@type\":\"SearchAction\",\"target\":{\"@type\":\"EntryPoint\",\"urlTemplate\":\"https:\/\/munisanjuansac.org\/msj\/?s={search_term_string}\"},\"query-input\":\"required name=search_term_string\"}],\"inLanguage\":\"es\"},{\"@type\":\"Organization\",\"@id\":\"https:\/\/munisanjuansac.org\/msj\/#organization\",\"name\":\"Municipalidad de San Juan Sacatep\u00e9quez\",\"url\":\"https:\/\/munisanjuansac.org\/msj\/\",\"logo\":{\"@type\":\"ImageObject\",\"inLanguage\":\"es\",\"@id\":\"https:\/\/munisanjuansac.org\/msj\/#\/schema\/logo\/image\/\",\"url\":\"https:\/\/munisanjuansac.org\/msj\/wp-content\/uploads\/2023\/11\/LOGO-45-DE-ANCHO-POR-50-DE-ALTO-DERECHO-E-IZQUIERDO-921x1024.png\",\"contentUrl\":\"https:\/\/munisanjuansac.org\/msj\/wp-content\/uploads\/2023\/11\/LOGO-45-DE-ANCHO-POR-50-DE-ALTO-DERECHO-E-IZQUIERDO-921x1024.png\",\"width\":921,\"height\":1024,\"caption\":\"Municipalidad de San Juan Sacatep\u00e9quez\"},\"image\":{\"@id\":\"https:\/\/munisanjuansac.org\/msj\/#\/schema\/logo\/image\/\"},\"sameAs\":[\"https:\/\/www.facebook.com\/MunicipalidadSanJuanSacatepequez\",\"https:\/\/twitter.com\/SanJuanSacatep1\",\"https:\/\/www.youtube.com\/@municipalidadsanjuansacate2849\/videos\",\"https:\/\/www.tiktok.com\/@munisanjuansac?lang=es\",\"https:\/\/www.tiktok.com\/@jc_pellecer?lang=es\"]},{\"@type\":\"Person\",\"@id\":\"https:\/\/munisanjuansac.org\/msj\/#\/schema\/person\/3dbd80d788cab1303a54b46e4399e241\",\"name\":\"wpmunisanj\",\"image\":{\"@type\":\"ImageObject\",\"inLanguage\":\"es\",\"@id\":\"https:\/\/munisanjuansac.org\/msj\/#\/schema\/person\/image\/\",\"url\":\"https:\/\/secure.gravatar.com\/avatar\/88e003d6973f13207bb665a46805695a95cd03126642904f376105f4ae40c297?s=96&d=mm&r=g\",\"contentUrl\":\"https:\/\/secure.gravatar.com\/avatar\/88e003d6973f13207bb665a46805695a95cd03126642904f376105f4ae40c297?s=96&d=mm&r=g\",\"caption\":\"wpmunisanj\"},\"url\":\"https:\/\/munisanjuansac.org\/msj\/author\/wpmunisanj\/\"}]}<\/script>\n<!-- \/ Yoast SEO plugin. -->","yoast_head_json":{"title":"Jornada Oftalmol\u00f3gica en Aldea Comunidad de Ruiz - Municipalidad de San Juan Sacatep\u00e9quez","robots":{"index":"index","follow":"follow","max-snippet":"max-snippet:-1","max-image-preview":"max-image-preview:large","max-video-preview":"max-video-preview:-1"},"canonical":"https:\/\/munisanjuansac.org\/msj\/jornada-oftalmologica-comunidad-de-ruiz\/","og_locale":"es_ES","og_type":"article","og_title":"Jornada Oftalmol\u00f3gica en Aldea Comunidad de Ruiz - Municipalidad de San Juan Sacatep\u00e9quez","og_description":"El pasado s\u00e1bado 19 de Noviembre se realizo en el Albergue San Gabriel, en la Aldea Comunidad de Ruiz, una jornada gratuita de oftalmolog\u00eda, en la que se conto con&hellip;","og_url":"https:\/\/munisanjuansac.org\/msj\/jornada-oftalmologica-comunidad-de-ruiz\/","og_site_name":"Municipalidad de San Juan Sacatep\u00e9quez","article_publisher":"https:\/\/www.facebook.com\/MunicipalidadSanJuanSacatepequez","article_published_time":"2016-11-21T15:18:40+00:00","article_modified_time":"2016-11-23T04:10:47+00:00","og_image":[{"width":4272,"height":2848,"url":"https:\/\/munisanjuansac.org\/msj\/wp-content\/uploads\/2016\/11\/3.-Jornada-de-Oftalmologia-Comunidad-de-Ruiz.jpg","type":"image\/jpeg"}],"author":"wpmunisanj","twitter_card":"summary_large_image","twitter_creator":"@SanJuanSacatep1","twitter_site":"@SanJuanSacatep1","twitter_misc":{"Escrito por":"wpmunisanj","Tiempo de lectura":"1 minuto"},"schema":{"@context":"https:\/\/schema.org","@graph":[{"@type":"Article","@id":"https:\/\/munisanjuansac.org\/msj\/jornada-oftalmologica-comunidad-de-ruiz\/#article","isPartOf":{"@id":"https:\/\/munisanjuansac.org\/msj\/jornada-oftalmologica-comunidad-de-ruiz\/"},"author":{"name":"wpmunisanj","@id":"https:\/\/munisanjuansac.org\/msj\/#\/schema\/person\/3dbd80d788cab1303a54b46e4399e241"},"headline":"Jornada Oftalmol\u00f3gica en Aldea Comunidad de Ruiz","datePublished":"2016-11-21T15:18:40+00:00","dateModified":"2016-11-23T04:10:47+00:00","mainEntityOfPage":{"@id":"https:\/\/munisanjuansac.org\/msj\/jornada-oftalmologica-comunidad-de-ruiz\/"},"wordCount":271,"publisher":{"@id":"https:\/\/munisanjuansac.org\/msj\/#organization"},"articleSection":["CURSOS Y TALLERES"],"inLanguage":"es"},{"@type":"WebPage","@id":"https:\/\/munisanjuansac.org\/msj\/jornada-oftalmologica-comunidad-de-ruiz\/","url":"https:\/\/munisanjuansac.org\/msj\/jornada-oftalmologica-comunidad-de-ruiz\/","name":"Jornada Oftalmol\u00f3gica en Aldea Comunidad de Ruiz - Municipalidad de San Juan Sacatep\u00e9quez","isPartOf":{"@id":"https:\/\/munisanjuansac.org\/msj\/#website"},"datePublished":"2016-11-21T15:18:40+00:00","dateModified":"2016-11-23T04:10:47+00:00","breadcrumb":{"@id":"https:\/\/munisanjuansac.org\/msj\/jornada-oftalmologica-comunidad-de-ruiz\/#breadcrumb"},"inLanguage":"es","potentialAction":[{"@type":"ReadAction","target":["https:\/\/munisanjuansac.org\/msj\/jornada-oftalmologica-comunidad-de-ruiz\/"]}]},{"@type":"BreadcrumbList","@id":"https:\/\/munisanjuansac.org\/msj\/jornada-oftalmologica-comunidad-de-ruiz\/#breadcrumb","itemListElement":[{"@type":"ListItem","position":1,"name":"Portada","item":"https:\/\/munisanjuansac.org\/msj\/"},{"@type":"ListItem","position":2,"name":"Jornada Oftalmol\u00f3gica en Aldea Comunidad de Ruiz"}]},{"@type":"WebSite","@id":"https:\/\/munisanjuansac.org\/msj\/#website","url":"https:\/\/munisanjuansac.org\/msj\/","name":"Municipalidad de San Juan Sacatep\u00e9quez","description":"","publisher":{"@id":"https:\/\/munisanjuansac.org\/msj\/#organization"},"potentialAction":[{"@type":"SearchAction","target":{"@type":"EntryPoint","urlTemplate":"https:\/\/munisanjuansac.org\/msj\/?s={search_term_string}"},"query-input":"required name=search_term_string"}],"inLanguage":"es"},{"@type":"Organization","@id":"https:\/\/munisanjuansac.org\/msj\/#organization","name":"Municipalidad de San Juan Sacatep\u00e9quez","url":"https:\/\/munisanjuansac.org\/msj\/","logo":{"@type":"ImageObject","inLanguage":"es","@id":"https:\/\/munisanjuansac.org\/msj\/#\/schema\/logo\/image\/","url":"https:\/\/munisanjuansac.org\/msj\/wp-content\/uploads\/2023\/11\/LOGO-45-DE-ANCHO-POR-50-DE-ALTO-DERECHO-E-IZQUIERDO-921x1024.png","contentUrl":"https:\/\/munisanjuansac.org\/msj\/wp-content\/uploads\/2023\/11\/LOGO-45-DE-ANCHO-POR-50-DE-ALTO-DERECHO-E-IZQUIERDO-921x1024.png","width":921,"height":1024,"caption":"Municipalidad de San Juan Sacatep\u00e9quez"},"image":{"@id":"https:\/\/munisanjuansac.org\/msj\/#\/schema\/logo\/image\/"},"sameAs":["https:\/\/www.facebook.com\/MunicipalidadSanJuanSacatepequez","https:\/\/twitter.com\/SanJuanSacatep1","https:\/\/www.youtube.com\/@municipalidadsanjuansacate2849\/videos","https:\/\/www.tiktok.com\/@munisanjuansac?lang=es","https:\/\/www.tiktok.com\/@jc_pellecer?lang=es"]},{"@type":"Person","@id":"https:\/\/munisanjuansac.org\/msj\/#\/schema\/person\/3dbd80d788cab1303a54b46e4399e241","name":"wpmunisanj","image":{"@type":"ImageObject","inLanguage":"es","@id":"https:\/\/munisanjuansac.org\/msj\/#\/schema\/person\/image\/","url":"https:\/\/secure.gravatar.com\/avatar\/88e003d6973f13207bb665a46805695a95cd03126642904f376105f4ae40c297?s=96&d=mm&r=g","contentUrl":"https:\/\/secure.gravatar.com\/avatar\/88e003d6973f13207bb665a46805695a95cd03126642904f376105f4ae40c297?s=96&d=mm&r=g","caption":"wpmunisanj"},"url":"https:\/\/munisanjuansac.org\/msj\/author\/wpmunisanj\/"}]}},"_links":{"self":[{"href":"https:\/\/munisanjuansac.org\/msj\/wp-json\/wp\/v2\/posts\/114","targetHints":{"allow":["GET"]}}],"collection":[{"href":"https:\/\/munisanjuansac.org\/msj\/wp-json\/wp\/v2\/posts"}],"about":[{"href":"https:\/\/munisanjuansac.org\/msj\/wp-json\/wp\/v2\/types\/post"}],"author":[{"embeddable":true,"href":"https:\/\/munisanjuansac.org\/msj\/wp-json\/wp\/v2\/users\/1"}],"replies":[{"embeddable":true,"href":"https:\/\/munisanjuansac.org\/msj\/wp-json\/wp\/v2\/comments?post=114"}],"version-history":[{"count":2,"href":"https:\/\/munisanjuansac.org\/msj\/wp-json\/wp\/v2\/posts\/114\/revisions"}],"predecessor-version":[{"id":119,"href":"https:\/\/munisanjuansac.org\/msj\/wp-json\/wp\/v2\/posts\/114\/revisions\/119"}],"wp:featuredmedia":[{"embeddable":true,"href":"https:\/\/munisanjuansac.org\/msj\/wp-json\/wp\/v2\/media\/117"}],"wp:attachment":[{"href":"https:\/\/munisanjuansac.org\/msj\/wp-json\/wp\/v2\/media?parent=114"}],"wp:term":[{"taxonomy":"category","embeddable":true,"href":"https:\/\/munisanjuansac.org\/msj\/wp-json\/wp\/v2\/categories?post=114"},{"taxonomy":"post_tag","embeddable":true,"href":"https:\/\/munisanjuansac.org\/msj\/wp-json\/wp\/v2\/tags?post=114"}],"curies":[{"name":"wp","href":"https:\/\/api.w.org\/{rel}","templated":true}]}}